{"id":39427,"date":"2025-01-13T08:55:07","date_gmt":"2025-01-13T06:55:07","guid":{"rendered":"https:\/\/edublog.educastur.es\/ixuxu\/?p=39427"},"modified":"2025-01-13T14:39:57","modified_gmt":"2025-01-13T12:39:57","slug":"39427","status":"publish","type":"post","link":"https:\/\/edublog.educastur.es\/ixuxu\/2025\/01\/39427\/","title":{"rendered":"Luna Llena, lluna del llobu"},"content":{"rendered":"<p style=\"text-align: center\">\n<!-- iframe plugin v.6.0 wordpress.org\/plugins\/iframe\/ -->\n<iframe loading=\"lazy\" src=\"https:\/\/www.facebook.com\/plugins\/post.php?href=https%3A%2F%2Fwww.facebook.com%2Fphoto%2F%3Ffbid%3D930041495898744%26set%3Da.425985976304301&#038;show_text=false&#038;width=500\" width=\"500\" height=\"385\" style=\"border:none;overflow:hidden\" scrolling=\"no\" frameborder=\"0\" allowfullscreen=\"true\" allow=\"autoplay; clipboard-write; encrypted-media; picture-in-picture; web-share\" 0=\"\/iframe\" class=\"iframe-class\"><\/iframe>\n<\/p>\n<p>La primer lluna llena de 2025, conocida como la Lluna del Llobu, llega esti llunes, 13 de xineru. Marca un brillosu empiezu del nuevu a\u00f1u col primer plenilluniu del a\u00f1u. Va Tener llugar a partir de les 23:27 hores, hora peninsular espa\u00f1ola , ( 22:27 GMT) na constelaci\u00f3n de C\u00e1ncer, tal que indica l<strong>&#8216;Institutu Xeogr\u00e1ficu Nacional<\/strong> na so axenda astron\u00f3mica para l&#8217;a\u00f1u 2025.<\/p>\n<ul>\n<li class=\"html-h2 x11i5rnm xat24cr x1mh8g0r xexx8yu x4uap5 x18d9i69 xkhd6sd x1vvkbs x1heor9g x1qlqyl8 x1pd3egz x1a2a7pz x1gslohp\"><span class=\"x193iq5w xeuugli x13faqbe x1vvkbs x1xmvt09 x1f6kntn xvq8zen xo1l8bm xi81zsa\"><span class=\"xt0psk2\"><a class=\"x1i10hfl xjbqb8w x1ejq31n xd10rxx x1sy0etr x17r0tee x972fbf xcfux6l x1qhh985 xm0m39n x9f619 x1ypdohk xt0psk2 xe8uvvx xdj266r x11i5rnm xat24cr x1mh8g0r xexx8yu x4uap5 x18d9i69 xkhd6sd x16tdsg8 x1hl2dhg xggy1nq x1a2a7pz x1sur9pj xkrqix3 xzsf02u x1s688f\" role=\"link\" href=\"https:\/\/www.facebook.com\/LunaTotal?__cft__[0]=AZV96g6F6uD6ntPCeDzPSfRGE6j5p1xXYatZIt7uJqNKHqQxkeHEdXpUBPhXPgvyTZp0q0o8pV8uYjwbUPqavksGUcfM2fALkGr8qPGe4DOMtIB1LQGHHGS3JQ8K5S0QIEvCDF7VJr_M96S7qItyCnyxVHeIOusOdsBWSEdAbFsrWqaI3GFVE753ztWllbrBBT3Y3piIb5bxkdWtaeGJhAOr&amp;__tn__=-UC*F\">Luna Total<\/a><\/span><\/span>\/<a href=\"https:\/\/www.eltiempo.es\/noticias\/luna-llena-de-enero-2025-guia-completa-para-disfrutar-del-esplendor-de-la-luna-del-lobo?fbclid=IwZXh0bgNhZW0CMTEAAR2MpYmT4QNvkcNyIvJ14NOfWPJBxjRRmOXjFGY2vkurLyDXJnA70w6lRHg_aem_L-zBeqlRob5-xZk8-6ZCuw\"> El tiempo.es<\/a> \/<\/li>\n<li>\n<div class=\"x11i5rnm xat24cr x1mh8g0r x1vvkbs xtlvy1s x126k92a\">\n<div dir=\"auto\"><span class=\"html-span xdj266r x11i5rnm xat24cr x1mh8g0r xexx8yu x4uap5 x18d9i69 xkhd6sd x1hl2dhg x16tdsg8 x1vvkbs\"><a class=\"x1i10hfl xjbqb8w x1ejq31n xd10rxx x1sy0etr x17r0tee x972fbf xcfux6l x1qhh985 xm0m39n x9f619 x1ypdohk xt0psk2 xe8uvvx xdj266r x11i5rnm xat24cr x1mh8g0r xexx8yu x4uap5 x18d9i69 xkhd6sd x16tdsg8 x1hl2dhg xggy1nq x1a2a7pz x1sur9pj xkrqix3 x1fey0fg x1s688f\" role=\"link\" href=\"https:\/\/okdiario.com\/sociedad\/llega-primera-luna-llena-del-2025-cuando-ver-luna-del-lobo-que-llama-asi-14104481?fbclid=IwZXh0bgNhZW0CMTAAAR2Q7CFncPxv-qocnc5iYkJw8syO9iRi7-UYSKpq_tZfi-eEDqIc_8KThvY_aem_NQUeXJmuk800CN4QjnjaSQ\" target=\"_blank\" rel=\"nofollow noopener\">https:\/\/okdiario.com\/&#8230;\/llega-primera-luna-llena-del&#8230;<\/a><\/span><\/div>\n<\/div>\n<div dir=\"auto\"><\/div>\n<\/li>\n<\/ul>\n<p><!--more--><\/p>\n<p><strong>\u00bfCu\u00e1ndo va ser la Lluna de Llobu en 2025?<\/strong><br \/>\nLa <strong>Lluna del Llobu va llegar el 13 de xineru de 2025, a les 23:27 hores na pen\u00ednsula Ib\u00e9rica, seg\u00fan la NASA<\/strong>. La lluna va apaecer llena mientres unos tr\u00e9s d\u00edes, dende&#8217;l domingu pela nueche hasta&#8217;l mi\u00e9rcoles pela ma\u00f1ana. Ye ciertu que los llobos a\u00fallen a la lluna. Pero, nesti casu, la lluna recibe esti nome porque s&#8217;escucha que los llobos son animales nocherniegos, polo que suelen ser m\u00e1s activos de nueche. Los llobos tampoco a\u00fallen porque tengan fame, en contra de la creencia popular. Seg\u00fan l&#8217;almanaque Old Farmer, les aull\u00edes y otres vocalizaciones de los llobos \u00f3yense pel hibiernu para alcontrar a los miembros de la menada, reforzar los llazos sociales, definir el territoriu y coordinar la caza.<\/p>\n<p><strong>\u00bfPor qu\u00e9 ll\u00e1mase Lluna de Llobu? <\/strong>L&#8217;Old Farmer\u2019s Almanac empez\u00f3 a publicar los nomes de les llunes llenes na d\u00e9cada de 1930. Rexistr\u00f3 que la Lluna llena de xineru \u00abaport\u00f3 a conocida como la Lluna del Llobu porque yera m\u00e1s probable oyer a los llobos agullando nesi momentu\u00bb, seg\u00fan puede lleese nesti calendariu.<\/p>\n<p>&nbsp;<\/p>\n","protected":false},"excerpt":{"rendered":"<p>La primer lluna llena de 2025, conocida como la Lluna del Llobu, llega esti llunes, 13 de xineru. Marca un brillosu empiezu del nuevu a\u00f1u col primer plenilluniu del a\u00f1u. Va Tener llugar a partir de les 23:27 hores, hora peninsular espa\u00f1ola , ( 22:27 GMT) na constelaci\u00f3n de C\u00e1ncer, tal que indica l&#8216;Institutu Xeogr\u00e1ficu [&hellip;]<\/p>\n","protected":false},"author":117,"featured_media":0,"comment_status":"open","ping_status":"open","sticky":false,"template":"","format":"standard","meta":{"footnotes":""},"categories":[223],"tags":[],"class_list":["post-39427","post","type-post","status-publish","format-standard","hentry","category-astronomia"],"_links":{"self":[{"href":"https:\/\/edublog.educastur.es\/ixuxu\/wp-json\/wp\/v2\/posts\/39427","targetHints":{"allow":["GET"]}}],"collection":[{"href":"https:\/\/edublog.educastur.es\/ixuxu\/wp-json\/wp\/v2\/posts"}],"about":[{"href":"https:\/\/edublog.educastur.es\/ixuxu\/wp-json\/wp\/v2\/types\/post"}],"author":[{"embeddable":true,"href":"https:\/\/edublog.educastur.es\/ixuxu\/wp-json\/wp\/v2\/users\/117"}],"replies":[{"embeddable":true,"href":"https:\/\/edublog.educastur.es\/ixuxu\/wp-json\/wp\/v2\/comments?post=39427"}],"version-history":[{"count":5,"href":"https:\/\/edublog.educastur.es\/ixuxu\/wp-json\/wp\/v2\/posts\/39427\/revisions"}],"predecessor-version":[{"id":39947,"href":"https:\/\/edublog.educastur.es\/ixuxu\/wp-json\/wp\/v2\/posts\/39427\/revisions\/39947"}],"wp:attachment":[{"href":"https:\/\/edublog.educastur.es\/ixuxu\/wp-json\/wp\/v2\/media?parent=39427"}],"wp:term":[{"taxonomy":"category","embeddable":true,"href":"https:\/\/edublog.educastur.es\/ixuxu\/wp-json\/wp\/v2\/categories?post=39427"},{"taxonomy":"post_tag","embeddable":true,"href":"https:\/\/edublog.educastur.es\/ixuxu\/wp-json\/wp\/v2\/tags?post=39427"}],"curies":[{"name":"wp","href":"https:\/\/api.w.org\/{rel}","templated":true}]}}