{"id":39448,"date":"2025-01-04T10:00:04","date_gmt":"2025-01-04T08:00:04","guid":{"rendered":"https:\/\/edublog.educastur.es\/ixuxu\/?p=39448"},"modified":"2025-01-05T12:18:29","modified_gmt":"2025-01-05T10:18:29","slug":"dia-mundial-del-braille-2","status":"publish","type":"post","link":"https:\/\/edublog.educastur.es\/ixuxu\/2025\/01\/dia-mundial-del-braille-2\/","title":{"rendered":"D\u00eda Mundial del Braille"},"content":{"rendered":"<p>El 4 de xineru celebra&#8217;l <strong>D\u00eda Mundial del Braille<\/strong> col enfotu de crear mayor conciencia sobro la importancia d&#8217;esti sistema de llectura y escritura t\u00e1ctil pens\u00e1u pa persones ciegues como mediu de comunicaci\u00f3n y proclamar el derechu a la llectura de toos. Esto ye por cuenta de que el 4 de xineru de 1809 naci\u00f3 <strong>Louis Braille<\/strong>, profesor d&#8217;invidentes franc\u00e9s, ceador del sistema d&#8217;escritura Braille pa ciegos o persones con discapacid\u00e1 visual.<\/p>\n<p style=\"text-align: center\"><a href=\"https:\/\/media.licdn.com\/dms\/image\/v2\/D4D12AQH5i-QKqBuGmQ\/article-cover_image-shrink_720_1280\/article-cover_image-shrink_720_1280\/0\/1701394832608?e=2147483647&amp;v=beta&amp;t=MtEXSVAVQFdYeQK2wH8Ypj5VlJS8mXybwtnxdsgbyvQ\"><img loading=\"lazy\" decoding=\"async\" class=\"aligncenter size-large\" src=\"https:\/\/media.licdn.com\/dms\/image\/v2\/D4D12AQH5i-QKqBuGmQ\/article-cover_image-shrink_720_1280\/article-cover_image-shrink_720_1280\/0\/1701394832608?e=2147483647&amp;v=beta&amp;t=MtEXSVAVQFdYeQK2wH8Ypj5VlJS8mXybwtnxdsgbyvQ\" width=\"1280\" height=\"720\" \/><\/a><\/p>\n<ul>\n<li><strong>Louis Braille: <\/strong><a href=\"https:\/\/es.wikipedia.org\/wiki\/Louis_Braille\">wiki<\/a><strong> \/ <a href=\"https:\/\/es.linkedin.com\/pulse\/louis-braille-el-hombre-que-sac%C3%B3-los-invidentes-de-fern%C3%A1ndez-amil-ryfgf\">art\u00edculo<\/a><br \/>\n<\/strong><\/li>\n<\/ul>\n<p><!--more--><\/p>\n<div class=\"html-div xdj266r x11i5rnm xat24cr x1mh8g0r xexx8yu x4uap5 x18d9i69 xkhd6sd x1iyjqo2\">\n<div class=\"x78zum5 xdt5ytf xz62fqu x16ldp7u\">\n<div class=\"xu06os2 x1ok221b\">\n<div class=\"html-div xdj266r x11i5rnm xat24cr x1mh8g0r xexx8yu x4uap5 x18d9i69 xkhd6sd\" data-ad-rendering-role=\"profile_name\">\n<ul>\n<li id=\":r40:\" class=\"html-h4 x11i5rnm xat24cr x1mh8g0r xexx8yu x4uap5 x18d9i69 xkhd6sd x1vvkbs x1heor9g x1qlqyl8 x1pd3egz x1a2a7pz x1gslohp x1yc453h\"><span class=\"xt0psk2\"><a class=\"x1i10hfl xjbqb8w x1ejq31n xd10rxx x1sy0etr x17r0tee x972fbf xcfux6l x1qhh985 xm0m39n x9f619 x1ypdohk xt0psk2 xe8uvvx xdj266r x11i5rnm xat24cr x1mh8g0r xexx8yu x4uap5 x18d9i69 xkhd6sd x16tdsg8 x1hl2dhg xggy1nq x1a2a7pz x1sur9pj xkrqix3 xzsf02u x1s688f\" role=\"link\" href=\"https:\/\/www.facebook.com\/RAE?__cft__[0]=AZU3umd8x9PfzogjGUjqmoicG-2KLs65byWbQigOBIN0-X6APZ6a2xR0lZZbn0fAoTrvXlTZIhvYRpm78SpC5xPbhC3VGrhbV2yM3pIGd_6n78r4-gmn1VFocrWuZcsBKoaFKE35zU_ZPs3kElAJrCpRbXeGh3cujral-mKL5dDThZ8mSulk809LEZD5BEa1qclS78qHKnkna1bAZxLavVMrQqnQLZzylV7W_qxRhoHaEbF2qeabQ3iLP9yKI7G4x04&amp;__tn__=-UC%2CP-R\"><strong class=\"html-strong xdj266r x11i5rnm xat24cr x1mh8g0r xexx8yu x4uap5 x18d9i69 xkhd6sd x1hl2dhg x16tdsg8 x1vvkbs x1s688f\"><span class=\"html-span xdj266r x11i5rnm xat24cr x1mh8g0r xexx8yu x4uap5 x18d9i69 xkhd6sd x1hl2dhg x16tdsg8 x1vvkbs\">Real Academia Espa\u00f1ola<\/span><\/strong><\/a><\/span><span class=\"html-span xdj266r x11i5rnm xat24cr x1mh8g0r xexx8yu x4uap5 x18d9i69 xkhd6sd x1hl2dhg x16tdsg8 x1vvkbs x1dor1uw x1n2onr6\">\u00a0<\/span><\/li>\n<\/ul>\n<\/div>\n<\/div>\n<\/div>\n<\/div>\n<div class=\"xu06os2 x1ok221b\">\n<div class=\"html-div xdj266r x11i5rnm xat24cr x1mh8g0r xexx8yu x4uap5 x18d9i69 xkhd6sd\" data-ad-rendering-role=\"profile_name\"><\/div>\n<\/div>\n<div style=\"text-align: center\">\n<!-- iframe plugin v.6.0 wordpress.org\/plugins\/iframe\/ -->\n<iframe loading=\"lazy\" src=\"https:\/\/www.facebook.com\/plugins\/post.php?href=https%3A%2F%2Fwww.facebook.com%2FRAE%2Fposts%2Fpfbid02GZzznP6RjYkTrq1Bhmzqns75didnMxqcgkHYJf2BPHzcPpyx3w1MJjnX4v36YHQal&#038;show_text=false&#038;width=500\" width=\"500\" height=\"419\" style=\"border:none;overflow:hidden\" scrolling=\"no\" frameborder=\"0\" allowfullscreen=\"true\" allow=\"autoplay; clipboard-write; encrypted-media; picture-in-picture; web-share\" 0=\"\/iframe\" class=\"iframe-class\"><\/iframe>\n<\/div>\n<div><\/div>\n<div class=\"html-div xdj266r x11i5rnm xat24cr x1mh8g0r xexx8yu x4uap5 x18d9i69 xkhd6sd\" dir=\"auto\">\n<div class=\"html-div xdj266r x11i5rnm xat24cr x1mh8g0r xexx8yu x4uap5 x18d9i69 xkhd6sd\" data-ad-rendering-role=\"story_message\">\n<div id=\":r42:\" class=\"x1l90r2v x1iorvi4 x1ye3gou xn6708d\" data-ad-comet-preview=\"message\" data-ad-preview=\"message\">\n<div class=\"x78zum5 xdt5ytf xz62fqu x16ldp7u\">\n<div class=\"xu06os2 x1ok221b\">\n<div class=\"xdj266r x11i5rnm xat24cr x1mh8g0r x1vvkbs x126k92a\">\n<div dir=\"auto\"><span class=\"html-span xdj266r x11i5rnm xat24cr x1mh8g0r xexx8yu x4uap5 x18d9i69 xkhd6sd x1hl2dhg x16tdsg8 x1vvkbs\"><a class=\"x1i10hfl xjbqb8w x1ejq31n xd10rxx x1sy0etr x17r0tee x972fbf xcfux6l x1qhh985 xm0m39n x9f619 x1ypdohk xt0psk2 xe8uvvx xdj266r x11i5rnm xat24cr x1mh8g0r xexx8yu x4uap5 x18d9i69 xkhd6sd x16tdsg8 x1hl2dhg xggy1nq x1a2a7pz x1sur9pj xkrqix3 x1fey0fg x1s688f\" role=\"link\" href=\"https:\/\/www.facebook.com\/hashtag\/d%C3%ADamundialdelbraille?__eep__=6&amp;__cft__[0]=AZU3umd8x9PfzogjGUjqmoicG-2KLs65byWbQigOBIN0-X6APZ6a2xR0lZZbn0fAoTrvXlTZIhvYRpm78SpC5xPbhC3VGrhbV2yM3pIGd_6n78r4-gmn1VFocrWuZcsBKoaFKE35zU_ZPs3kElAJrCpRbXeGh3cujral-mKL5dDThZ8mSulk809LEZD5BEa1qclS78qHKnkna1bAZxLavVMrQqnQLZzylV7W_qxRhoHaEbF2qeabQ3iLP9yKI7G4x04&amp;__tn__=*NK-R\">#D\u00edaMundialDelBraille<\/a><\/span> | En espa\u00f1ol, el nombre de este sistema de escritura \u2014que procede del apellido de su inventor, el franc\u00e9s Louis Braille\u2014 se puede adaptar como \u00abbraille\u00bb o, seg\u00fan la pronunciaci\u00f3n normal en Am\u00e9rica, \u00abbraile\u00bb: <span class=\"html-span xdj266r x11i5rnm xat24cr x1mh8g0r xexx8yu x4uap5 x18d9i69 xkhd6sd x1hl2dhg x16tdsg8 x1vvkbs\"><a class=\"x1i10hfl xjbqb8w x1ejq31n xd10rxx x1sy0etr x17r0tee x972fbf xcfux6l x1qhh985 xm0m39n x9f619 x1ypdohk xt0psk2 xe8uvvx xdj266r x11i5rnm xat24cr x1mh8g0r xexx8yu x4uap5 x18d9i69 xkhd6sd x16tdsg8 x1hl2dhg xggy1nq x1a2a7pz x1sur9pj xkrqix3 x1fey0fg x1s688f\" role=\"link\" href=\"https:\/\/www.rae.es\/dpd\/braille?fbclid=IwZXh0bgNhZW0CMTAAAR0VZ4B1ugJRW3En3uDoE7BkRTXuijBVyQzUrEkFxiZm0rOqNduIxx0ZWmw_aem_w8O9jSxhPX6kF7HCfh3f-w\" target=\"_blank\" rel=\"nofollow noopener noreferrer\">https:\/\/www.rae.es\/dpd\/braille<\/a><\/span>.<\/div>\n<\/div>\n<\/div>\n<\/div>\n<\/div>\n<\/div>\n<\/div>\n<p style=\"text-align: center\">\n<!-- iframe plugin v.6.0 wordpress.org\/plugins\/iframe\/ -->\n<iframe loading=\"lazy\" width=\"100%\" height=\"423\" src=\"https:\/\/www.youtube.com\/embed\/v3G-goRIDAw\" title=\"BRAILLE, el lenguaje de los ciegos. Discapacitados visuales. Historia del Braille. Louis Braille.\" frameborder=\"0\" allow=\"accelerometer; autoplay; clipboard-write; encrypted-media; gyroscope; picture-in-picture; web-share\" referrerpolicy=\"strict-origin-when-cross-origin\" 0=\"allowfullscreen\" 1=\"\/iframe\" scrolling=\"yes\" class=\"iframe-class\"><\/iframe>\n<\/p>\n","protected":false},"excerpt":{"rendered":"<p>El 4 de xineru celebra&#8217;l D\u00eda Mundial del Braille col enfotu de crear mayor conciencia sobro la importancia d&#8217;esti sistema de llectura y escritura t\u00e1ctil pens\u00e1u pa persones ciegues como mediu de comunicaci\u00f3n y proclamar el derechu a la llectura de toos. Esto ye por cuenta de que el 4 de xineru de 1809 naci\u00f3 [&hellip;]<\/p>\n","protected":false},"author":117,"featured_media":0,"comment_status":"open","ping_status":"open","sticky":false,"template":"","format":"standard","meta":{"footnotes":""},"categories":[6],"tags":[],"class_list":["post-39448","post","type-post","status-publish","format-standard","hentry","category-dia-de"],"_links":{"self":[{"href":"https:\/\/edublog.educastur.es\/ixuxu\/wp-json\/wp\/v2\/posts\/39448","targetHints":{"allow":["GET"]}}],"collection":[{"href":"https:\/\/edublog.educastur.es\/ixuxu\/wp-json\/wp\/v2\/posts"}],"about":[{"href":"https:\/\/edublog.educastur.es\/ixuxu\/wp-json\/wp\/v2\/types\/post"}],"author":[{"embeddable":true,"href":"https:\/\/edublog.educastur.es\/ixuxu\/wp-json\/wp\/v2\/users\/117"}],"replies":[{"embeddable":true,"href":"https:\/\/edublog.educastur.es\/ixuxu\/wp-json\/wp\/v2\/comments?post=39448"}],"version-history":[{"count":9,"href":"https:\/\/edublog.educastur.es\/ixuxu\/wp-json\/wp\/v2\/posts\/39448\/revisions"}],"predecessor-version":[{"id":39474,"href":"https:\/\/edublog.educastur.es\/ixuxu\/wp-json\/wp\/v2\/posts\/39448\/revisions\/39474"}],"wp:attachment":[{"href":"https:\/\/edublog.educastur.es\/ixuxu\/wp-json\/wp\/v2\/media?parent=39448"}],"wp:term":[{"taxonomy":"category","embeddable":true,"href":"https:\/\/edublog.educastur.es\/ixuxu\/wp-json\/wp\/v2\/categories?post=39448"},{"taxonomy":"post_tag","embeddable":true,"href":"https:\/\/edublog.educastur.es\/ixuxu\/wp-json\/wp\/v2\/tags?post=39448"}],"curies":[{"name":"wp","href":"https:\/\/api.w.org\/{rel}","templated":true}]}}