{"id":39475,"date":"2025-01-05T12:00:07","date_gmt":"2025-01-05T10:00:07","guid":{"rendered":"https:\/\/edublog.educastur.es\/ixuxu\/?p=39475"},"modified":"2025-01-06T12:34:20","modified_gmt":"2025-01-06T10:34:20","slug":"el-floreu-ye-una-de-les-senes-didentida-de-la-gaita-asturiana","status":"publish","type":"post","link":"https:\/\/edublog.educastur.es\/ixuxu\/2025\/01\/el-floreu-ye-una-de-les-senes-didentida-de-la-gaita-asturiana\/","title":{"rendered":"El &#8216;flor\u00e9u&#8217; ye una de les se\u00f1es d&#8217;identid\u00e1 de la gaita asturiana."},"content":{"rendered":"<p style=\"text-align: center\">\n<!-- iframe plugin v.6.0 wordpress.org\/plugins\/iframe\/ -->\n<iframe loading=\"lazy\" src=\"https:\/\/www.instagram.com\/reel\/DEZ0lu5C2Fk\/embed\" width=\"640\" height=\"460\" 0=\"\/iframe\" scrolling=\"yes\" class=\"iframe-class\" frameborder=\"0\"><\/iframe>\n<\/p>\n<div class=\"xq8finb\">\n<div class=\"\">\n<div>\n<div class=\"x9f619 xjbqb8w x78zum5 x168nmei x13lgxp2 x5pf9jr xo71vjh x1uhb9sk x1plvlek xryxfnj x1iyjqo2 x2lwn1j xeuugli x1q0g3np xqjyukv x1qjc9v5 x1oa3qoh x1nhvcw1\">\n<div class=\"x9f619 xjbqb8w x78zum5 x168nmei x13lgxp2 x5pf9jr xo71vjh x1uhb9sk x1plvlek xryxfnj x1iyjqo2 x2lwn1j xeuugli xdt5ytf xqjyukv x1qjc9v5 x1oa3qoh x1nhvcw1\">\n<div class=\"x9f619 xjbqb8w x78zum5 x168nmei x13lgxp2 x5pf9jr xo71vjh x1uhb9sk x1plvlek xryxfnj x1c4vz4f x2lah0s xdt5ytf xqjyukv x1qjc9v5 x1oa3qoh x1nhvcw1\">\n<div class=\"x9f619 xjbqb8w x78zum5 x168nmei x13lgxp2 x5pf9jr xo71vjh x1uhb9sk x1plvlek xryxfnj x1c4vz4f x2lah0s x1q0g3np xqjyukv x1qjc9v5 x1oa3qoh x1nhvcw1\">\n<div>\n<div class=\"x9f619 xjbqb8w x1rg5ohu x168nmei x13lgxp2 x5pf9jr xo71vjh x1uhb9sk x1plvlek xryxfnj x1c4vz4f x2lah0s xdt5ytf xqjyukv x1qjc9v5 x1oa3qoh x1nhvcw1\">\n<ul>\n<li class=\"x9f619 xjbqb8w x78zum5 x168nmei x13lgxp2 x5pf9jr xo71vjh x1n2onr6 x1plvlek xryxfnj x1c4vz4f x2lah0s x1q0g3np xqjyukv x6s0dn4 x1oa3qoh x1nhvcw1\"><span class=\"_ap3a _aaco _aacw _aacx _aad7 _aade\" dir=\"auto\">Fonte: <a href=\"https:\/\/www.instagram.com\/rtpaoficial\/\">rtpaoficial<\/a><\/span> \/\u00a0 <a href=\"https:\/\/lavozdeltrubia.es\/2025\/01\/02\/balbino-menendez-y-ricardo-soberado-presentan-el-floreu-de-la-gaita-asturiana\/\">La Voz del Trubia<\/a> \/<\/li>\n<\/ul>\n<\/div>\n<\/div>\n<\/div>\n<\/div>\n<\/div>\n<\/div>\n<\/div>\n<\/div>\n<\/div>\n<p><span class=\"x193iq5w xeuugli x1fj9vlw x13faqbe x1vvkbs xt0psk2 x1i0vuye xvs91rp xo1l8bm x5n08af x10wh9bi x1wdrske x8viiok x18hxmgj\">??El &#8216;flor\u00e9u&#8217; ye una de les se\u00f1es d&#8217;identid\u00e1 de la gaita asturiana. Dende agora un llibru esplica qu\u00e9 ye y para qu\u00e9 y de qu\u00e9 manera se toca. <a class=\"x1i10hfl xjbqb8w x1ejq31n xd10rxx x1sy0etr x17r0tee x972fbf xcfux6l x1qhh985 xm0m39n x9f619 x1ypdohk xt0psk2 xe8uvvx xdj266r x11i5rnm xat24cr x1mh8g0r xexx8yu x4uap5 x18d9i69 xkhd6sd x16tdsg8 x1hl2dhg xggy1nq x1a2a7pz _aa9_ _a6hd\" role=\"link\" href=\"https:\/\/www.instagram.com\/explore\/tags\/gaita\/\">#Gaita<\/a> <a class=\"x1i10hfl xjbqb8w x1ejq31n xd10rxx x1sy0etr x17r0tee x972fbf xcfux6l x1qhh985 xm0m39n x9f619 x1ypdohk xt0psk2 xe8uvvx xdj266r x11i5rnm xat24cr x1mh8g0r xexx8yu x4uap5 x18d9i69 xkhd6sd x16tdsg8 x1hl2dhg xggy1nq x1a2a7pz _aa9_ _a6hd\" role=\"link\" href=\"https:\/\/www.instagram.com\/explore\/tags\/asturies\/\">#Asturies<\/a> <a class=\"x1i10hfl xjbqb8w x1ejq31n xd10rxx x1sy0etr x17r0tee x972fbf xcfux6l x1qhh985 xm0m39n x9f619 x1ypdohk xt0psk2 xe8uvvx xdj266r x11i5rnm xat24cr x1mh8g0r xexx8yu x4uap5 x18d9i69 xkhd6sd x16tdsg8 x1hl2dhg xggy1nq x1a2a7pz _aa9_ _a6hd\" role=\"link\" href=\"https:\/\/www.instagram.com\/explore\/tags\/m%C3%BAsica\/\">#M\u00fasica<\/a> <a class=\"x1i10hfl xjbqb8w x1ejq31n xd10rxx x1sy0etr x17r0tee x972fbf xcfux6l x1qhh985 xm0m39n x9f619 x1ypdohk xt0psk2 xe8uvvx xdj266r x11i5rnm xat24cr x1mh8g0r xexx8yu x4uap5 x18d9i69 xkhd6sd x16tdsg8 x1hl2dhg xggy1nq x1a2a7pz _aa9_ _a6hd\" role=\"link\" href=\"https:\/\/www.instagram.com\/explore\/tags\/tradici%C3%B3n\/\">#Tradici\u00f3n<\/a><\/span><\/p>\n<p><!--more--><\/p>\n<p style=\"text-align: center\"><a href=\"https:\/\/lavozdeltrubia.es\/wp-content\/uploads\/2025\/01\/Captura-de-pantalla-2025-01-02-a-las-17.57.27.png\"><img loading=\"lazy\" decoding=\"async\" class=\"aligncenter size-large\" src=\"https:\/\/lavozdeltrubia.es\/wp-content\/uploads\/2025\/01\/Captura-de-pantalla-2025-01-02-a-las-17.57.27.png\" width=\"509\" height=\"812\" \/><\/a><\/p>\n<p style=\"text-align: left\">El <strong>Real Institutu d&#8217;Estudios Asturianos<\/strong> acueye esta tarde la presentaci\u00f3n del llibru<strong> \u2018El flor\u00e9u de la gaita asturiana\u00bb<\/strong>, edit\u00e1u por el mesmu RIDEA, xuna obra de Balbino Men\u00e9ndez, que mientres a\u00f1os foi director de la banda de gaites Cam\u00edn de Fierro, de Proaza y Santo Adriano. Ricardo Soberado ye coautor del llibru y va tar tami\u00e9n na presentaci\u00f3n, na see del RIDEA g\u00fcei 2 de xineru a les 19,00 hores, con entrada llibre hasta completar l&#8217;aforu.<\/p>\n<p style=\"text-align: center\">\n<!-- iframe plugin v.6.0 wordpress.org\/plugins\/iframe\/ -->\n<iframe loading=\"lazy\" width=\"697\" height=\"523\" src=\"https:\/\/www.youtube.com\/embed\/QSIAHMn4HyA\" title=\"Etnomusicolog\u00eda audiovisual asturiana: &amp;quot;Flor\u00e9u&amp;quot; (Jos\u00e9 Remis Ovalle - 1972)\" frameborder=\"0\" allow=\"accelerometer; autoplay; clipboard-write; encrypted-media; gyroscope; picture-in-picture; web-share\" referrerpolicy=\"strict-origin-when-cross-origin\" 0=\"allowfullscreen\" 1=\"\/iframe\" scrolling=\"yes\" class=\"iframe-class\"><\/iframe>\n<\/p>\n<p>Jos\u00e9 Remis Ovalle interpretando una versi\u00f3n curtia del so llexendariu flor\u00e9u. Grabaci\u00f3n emitida&#8217;l 21 de marzu de 1975 nel programa RAIGA\u00d1OS de TVE. Hasta agora, ye l&#8217;\u00fanicu v\u00eddeu que se caltien d&#8217;esti int\u00e9rprete.<\/p>\n","protected":false},"excerpt":{"rendered":"<p>Fonte: rtpaoficial \/\u00a0 La Voz del Trubia \/ ??El &#8216;flor\u00e9u&#8217; ye una de les se\u00f1es d&#8217;identid\u00e1 de la gaita asturiana. Dende agora un llibru esplica qu\u00e9 ye y para qu\u00e9 y de qu\u00e9 manera se toca. #Gaita #Asturies #M\u00fasica #Tradici\u00f3n<\/p>\n","protected":false},"author":117,"featured_media":0,"comment_status":"open","ping_status":"open","sticky":false,"template":"","format":"standard","meta":{"footnotes":""},"categories":[35],"tags":[],"class_list":["post-39475","post","type-post","status-publish","format-standard","hentry","category-musica"],"_links":{"self":[{"href":"https:\/\/edublog.educastur.es\/ixuxu\/wp-json\/wp\/v2\/posts\/39475","targetHints":{"allow":["GET"]}}],"collection":[{"href":"https:\/\/edublog.educastur.es\/ixuxu\/wp-json\/wp\/v2\/posts"}],"about":[{"href":"https:\/\/edublog.educastur.es\/ixuxu\/wp-json\/wp\/v2\/types\/post"}],"author":[{"embeddable":true,"href":"https:\/\/edublog.educastur.es\/ixuxu\/wp-json\/wp\/v2\/users\/117"}],"replies":[{"embeddable":true,"href":"https:\/\/edublog.educastur.es\/ixuxu\/wp-json\/wp\/v2\/comments?post=39475"}],"version-history":[{"count":6,"href":"https:\/\/edublog.educastur.es\/ixuxu\/wp-json\/wp\/v2\/posts\/39475\/revisions"}],"predecessor-version":[{"id":39519,"href":"https:\/\/edublog.educastur.es\/ixuxu\/wp-json\/wp\/v2\/posts\/39475\/revisions\/39519"}],"wp:attachment":[{"href":"https:\/\/edublog.educastur.es\/ixuxu\/wp-json\/wp\/v2\/media?parent=39475"}],"wp:term":[{"taxonomy":"category","embeddable":true,"href":"https:\/\/edublog.educastur.es\/ixuxu\/wp-json\/wp\/v2\/categories?post=39475"},{"taxonomy":"post_tag","embeddable":true,"href":"https:\/\/edublog.educastur.es\/ixuxu\/wp-json\/wp\/v2\/tags?post=39475"}],"curies":[{"name":"wp","href":"https:\/\/api.w.org\/{rel}","templated":true}]}}