{"id":39482,"date":"2025-01-03T17:00:35","date_gmt":"2025-01-03T15:00:35","guid":{"rendered":"https:\/\/edublog.educastur.es\/ixuxu\/?p=39482"},"modified":"2025-01-05T12:35:32","modified_gmt":"2025-01-05T10:35:32","slug":"el-ramu-nadal-reclamal-so-tronu-nos-escaparates-de-navida","status":"publish","type":"post","link":"https:\/\/edublog.educastur.es\/ixuxu\/2025\/01\/el-ramu-nadal-reclamal-so-tronu-nos-escaparates-de-navida\/","title":{"rendered":"El ramu Nadal reclama&#8217;l so tronu nos escaparates de Navid\u00e1"},"content":{"rendered":"<ul>\n<li class=\"ft-title ft-helper-spacer-b-xs ft-helper-fontSize-heading-M\"><a href=\"https:\/\/www.lne.es\/gijon\/2025\/01\/03\/ramu-nadal-reclama-trono-escaparates-113078739.html\">Fonte: LNE \/ El ramu Nadal reclama su trono en los escaparates de Navidad<\/a><\/li>\n<\/ul>\n<p class=\"ft-mol-subtitle ft-helper-fontColor-quaternary\"><em>Un comerciu xixon\u00e9s sigue&#8217;l cercu de dellos colexos y asociaciones culturales de la rex\u00f3n para impulsar la recuperaci\u00f3n del equivalente asturianu al \u00e1rbol de Navid\u00e1, una estructura triangular con veles, llazos y hasta rosqu\u00edes.<\/em><\/p>\n<p style=\"text-align: center\"><a href=\"https:\/\/estaticos-cdn.prensaiberica.es\/clip\/b5ada915-3392-47ce-8b4c-2ea683e1341f_16-9-aspect-ratio_default_0.webp\"><img loading=\"lazy\" decoding=\"async\" class=\"aligncenter size-large\" src=\"https:\/\/estaticos-cdn.prensaiberica.es\/clip\/b5ada915-3392-47ce-8b4c-2ea683e1341f_16-9-aspect-ratio_default_0.webp\" width=\"880\" height=\"495\" \/><\/a><em>Noelia \u00c1lvarez, Lluis Fanjul, Inaciu Gal\u00e1n y Eva y Alicia Wood, \u00e9nte&#8217;l ramu Nadal. \/ Marcos Le\u00f3n<\/em><\/p>\n<p>El ramu Nadal, la versi\u00f3n asturiana del \u00e1rbol de Navid\u00e1 \u2013o, meyor, del solsticiu d&#8217;iviernu\u2013, lleva a\u00f1os buscando recuperar el so buecu na rex\u00f3n.<\/p>\n<p><!--more--><\/p>\n<p style=\"text-align: center\">\n<!-- iframe plugin v.6.0 wordpress.org\/plugins\/iframe\/ -->\n<iframe loading=\"lazy\" src=\"https:\/\/www.facebook.com\/plugins\/post.php?href=https%3A%2F%2Fwww.facebook.com%2FInaciugalan%2Fposts%2Fpfbid0Pzj62vfierfxAmbNax2vh3zfzdUY3Ly8Hvntuv5UpGX6kVRtgBiRGEFTvbFEfbtkl&#038;show_text=false&#038;width=500\" width=\"500\" height=\"498\" style=\"border:none;overflow:hidden\" scrolling=\"no\" frameborder=\"0\" allowfullscreen=\"true\" allow=\"autoplay; clipboard-write; encrypted-media; picture-in-picture; web-share\" 0=\"\/iframe\" class=\"iframe-class\"><\/iframe>\n<\/p>\n<p>Impuls\u00e1u dende va tiempu y\u00e1 s\u00eda por escolares como los avilesinos del colexu Marcelo Gago, por alumnos del Conservatoriu de Mieres, o por miembros de l&#8217;Asociaci\u00f3n Cultural Trebeyu, de Grau, lo que traten toos ye promocionar de nuevu xuna estructura triangular de madera en representaci\u00f3n d&#8217;un \u00e1rbol, a la que se-y a\u00f1ade verde de texu o carbayu, incorp\u00f3rense-y 12 veles, como alusi\u00f3n a la lluz qu&#8217;aspiren a tener los meses del a\u00f1u, y tami\u00e9n bonos deseos en forma de dulces, llazos o elementos simb\u00f3licos.<\/p>\n<ul>\n<li><a href=\"https:\/\/www.facebook.com\/watch\/?v=2229697750745460\">Colexu Vital Aza, Pola Llena<\/a><\/li>\n<\/ul>\n<p style=\"text-align: center\">\n<!-- iframe plugin v.6.0 wordpress.org\/plugins\/iframe\/ -->\n<iframe loading=\"lazy\" width=\"100%\" height=\"5423\" src=\"https:\/\/www.youtube.com\/embed\/zJwek5z2euE\" title=\"EL RAMU NADAL: L&#039;Ayuntamientu y el Conservatoriu de M\u00fasica de Mieres, dese\u00e1mosvos FELICES FIESTES\" frameborder=\"0\" allow=\"accelerometer; autoplay; clipboard-write; encrypted-media; gyroscope; picture-in-picture; web-share\" referrerpolicy=\"strict-origin-when-cross-origin\" 0=\"allowfullscreen\" 1=\"\/iframe\" scrolling=\"yes\" class=\"iframe-class\"><\/iframe>\n<\/p>\n<p style=\"text-align: center\"><a href=\"https:\/\/estaticos-cdn.prensaiberica.es\/clip\/f5e9f993-2cab-47ed-bc1e-ae7102238350_alta-libre-aspect-ratio_default_0.jpg\"><img loading=\"lazy\" decoding=\"async\" class=\"aligncenter size-large\" src=\"https:\/\/estaticos-cdn.prensaiberica.es\/clip\/f5e9f993-2cab-47ed-bc1e-ae7102238350_alta-libre-aspect-ratio_default_0.jpg\" width=\"1200\" height=\"834\" \/><\/a><\/p>\n","protected":false},"excerpt":{"rendered":"<p>Fonte: LNE \/ El ramu Nadal reclama su trono en los escaparates de Navidad Un comerciu xixon\u00e9s sigue&#8217;l cercu de dellos colexos y asociaciones culturales de la rex\u00f3n para impulsar la recuperaci\u00f3n del equivalente asturianu al \u00e1rbol de Navid\u00e1, una estructura triangular con veles, llazos y hasta rosqu\u00edes. Noelia \u00c1lvarez, Lluis Fanjul, Inaciu Gal\u00e1n y [&hellip;]<\/p>\n","protected":false},"author":117,"featured_media":0,"comment_status":"open","ping_status":"open","sticky":false,"template":"","format":"standard","meta":{"footnotes":""},"categories":[81,113],"tags":[],"class_list":["post-39482","post","type-post","status-publish","format-standard","hentry","category-nadal","category-tradiciones"],"_links":{"self":[{"href":"https:\/\/edublog.educastur.es\/ixuxu\/wp-json\/wp\/v2\/posts\/39482","targetHints":{"allow":["GET"]}}],"collection":[{"href":"https:\/\/edublog.educastur.es\/ixuxu\/wp-json\/wp\/v2\/posts"}],"about":[{"href":"https:\/\/edublog.educastur.es\/ixuxu\/wp-json\/wp\/v2\/types\/post"}],"author":[{"embeddable":true,"href":"https:\/\/edublog.educastur.es\/ixuxu\/wp-json\/wp\/v2\/users\/117"}],"replies":[{"embeddable":true,"href":"https:\/\/edublog.educastur.es\/ixuxu\/wp-json\/wp\/v2\/comments?post=39482"}],"version-history":[{"count":6,"href":"https:\/\/edublog.educastur.es\/ixuxu\/wp-json\/wp\/v2\/posts\/39482\/revisions"}],"predecessor-version":[{"id":39488,"href":"https:\/\/edublog.educastur.es\/ixuxu\/wp-json\/wp\/v2\/posts\/39482\/revisions\/39488"}],"wp:attachment":[{"href":"https:\/\/edublog.educastur.es\/ixuxu\/wp-json\/wp\/v2\/media?parent=39482"}],"wp:term":[{"taxonomy":"category","embeddable":true,"href":"https:\/\/edublog.educastur.es\/ixuxu\/wp-json\/wp\/v2\/categories?post=39482"},{"taxonomy":"post_tag","embeddable":true,"href":"https:\/\/edublog.educastur.es\/ixuxu\/wp-json\/wp\/v2\/tags?post=39482"}],"curies":[{"name":"wp","href":"https:\/\/api.w.org\/{rel}","templated":true}]}}