{"id":39499,"date":"2025-01-05T10:00:32","date_gmt":"2025-01-05T08:00:32","guid":{"rendered":"https:\/\/edublog.educastur.es\/ixuxu\/?p=39499"},"modified":"2025-01-05T13:48:45","modified_gmt":"2025-01-05T11:48:45","slug":"lanu-2025-va-avanzar-versu-a-versu","status":"publish","type":"post","link":"https:\/\/edublog.educastur.es\/ixuxu\/2025\/01\/lanu-2025-va-avanzar-versu-a-versu\/","title":{"rendered":"L&#8217;a\u00f1u 2025 va avanzar versu a versu \u00abPoes\u00eda yes t\u00fa\u00bb"},"content":{"rendered":"<blockquote>\n<p style=\"text-align: center\"><span style=\"font-size: 28px\"><em><span style=\"color: #008080\"><strong>\u00abPoes\u00eda yes tu: la riqueza d&#8217;un pueblu<br \/>\nmidise pola cultura que tien\u00bb<\/strong><\/span><\/em><\/span><\/p>\n<\/blockquote>\n<p style=\"text-align: center\"><a href=\"https:\/\/estaticos-cdn.prensaiberica.es\/clip\/fbb1ebd3-a5ef-4e87-abe3-6b9a30600af3_16-9-aspect-ratio_default_0.webp\"><img loading=\"lazy\" decoding=\"async\" class=\"aligncenter size-large\" src=\"https:\/\/estaticos-cdn.prensaiberica.es\/clip\/fbb1ebd3-a5ef-4e87-abe3-6b9a30600af3_16-9-aspect-ratio_default_0.webp\" width=\"880\" height=\"495\" \/><\/a><\/p>\n<p>Una iniciativa ensin precedentes. <strong>L&#8217;a\u00f1u 2025 va avanzar versu a versu y con un gran alcuentru de poetes n&#8217;Uvi\u00e9u<\/strong> <span style=\"text-decoration: underline\"><em><span style=\"color: #008080;text-decoration: underline\"><strong>\u00abAsturies,<\/strong> capital de la poes\u00eda\u00bb<\/span><\/em><\/span> va axuntar a 45 poetes n&#8217;Uvi\u00e9u, con Amancio Prada a la cabeza; cada unu va lleer un poema y depu\u00e9s, a lo llargo del a\u00f1u, van ser emit\u00edos pola televisi\u00f3n del Princip\u00e1u, la TPA. Laude Mart\u00ednez va encargase de la producci\u00f3n de televisi\u00f3n. <a href=\"https:\/\/www.lne.es\/oviedo\/2025\/01\/05\/ano-2025-avanzara-verso-verso-113126296.html\">Fonte: LNE<\/a><\/p>\n<p style=\"text-align: center\"><strong><em><span style=\"color: #008080\">\u00abVinimos a esti mundu a harmonizar diferencies\u00bb<\/span><\/em><\/strong> Facundo Cabral<\/p>\n<p><!--more--><\/p>\n<p class=\"ft-text\">Amancio Prada va ponese al mandu de un ex\u00e9rcitu de poetes el pr\u00f3ximu 10 de xineru, reclutados pola iniciativa <strong>\u00abAsturies, capital mundial de la poes\u00eda\u00bb<\/strong> que lidera&#8217;l periodista y director em\u00e9ritu de la Fundaci\u00f3n Princesa d&#8217;Asturies Graciano Garc\u00eda. Esi d\u00eda, dende los nueve de la ma\u00f1ana, 45 poetes van desfilar pola hist\u00f3rica biblioteca de la Universid\u00e1 d&#8217;Uvi\u00e9u, cada unu va escoyer y va lleer un poema. <strong>Depu\u00e9s, a lo llargo de too l&#8217;a\u00f1u, van ser emit\u00edos pola televisi\u00f3n p\u00fablica del Princip\u00e1u, la TPA.<\/strong><\/p>\n<figure class=\"ft-img\"><\/figure>\n<figure class=\"ft-img\"><figcaption>\n<p style=\"text-align: center\"><a href=\"https:\/\/estaticos-cdn.prensaiberica.es\/clip\/c74a4afa-ab2e-4bbb-912c-6ce8bf558e1c_source-aspect-ratio_default_0.webp\"><img loading=\"lazy\" decoding=\"async\" class=\"aligncenter \" src=\"https:\/\/estaticos-cdn.prensaiberica.es\/clip\/c74a4afa-ab2e-4bbb-912c-6ce8bf558e1c_source-aspect-ratio_default_0.webp\" width=\"371\" height=\"371\" \/><\/a><em>Jos\u00e9 Luis Garc\u00eda Mart\u00edn. <span class=\"ft-helper-fontWeight-800 ft-helper-text-transform-uppercase\"> \/ LNE<\/span><\/em><\/p>\n<\/figcaption><\/figure>\n<p class=\"ft-text\">Esta nueva acci\u00f3n de \u00abAsturies, capital mundial de la poes\u00eda\u00bb lleva por lema <span style=\"color: #008080\"><strong>\u00abPoes\u00eda yes tu: la riqueza d&#8217;un pueblu midise pola cultura que tien\u00bb<\/strong><\/span>. <strong>van recitase poemes n&#8217;espa\u00f1ol y n&#8217;asturianu<\/strong>, y ente los escritores que secunden la iniciativa, y que la impulsen cola llectura po\u00e9tica, <em>t\u00e1n<strong> Sai Ruiz<\/strong> \u2013que, am\u00e1s, exerz de coordinadora\u2013, Jos\u00e9 Luis Garc\u00eda Mart\u00edn, Agust\u00edn <a class=\"ft-link ft-link--decoration\" href=\"https:\/\/www.lne.es\/tags\/fernando-alonso\/\">Alonso<\/a> Biscayar, Ismael Villasol, Any Pascual, Manuel Garc\u00eda Estadella, Lourdes \u00c1lvarez, \u00c1ngeles Carbajal, Marcelino Su\u00e1rez \u00c1lvarez, Cani Vidal, Rufino Garc\u00eda \u00c1lvarez, Esmeralda Amieva del R\u00edo, Alicia Pertierra Pertierra, Jos\u00e9 Mar\u00eda Aladro, <span style=\"color: #008080\"><strong>Isabel Lobo Huerta<\/strong><\/span>, Ari Alonso, Yc\u00edar Rodr\u00edguez Bernardo, Javier G\u00e1mez, Alfredo Garay Men\u00e9ndez, Enrique Monge, Mar\u00eda Dolores Castro Novoa, Asun Monsalve, Yuris\u00e1n Men\u00e9ndez Navarro, Nieves Iglesias de la Riva, Carmen S\u00e1nchez \u00c1lvarez, Marga Villama\u00f1e, Alejandra Caldevilla, Armando Vega, Ana Garc\u00eda de Loza, Yolanda Vidal, Yolanda Pa\u00f1eda Oria, Gela \u00c1lvarez Lorenzo, Flor Fern\u00e1ndez Vi\u00f1a, Jos\u00e9 Luis Carnota, Ar\u00e1nzazu Rodr\u00edguez Su\u00e1rez, Azucena Couso y Yasmina \u00c1lvarez Men\u00e9ndez.<\/em><\/p>\n<p>&nbsp;<\/p>\n","protected":false},"excerpt":{"rendered":"<p>\u00abPoes\u00eda yes tu: la riqueza d&#8217;un pueblu midise pola cultura que tien\u00bb Una iniciativa ensin precedentes. L&#8217;a\u00f1u 2025 va avanzar versu a versu y con un gran alcuentru de poetes n&#8217;Uvi\u00e9u \u00abAsturies, capital de la poes\u00eda\u00bb va axuntar a 45 poetes n&#8217;Uvi\u00e9u, con Amancio Prada a la cabeza; cada unu va lleer un poema y [&hellip;]<\/p>\n","protected":false},"author":117,"featured_media":0,"comment_status":"open","ping_status":"open","sticky":false,"template":"","format":"standard","meta":{"footnotes":""},"categories":[409,39],"tags":[],"class_list":["post-39499","post","type-post","status-publish","format-standard","hentry","category-asturies-capital-mundial-de-la-poesia","category-poesia"],"_links":{"self":[{"href":"https:\/\/edublog.educastur.es\/ixuxu\/wp-json\/wp\/v2\/posts\/39499","targetHints":{"allow":["GET"]}}],"collection":[{"href":"https:\/\/edublog.educastur.es\/ixuxu\/wp-json\/wp\/v2\/posts"}],"about":[{"href":"https:\/\/edublog.educastur.es\/ixuxu\/wp-json\/wp\/v2\/types\/post"}],"author":[{"embeddable":true,"href":"https:\/\/edublog.educastur.es\/ixuxu\/wp-json\/wp\/v2\/users\/117"}],"replies":[{"embeddable":true,"href":"https:\/\/edublog.educastur.es\/ixuxu\/wp-json\/wp\/v2\/comments?post=39499"}],"version-history":[{"count":7,"href":"https:\/\/edublog.educastur.es\/ixuxu\/wp-json\/wp\/v2\/posts\/39499\/revisions"}],"predecessor-version":[{"id":39506,"href":"https:\/\/edublog.educastur.es\/ixuxu\/wp-json\/wp\/v2\/posts\/39499\/revisions\/39506"}],"wp:attachment":[{"href":"https:\/\/edublog.educastur.es\/ixuxu\/wp-json\/wp\/v2\/media?parent=39499"}],"wp:term":[{"taxonomy":"category","embeddable":true,"href":"https:\/\/edublog.educastur.es\/ixuxu\/wp-json\/wp\/v2\/categories?post=39499"},{"taxonomy":"post_tag","embeddable":true,"href":"https:\/\/edublog.educastur.es\/ixuxu\/wp-json\/wp\/v2\/tags?post=39499"}],"curies":[{"name":"wp","href":"https:\/\/api.w.org\/{rel}","templated":true}]}}