{"id":39524,"date":"2025-01-05T15:25:11","date_gmt":"2025-01-05T13:25:11","guid":{"rendered":"https:\/\/edublog.educastur.es\/ixuxu\/?p=39524"},"modified":"2025-01-05T15:27:29","modified_gmt":"2025-01-05T13:27:29","slug":"un-anu-para-tar-sollertes-a-les-aurores-boreales-nasturies","status":"publish","type":"post","link":"https:\/\/edublog.educastur.es\/ixuxu\/2025\/01\/un-anu-para-tar-sollertes-a-les-aurores-boreales-nasturies\/","title":{"rendered":"Un a\u00f1u para tar sollertes a les aurores boreales n&#8217;Asturies"},"content":{"rendered":"<ul>\n<li>Fonte: <a href=\"https:\/\/www.lne.es\/asturias\/2025\/01\/04\/ano-atentos-auroras-boreales-asturias-113106430.html?fbclid=IwZXh0bgNhZW0CMTEAAR0sDn1X3KnPvqxt7dIy1xGH3incxCA9zZ6u_UhGPb4sqmWcBdldwxUI7cg_aem_XrUrbLIg6pNhxVLNBANhng\">LNE<\/a> \/<\/li>\n<\/ul>\n<p>Un a\u00f1u para tar sollertes a les aurores boreales n&#8217;Asturies: \u00bfpor qu\u00e9 apaecen na rex\u00f3n? Esti fen\u00f3menu, t\u00edpicu de les zones polares del planeta, viose esta selmana nos cielos de la rex\u00f3n y podr\u00eda volvese a repitir nos pr\u00f3ximos meses por cuenta de la intensa activid\u00e1 del Sol.<\/p>\n<p style=\"text-align: center\"><a href=\"https:\/\/estaticos-cdn.prensaiberica.es\/clip\/c617e2e2-4693-476e-b2b9-c12b2e47c931_16-9-aspect-ratio_default_0.jpg\"><img loading=\"lazy\" decoding=\"async\" class=\"aligncenter size-large\" src=\"https:\/\/estaticos-cdn.prensaiberica.es\/clip\/c617e2e2-4693-476e-b2b9-c12b2e47c931_16-9-aspect-ratio_default_0.jpg\" width=\"880\" height=\"495\" \/><\/a><\/p>\n<p>Nos cielos espa\u00f1oles p\u00fadose ver nos \u00faltimos meses una estampa un tanto inusual: <strong>l&#8217;apaici\u00f3n d&#8217;aurores boreales allumando&#8217;l mantu nocherniegu<\/strong>. Acabante d&#8217;entrar l&#8217;a\u00f1u, la nueche del mi\u00e9rcoles, esti fen\u00f3menu t\u00edpicu de les zones polares pudo vese nos cielos del norte d&#8217;Espa\u00f1a y dex\u00f3 imaxes espectaculares dende Galicia hasta Asturies. Como y\u00e1 les dexara dellos meses tras. Para dellos espertos, el fen\u00f3menu ta siendo&#8217;l m\u00e1s intensu de los postreros 150 a\u00f1os.<\/p>\n","protected":false},"excerpt":{"rendered":"<p>Fonte: LNE \/ Un a\u00f1u para tar sollertes a les aurores boreales n&#8217;Asturies: \u00bfpor qu\u00e9 apaecen na rex\u00f3n? Esti fen\u00f3menu, t\u00edpicu de les zones polares del planeta, viose esta selmana nos cielos de la rex\u00f3n y podr\u00eda volvese a repitir nos pr\u00f3ximos meses por cuenta de la intensa activid\u00e1 del Sol. Nos cielos espa\u00f1oles p\u00fadose [&hellip;]<\/p>\n","protected":false},"author":117,"featured_media":0,"comment_status":"open","ping_status":"open","sticky":false,"template":"","format":"standard","meta":{"footnotes":""},"categories":[223],"tags":[],"class_list":["post-39524","post","type-post","status-publish","format-standard","hentry","category-astronomia"],"_links":{"self":[{"href":"https:\/\/edublog.educastur.es\/ixuxu\/wp-json\/wp\/v2\/posts\/39524","targetHints":{"allow":["GET"]}}],"collection":[{"href":"https:\/\/edublog.educastur.es\/ixuxu\/wp-json\/wp\/v2\/posts"}],"about":[{"href":"https:\/\/edublog.educastur.es\/ixuxu\/wp-json\/wp\/v2\/types\/post"}],"author":[{"embeddable":true,"href":"https:\/\/edublog.educastur.es\/ixuxu\/wp-json\/wp\/v2\/users\/117"}],"replies":[{"embeddable":true,"href":"https:\/\/edublog.educastur.es\/ixuxu\/wp-json\/wp\/v2\/comments?post=39524"}],"version-history":[{"count":3,"href":"https:\/\/edublog.educastur.es\/ixuxu\/wp-json\/wp\/v2\/posts\/39524\/revisions"}],"predecessor-version":[{"id":39527,"href":"https:\/\/edublog.educastur.es\/ixuxu\/wp-json\/wp\/v2\/posts\/39524\/revisions\/39527"}],"wp:attachment":[{"href":"https:\/\/edublog.educastur.es\/ixuxu\/wp-json\/wp\/v2\/media?parent=39524"}],"wp:term":[{"taxonomy":"category","embeddable":true,"href":"https:\/\/edublog.educastur.es\/ixuxu\/wp-json\/wp\/v2\/categories?post=39524"},{"taxonomy":"post_tag","embeddable":true,"href":"https:\/\/edublog.educastur.es\/ixuxu\/wp-json\/wp\/v2\/tags?post=39524"}],"curies":[{"name":"wp","href":"https:\/\/api.w.org\/{rel}","templated":true}]}}