{"id":39528,"date":"2025-01-05T22:00:03","date_gmt":"2025-01-05T20:00:03","guid":{"rendered":"https:\/\/edublog.educastur.es\/ixuxu\/?p=39528"},"modified":"2025-01-07T22:51:09","modified_gmt":"2025-01-07T20:51:09","slug":"los-vecinos-daciera-despidense-guei-del-so-llume-navidiego","status":"publish","type":"post","link":"https:\/\/edublog.educastur.es\/ixuxu\/2025\/01\/los-vecinos-daciera-despidense-guei-del-so-llume-navidiego\/","title":{"rendered":"Los vecinos d&#8217;Aciera desp\u00eddense g\u00fcei del so llume navidiego"},"content":{"rendered":"<p style=\"text-align: center\"><a href=\"https:\/\/estaticos-cdn.prensaiberica.es\/clip\/3d26acfb-f28f-4c6b-b96e-994f87335422_16-9-discover-aspect-ratio_default_0.webp\"><img loading=\"lazy\" decoding=\"async\" class=\"aligncenter size-large\" src=\"https:\/\/estaticos-cdn.prensaiberica.es\/clip\/3d26acfb-f28f-4c6b-b96e-994f87335422_16-9-discover-aspect-ratio_default_0.webp\" width=\"1200\" height=\"675\" \/><\/a><\/p>\n<p style=\"text-align: left\">El pueblu asturianu de la Navid\u00e1 apaga esta medianueche: \u00a1hasta tuvieron que regular el tr\u00e1ficu pol n\u00famberu de visitantes! Los vecinos d&#8217;Aciera desp\u00eddense g\u00fcei del so llume navidiego.<\/p>\n<ul>\n<li>Fonte:<a href=\"https:\/\/www.lne.es\/asturias\/2025\/01\/06\/pueblo-asturiano-navidad-apaga-medianoche-113147490.html?fbclid=IwZXh0bgNhZW0CMTEAAR1b4SL56pqUC1nnwnjj7YrG-k2PcrOKti724ky1Rpj74vo_De73G7_vpRA_aem_GnNbJb0KJJiD3-q9KrJuXg\"> LNE<\/a> \/<\/li>\n<\/ul>\n<p><!--more--><\/p>\n<p>Paez que foi ayeri, pero non. Un mes xustu pas\u00f3 desque los vecinos d&#8217;Aciera di\u00e9ron-y al encend\u00edu de lluces na so espectacular decoraci\u00f3n navidiega, -angua\u00f1o ent\u00e1 mayor que n&#8217;ediciones anteriores-, y qu&#8217;atraxo mientres estos d\u00edes a cientos de visitantes de toa Espa\u00f1a y del estranxeru hasta la pequena localid\u00e1 del conceyu de Quir\u00f3s. Los vecinos dieron llustre a cases, horros, paneres y cuantos rellabicos hai p&#8217;apurrir la so maxa nesti per\u00edodu.<\/p>\n<p style=\"text-align: center\">\n<!-- iframe plugin v.6.0 wordpress.org\/plugins\/iframe\/ -->\n<iframe loading=\"lazy\" src=\"https:\/\/www.facebook.com\/plugins\/video.php?height=476&#038;href=https%3A%2F%2Fwww.facebook.com%2FTurismoAsturias%2Fvideos%2F1115873509925945%2F&#038;show_text=false&#038;width=267&#038;t=0\" width=\"267\" height=\"476\" style=\"border:none;overflow:hidden\" scrolling=\"no\" frameborder=\"0\" allowfullscreen=\"true\" allow=\"autoplay; clipboard-write; encrypted-media; picture-in-picture; web-share\" 0=\"\/iframe\" class=\"iframe-class\"><\/iframe>\n<\/p>\n","protected":false},"excerpt":{"rendered":"<p>El pueblu asturianu de la Navid\u00e1 apaga esta medianueche: \u00a1hasta tuvieron que regular el tr\u00e1ficu pol n\u00famberu de visitantes! Los vecinos d&#8217;Aciera desp\u00eddense g\u00fcei del so llume navidiego. Fonte: LNE \/<\/p>\n","protected":false},"author":117,"featured_media":0,"comment_status":"open","ping_status":"open","sticky":false,"template":"","format":"standard","meta":{"footnotes":""},"categories":[81,22],"tags":[],"class_list":["post-39528","post","type-post","status-publish","format-standard","hentry","category-nadal","category-pueblos"],"_links":{"self":[{"href":"https:\/\/edublog.educastur.es\/ixuxu\/wp-json\/wp\/v2\/posts\/39528","targetHints":{"allow":["GET"]}}],"collection":[{"href":"https:\/\/edublog.educastur.es\/ixuxu\/wp-json\/wp\/v2\/posts"}],"about":[{"href":"https:\/\/edublog.educastur.es\/ixuxu\/wp-json\/wp\/v2\/types\/post"}],"author":[{"embeddable":true,"href":"https:\/\/edublog.educastur.es\/ixuxu\/wp-json\/wp\/v2\/users\/117"}],"replies":[{"embeddable":true,"href":"https:\/\/edublog.educastur.es\/ixuxu\/wp-json\/wp\/v2\/comments?post=39528"}],"version-history":[{"count":5,"href":"https:\/\/edublog.educastur.es\/ixuxu\/wp-json\/wp\/v2\/posts\/39528\/revisions"}],"predecessor-version":[{"id":39651,"href":"https:\/\/edublog.educastur.es\/ixuxu\/wp-json\/wp\/v2\/posts\/39528\/revisions\/39651"}],"wp:attachment":[{"href":"https:\/\/edublog.educastur.es\/ixuxu\/wp-json\/wp\/v2\/media?parent=39528"}],"wp:term":[{"taxonomy":"category","embeddable":true,"href":"https:\/\/edublog.educastur.es\/ixuxu\/wp-json\/wp\/v2\/categories?post=39528"},{"taxonomy":"post_tag","embeddable":true,"href":"https:\/\/edublog.educastur.es\/ixuxu\/wp-json\/wp\/v2\/tags?post=39528"}],"curies":[{"name":"wp","href":"https:\/\/api.w.org\/{rel}","templated":true}]}}