{"id":39532,"date":"2025-01-05T21:55:02","date_gmt":"2025-01-05T19:55:02","guid":{"rendered":"https:\/\/edublog.educastur.es\/ixuxu\/?p=39532"},"modified":"2025-01-06T12:41:46","modified_gmt":"2025-01-06T10:41:46","slug":"39532","status":"publish","type":"post","link":"https:\/\/edublog.educastur.es\/ixuxu\/2025\/01\/39532\/","title":{"rendered":"Serandinas, el pueblu m\u00e1s guapu y desconoc\u00edu d&#8217;Asturies allug\u00e1u sobro un enorme meandro"},"content":{"rendered":"<p style=\"text-align: center\"><a href=\"https:\/\/fotografias.larazon.es\/clipping\/cmsimages01\/2025\/01\/05\/506ED4D5-BBC3-481F-BAB4-8A6EAFB355CF\/pueblo-mas-bonito-desconocido-asturias-ubicado-enorme-meandro-conoces_97.jpg?crop=1200,675,x0,y62&amp;width=1600&amp;height=900&amp;optimize=low&amp;format=webply\"><img loading=\"lazy\" decoding=\"async\" class=\"aligncenter size-large\" src=\"https:\/\/fotografias.larazon.es\/clipping\/cmsimages01\/2025\/01\/05\/506ED4D5-BBC3-481F-BAB4-8A6EAFB355CF\/pueblo-mas-bonito-desconocido-asturias-ubicado-enorme-meandro-conoces_97.jpg?crop=1200,675,x0,y62&amp;width=1600&amp;height=900&amp;optimize=low&amp;format=webply\" width=\"1600\" height=\"900\" \/><\/a><\/p>\n<p>El pueblu m\u00e1s guapu y desconoc\u00edu d&#8217;Asturies allug\u00e1u sobro un enorme meandro. Cuenta con unes espectaculares vistas sobro&#8217;l r\u00edu y all\u00fagase n&#8217;una de les zones m\u00e1s virxes d&#8217;Asturies. <strong>Ta allug\u00e1u nel Valle del Navia, a les veres del r\u00edu, nun meandro enorme que fai a l&#8217;agua nel so descensu hasta la villa de Navia.<\/strong><\/p>\n<ul>\n<li>Fonte: <a href=\"https:\/\/www.larazon.es\/asturias\/pueblo-mas-bonito-desconocido-asturias-ubicado-enorme-meandro-conoces_20250106677ac4d6bc785b000172052f.html?fbclid=IwZXh0bgNhZW0CMTEAAR0fnWjRszoeWauf2Yo_aNlyNvNqHWclk6W-RDIdJpS2FmTOmDiVzvf1zMg_aem_YXS479wVAE8S249hRr8p0w\">La Raz\u00f3n<\/a> \/ <a href=\"https:\/\/www.instagram.com\/reel\/DBhBOGMsTy9\/?utm_source=ig_embed\">Hacemoslasmaletas<\/a> \/<\/li>\n<\/ul>\n<p><!--more--><\/p>\n<p>Hai llugares que son absolutamente maraviyosos pero que muncha xente desconoz. Non siempres les gu\u00edes de turismu reparen nes zones m\u00e1s guapes sin\u00f3n que lo faen naquello sitios que m\u00e1s turistes acueyen y reciben. G\u00fcei te traemos un pueblu que ye bien desconoc\u00edu y sicas\u00ed ye unu de los m\u00e1s guapos d&#8217;Asturies o&#8217;l que m\u00e1s.<\/p>\n<p style=\"text-align: center\">\n<!-- iframe plugin v.6.0 wordpress.org\/plugins\/iframe\/ -->\n<iframe loading=\"lazy\" src=\"https:\/\/www.instagram.com\/reel\/DBhBOGMsTy9\/embed\" width=\"360\" height=\"650\" 0=\"\/iframe\" scrolling=\"yes\" class=\"iframe-class\" frameborder=\"0\"><\/iframe>\n<\/p>\n<p>Les sos casines tradicionales, toes colos sos teyaos de cayuela, la so ilesia, allugada n&#8217;una llomba que dexa ver tol valle y el r\u00edu, y el silenciu y la tranquilid\u00e1 que s&#8217;alienda en Serandinas convi\u00e9rten-y ensin dulda n&#8217;unu de los escenarios m\u00e1s guapos d&#8217;Asturies.<\/p>\n<p>Serandinas pertenez al conceyu de Bual, y angua\u00f1o ye un pueblu de menos de cien habitantes. Puedes pasiar poles sos cais, esfrutando del paisaxe, vas atopar vaques pastiando nos praos, vecinos trabayando na g\u00fcerta, y vas esfrutar del silenciu d&#8217;un puebl\u00edn de monte que s&#8217;alluga n&#8217;una de les zones m\u00e1s virxes d&#8217;Asturies.<\/p>\n<p>Si quies esfruta de baxar el Navia en canoa cuntes con una empresa de turismu activu nel pueblu, <a href=\"https:\/\/x.com\/KALYAVENTURA\"><strong>Kalyaventura<\/strong><\/a>, qu&#8217;ufierta munches actividaes para esfrutar de la redolada.<\/p>\n<p style=\"text-align: center\"><a href=\"https:\/\/pbs.twimg.com\/media\/DSs0Ng8WsAAssDJ?format=jpg&amp;name=900x900\"><img loading=\"lazy\" decoding=\"async\" class=\"aligncenter size-large\" src=\"https:\/\/pbs.twimg.com\/media\/DSs0Ng8WsAAssDJ?format=jpg&amp;name=900x900\" width=\"900\" height=\"599\" \/><\/a><span class=\"css-1jxf684 r-bcqeeo r-1ttztb7 r-qvutc0 r-poiln3\">Llugares con encantu. Descensu en canoa pel r\u00edu Navia. <\/span><span class=\"r-18u37iz\"><a class=\"css-1jxf684 r-bcqeeo r-1ttztb7 r-qvutc0 r-poiln3 r-1loqt21\" dir=\"ltr\" role=\"link\" href=\"https:\/\/x.com\/KALYAVENTURA\">@KALYAVENTURA<\/a><\/span><\/p>\n<p style=\"text-align: center\"><span class=\"css-1jxf684 r-bcqeeo r-1ttztb7 r-qvutc0 r-poiln3\"><a href=\"https:\/\/pbs.twimg.com\/media\/EjsjgGCWkAI9nyk?format=jpg&amp;name=medium\"><img loading=\"lazy\" decoding=\"async\" class=\"aligncenter size-large\" src=\"https:\/\/pbs.twimg.com\/media\/EjsjgGCWkAI9nyk?format=jpg&amp;name=medium\" width=\"940\" height=\"590\" \/><\/a><\/span><\/p>\n<p style=\"text-align: center\">\n","protected":false},"excerpt":{"rendered":"<p>El pueblu m\u00e1s guapu y desconoc\u00edu d&#8217;Asturies allug\u00e1u sobro un enorme meandro. Cuenta con unes espectaculares vistas sobro&#8217;l r\u00edu y all\u00fagase n&#8217;una de les zones m\u00e1s virxes d&#8217;Asturies. Ta allug\u00e1u nel Valle del Navia, a les veres del r\u00edu, nun meandro enorme que fai a l&#8217;agua nel so descensu hasta la villa de Navia. Fonte: [&hellip;]<\/p>\n","protected":false},"author":117,"featured_media":0,"comment_status":"open","ping_status":"open","sticky":false,"template":"","format":"standard","meta":{"footnotes":""},"categories":[22],"tags":[],"class_list":["post-39532","post","type-post","status-publish","format-standard","hentry","category-pueblos"],"_links":{"self":[{"href":"https:\/\/edublog.educastur.es\/ixuxu\/wp-json\/wp\/v2\/posts\/39532","targetHints":{"allow":["GET"]}}],"collection":[{"href":"https:\/\/edublog.educastur.es\/ixuxu\/wp-json\/wp\/v2\/posts"}],"about":[{"href":"https:\/\/edublog.educastur.es\/ixuxu\/wp-json\/wp\/v2\/types\/post"}],"author":[{"embeddable":true,"href":"https:\/\/edublog.educastur.es\/ixuxu\/wp-json\/wp\/v2\/users\/117"}],"replies":[{"embeddable":true,"href":"https:\/\/edublog.educastur.es\/ixuxu\/wp-json\/wp\/v2\/comments?post=39532"}],"version-history":[{"count":5,"href":"https:\/\/edublog.educastur.es\/ixuxu\/wp-json\/wp\/v2\/posts\/39532\/revisions"}],"predecessor-version":[{"id":39538,"href":"https:\/\/edublog.educastur.es\/ixuxu\/wp-json\/wp\/v2\/posts\/39532\/revisions\/39538"}],"wp:attachment":[{"href":"https:\/\/edublog.educastur.es\/ixuxu\/wp-json\/wp\/v2\/media?parent=39532"}],"wp:term":[{"taxonomy":"category","embeddable":true,"href":"https:\/\/edublog.educastur.es\/ixuxu\/wp-json\/wp\/v2\/categories?post=39532"},{"taxonomy":"post_tag","embeddable":true,"href":"https:\/\/edublog.educastur.es\/ixuxu\/wp-json\/wp\/v2\/tags?post=39532"}],"curies":[{"name":"wp","href":"https:\/\/api.w.org\/{rel}","templated":true}]}}