{"id":39554,"date":"2025-01-05T21:50:27","date_gmt":"2025-01-05T19:50:27","guid":{"rendered":"https:\/\/edublog.educastur.es\/ixuxu\/?p=39554"},"modified":"2025-01-06T13:18:51","modified_gmt":"2025-01-06T11:18:51","slug":"el-pueblin-marineru-asturianu-quinspiro-una-pelicula-y-que-namora","status":"publish","type":"post","link":"https:\/\/edublog.educastur.es\/ixuxu\/2025\/01\/el-pueblin-marineru-asturianu-quinspiro-una-pelicula-y-que-namora\/","title":{"rendered":"El puebl\u00edn marineru asturianu qu&#8217;inspir\u00f3 una pel\u00edcula y que namora."},"content":{"rendered":"<ul>\n<li>Fonte:<a href=\"https:\/\/www.larazon.es\/asturias\/pueblin-marinero-asturiano-que-inspiro-ultima-noche-tremo-que-enamora_202501056777e1b1af2175000145e26a.html?fbclid=IwZXh0bgNhZW0CMTEAAR3YKH5nwcsiZLI5eJAty1-ekZX6ZdFwubqpxSuV2SbadYVXieJZV3clb8w_aem_vTAZJpd-MapYr4hG-zhgxw\"> La Raz\u00f3n<\/a> \/<\/li>\n<\/ul>\n<p style=\"text-align: center\">\n<!-- iframe plugin v.6.0 wordpress.org\/plugins\/iframe\/ -->\n<iframe loading=\"lazy\" src=\"https:\/\/www.instagram.com\/reel\/C2IDm8hIFJS\/embed\" width=\"460\" height=\"640\" 0=\"\/iframe\" scrolling=\"yes\" class=\"iframe-class\" frameborder=\"0\"><\/iframe>\n<\/p>\n<p>El puebl\u00edn marineru asturianu qu&#8217;inspir\u00f3<strong> \u00abLa \u00faltima nueche en Tremo\u00bb<\/strong> y que namora. Ye unu de los puertos con m\u00e1s encantu d&#8217;Asturies y foi retiru de Xovellanos, que busco l&#8217;aselu ya inspiraci\u00f3n nesti buc\u00f3licu enclave balleneru. Puertu de Vega, que foi tami\u00e9n l&#8217;abelugu de Gaspar Melchor de Xovellanos, qu&#8217;escoy\u00f3 esti llugar pa pasar la \u00faltima etapa de la so vida.<\/p>\n<p><!--more--><\/p>\n<p>Hai un puebl\u00edn marineru n&#8217;Asturies qu&#8217;inspira les meyores hestories, los meyores relatos y que foi escenariu y\u00e1 de delles pel\u00edcules y escenes, la postrera qu&#8217;escoy\u00f3 esti enclave para ser rodada foi la serie<strong> \u00abLa \u00faltima nueche en Tremo\u00bb.<\/strong><\/p>\n<p>Tr\u00e1tase d&#8217;una miniserie na qu&#8217;un compositor afinc\u00e1u nun pueblu costeru para terminar la so obra. Los sos \u00fanicos vecinos son un matrimoniu que vive a dellos kil\u00f3metros, ese ye l&#8217;escenariu. Una nueche de nube&#8217;l compositor sufre un accidente y ende empieza a tener visiones bien estra\u00f1es sobro los sos vecinos.<\/p>\n<p style=\"text-align: center\"><a href=\"https:\/\/pbs.twimg.com\/media\/B2P3LwVIIAEcPck?format=jpg&amp;name=900x900\"><img loading=\"lazy\" decoding=\"async\" class=\"aligncenter size-large\" src=\"https:\/\/pbs.twimg.com\/media\/B2P3LwVIIAEcPck?format=jpg&amp;name=900x900\" width=\"640\" height=\"852\" \/><\/a><br \/>\n<em>El puertu de Puertu de Vega<\/em><\/p>\n<p>Y tou esto asocede en Puertu de Vega, que foi tami\u00e9n l&#8217;abelugu de Gaspar Melchor de Xovellanos, qu&#8217;escoy\u00f3 esti llugar pa pasar la \u00faltima etapa de la so vida.<\/p>\n<p>Puertu de Vega ye un preciosu pueblu costeru del conceyu de Navia, que foi balleneru y qu&#8217;am\u00e1s llogr\u00f3&#8217;l premiu Princesa d&#8217;Asturies a pueblu exemplar nel a\u00f1u 1995, pa tr\u00e9s a\u00f1os m\u00e1s tarde, ser catalog\u00e1u&#8217;l pueblu m\u00e1s guapu d&#8217;Asturies.<\/p>\n<p><a href=\"https:\/\/fotografias.larazon.es\/clipping\/cmsimages01\/2025\/01\/03\/84876E5D-CF29-434F-9B6C-0A8A21D59755\/puerto-puerto-vega_58.jpg?crop=708,401,x0,y22&amp;width=1000&amp;height=567&amp;optimize=high&amp;format=webply\"><img loading=\"lazy\" decoding=\"async\" class=\"aligncenter size-large\" src=\"https:\/\/fotografias.larazon.es\/clipping\/cmsimages01\/2025\/01\/03\/84876E5D-CF29-434F-9B6C-0A8A21D59755\/puerto-puerto-vega_58.jpg?crop=708,401,x0,y22&amp;width=1000&amp;height=567&amp;optimize=high&amp;format=webply\" width=\"1000\" height=\"567\" \/><\/a><\/p>\n<p>Llamen l&#8217;atenci\u00f3n les sos dos almenes centenaries y los dos ca\u00f1ones que daten del sieglu XVlll y que t\u00e1n allugaos nel Pas\u00e9u del Baluarte. Tou ello recuerda que Puertu de Vega foi territoriu de pirates y saquiadores. Am\u00e1s, equ\u00ed instal\u00f3se la primer aduana d&#8217;Asturies por tar nuna zona absolutamente estrat\u00e9xica.<\/p>\n","protected":false},"excerpt":{"rendered":"<p>Fonte: La Raz\u00f3n \/ El puebl\u00edn marineru asturianu qu&#8217;inspir\u00f3 \u00abLa \u00faltima nueche en Tremo\u00bb y que namora. Ye unu de los puertos con m\u00e1s encantu d&#8217;Asturies y foi retiru de Xovellanos, que busco l&#8217;aselu ya inspiraci\u00f3n nesti buc\u00f3licu enclave balleneru. Puertu de Vega, que foi tami\u00e9n l&#8217;abelugu de Gaspar Melchor de Xovellanos, qu&#8217;escoy\u00f3 esti llugar [&hellip;]<\/p>\n","protected":false},"author":117,"featured_media":0,"comment_status":"open","ping_status":"open","sticky":false,"template":"","format":"standard","meta":{"footnotes":""},"categories":[22],"tags":[],"class_list":["post-39554","post","type-post","status-publish","format-standard","hentry","category-pueblos"],"_links":{"self":[{"href":"https:\/\/edublog.educastur.es\/ixuxu\/wp-json\/wp\/v2\/posts\/39554","targetHints":{"allow":["GET"]}}],"collection":[{"href":"https:\/\/edublog.educastur.es\/ixuxu\/wp-json\/wp\/v2\/posts"}],"about":[{"href":"https:\/\/edublog.educastur.es\/ixuxu\/wp-json\/wp\/v2\/types\/post"}],"author":[{"embeddable":true,"href":"https:\/\/edublog.educastur.es\/ixuxu\/wp-json\/wp\/v2\/users\/117"}],"replies":[{"embeddable":true,"href":"https:\/\/edublog.educastur.es\/ixuxu\/wp-json\/wp\/v2\/comments?post=39554"}],"version-history":[{"count":3,"href":"https:\/\/edublog.educastur.es\/ixuxu\/wp-json\/wp\/v2\/posts\/39554\/revisions"}],"predecessor-version":[{"id":39557,"href":"https:\/\/edublog.educastur.es\/ixuxu\/wp-json\/wp\/v2\/posts\/39554\/revisions\/39557"}],"wp:attachment":[{"href":"https:\/\/edublog.educastur.es\/ixuxu\/wp-json\/wp\/v2\/media?parent=39554"}],"wp:term":[{"taxonomy":"category","embeddable":true,"href":"https:\/\/edublog.educastur.es\/ixuxu\/wp-json\/wp\/v2\/categories?post=39554"},{"taxonomy":"post_tag","embeddable":true,"href":"https:\/\/edublog.educastur.es\/ixuxu\/wp-json\/wp\/v2\/tags?post=39554"}],"curies":[{"name":"wp","href":"https:\/\/api.w.org\/{rel}","templated":true}]}}