{"id":39617,"date":"2025-01-06T20:15:06","date_gmt":"2025-01-06T18:15:06","guid":{"rendered":"https:\/\/edublog.educastur.es\/ixuxu\/?p=39617"},"modified":"2025-01-06T22:43:08","modified_gmt":"2025-01-06T20:43:08","slug":"39617","status":"publish","type":"post","link":"https:\/\/edublog.educastur.es\/ixuxu\/2025\/01\/39617\/","title":{"rendered":"El turismu asturianu afita&#8217;l so desestacionalizaci\u00f3n y crez en temporada baxa"},"content":{"rendered":"<div class=\"html-div xdj266r xat24cr x1mh8g0r xexx8yu x4uap5 x18d9i69 xkhd6sd x78zum5 x2lah0s xqtp20y x1emribx\">\n<div class=\"xc9qbxq x14qfxbe x6s0dn4 x78zum5 xl56j7k\">\n<div class=\"\" style=\"text-align: center\"><a href=\"https:\/\/actualidad.asturias.es\/documents\/537115\/2312419\/2025_01_02+Info+Turismo+noviembre+2024.jpg\/3d4aed6b-9ade-86c5-a1cf-53fd948c003d?t=1735824812086\"><img loading=\"lazy\" decoding=\"async\" class=\"aligncenter \" src=\"https:\/\/actualidad.asturias.es\/documents\/537115\/2312419\/2025_01_02+Info+Turismo+noviembre+2024.jpg\/3d4aed6b-9ade-86c5-a1cf-53fd948c003d?t=1735824812086\" width=\"686\" height=\"566\" \/><\/a><\/div>\n<\/div>\n<\/div>\n<div class=\"x78zum5 xdt5ytf xz62fqu x16ldp7u\">\n<div class=\"xu06os2 x1ok221b\">\n<div class=\"html-div xdj266r x11i5rnm xat24cr x1mh8g0r xexx8yu x4uap5 x18d9i69 xkhd6sd\" data-ad-rendering-role=\"profile_name\">\n<ul>\n<li class=\"html-h3 x11i5rnm xat24cr x1mh8g0r xexx8yu x4uap5 x18d9i69 xkhd6sd x1vvkbs x1heor9g x1qlqyl8 x1pd3egz x1a2a7pz x1gslohp x1yc453h\"><span class=\"x1lliihq x6ikm8r x10wlt62 x1n2onr6\"><span class=\"xt0psk2\"><a class=\"x1i10hfl xjbqb8w x1ejq31n xd10rxx x1sy0etr x17r0tee x972fbf xcfux6l x1qhh985 xm0m39n x9f619 x1ypdohk xt0psk2 xe8uvvx xdj266r x11i5rnm xat24cr x1mh8g0r xexx8yu x4uap5 x18d9i69 xkhd6sd x16tdsg8 x1hl2dhg xggy1nq x1a2a7pz x1sur9pj xkrqix3 xzsf02u x1s688f\" role=\"link\" href=\"https:\/\/www.facebook.com\/gobiernodeasturias?__cft__[0]=AZVKhAlOOQ6Dfgsz6mSAmyF-4faOhSuU6FsnWQCRqn-sAiXM4YaZejfXOgqoA4JbBqpTlqm4kPnbHCLv8Ul-drI-IsCiZ07Jy5-zcfNfDns7OKIzruRv62MDMMGMvaGfhHBo9SCstZLeNGrxkOs8qS3xypNu1Y-LdDZkJIvM1SD16vFAs31rPKUOBkspSQoopX2CKa7BfDWEtoMKN3HmgL55rQwmrDFe7MeC50vELfJDDg&amp;__tn__=-UC%2CP-y-R\"><strong class=\"html-strong xdj266r x11i5rnm xat24cr x1mh8g0r xexx8yu x4uap5 x18d9i69 xkhd6sd x1hl2dhg x16tdsg8 x1vvkbs x1s688f\"><span class=\"html-span xdj266r x11i5rnm xat24cr x1mh8g0r xexx8yu x4uap5 x18d9i69 xkhd6sd x1hl2dhg x16tdsg8 x1vvkbs\">Principado de Asturias<\/span><\/strong><\/a><\/span><span class=\"html-span xdj266r x11i5rnm xat24cr x1mh8g0r xexx8yu x4uap5 x18d9i69 xkhd6sd x1hl2dhg x16tdsg8 x1vvkbs x1dor1uw x1n2onr6\"> \/ Fonte: <a href=\"https:\/\/actualidad.asturias.es\/-\/el-turismo-asturiano-afianza-su-desestacionalizaci%C3%B3n-y-crece-en-temporada-baja-por-encima-de-la-media-de-las-comunidades-de-la-espa%C3%B1a-verde?redirect=%2F&amp;fbclid=IwZXh0bgNhZW0CMTAAAR1mWGhlaSOPUexhhQ0Jaqs0YeWzhssJL8Lt5PP2jUE5_D_DhAkFWAjNFuI_aem_2Wtw9lKAro1B0KEBrUSNWQ\">Actualidad Asturias<\/a> \/<br \/>\n<\/span><\/span><\/li>\n<\/ul>\n<p>El turismu asturianu afita&#8217;l so desestacionalizaci\u00f3n y crez en temporada baxa percima de la media de les comunidaes de la Espa\u00f1a Verde. Los agospiamientos recibieron en payares a 140.189 visitantes, un 17,2% m\u00e1s que nel mesmu mes de 2023.\u00a0 Los establecimientos rurales rexistraron un aumentu del 46%. Asturies suma 2,7 millones de viaxeros y emp\u00f3nse a un nuevu r\u00e9cord a\u00f1al.<\/p>\n<p><!--more--><\/p>\n<p>El sector tur\u00edsticu asturianu llogr\u00f3 amontar la so activid\u00e1 en plena temporada baxa en rexistrando una nueva xubida na llegada de turistes en payares. Los establecimientos recibieron esi mes 140.189 visitantes, un 17,2% m\u00e1s qu&#8217;en payares de 2023, seg\u00fan los datos que sopelex\u00f3 g\u00fcei l&#8217;<strong>Institutu Nacional d&#8217;Estad\u00edstica (INE)<\/strong>. El n\u00famberu de pernoctaciones tami\u00e9n ameyor\u00f3, xubi\u00f3 un 20% y algam\u00f3 les 282.508.<strong> Estes cifres asitien a Asturies con una crecedera de l&#8217;activid\u00e1 tur\u00edstica percima del de les comunidaes de la Espa\u00f1a Verde, que, en xunto, recibieron un 16% m\u00e1s de turistes y pernoctaciones.<\/strong><\/p>\n<p>L&#8217;aumentu na llegada de turistes foi xeneraliz\u00e1u en tolos tipos d&#8217;establecimientos. Nel casu del turismu rural, recibi\u00f3 a casi 15.000 visitantes, un 46% m\u00e1s qu&#8217;en payares de 2023, que xeneraron 34.539 pernoctaciones, un 67% m\u00e1s.<\/p>\n<p>Tami\u00e9n ameyoraron les cifres de los hoteles, con una medr\u00eda del 11% na llegada de turistes, y de casi&#8217;l 14% nel d&#8217;estancies. Nesi segmentu d&#8217;activid\u00e1, tami\u00e9n ye rese\u00f1able la medr\u00eda de los indicadores econ\u00f3micos.<\/p>\n<p><strong>La bona evoluci\u00f3n del sector traxo consigo un alza del empl\u00e9u<\/strong>, qu&#8217;en payares xubi\u00f3 a 4.556 trabayadores, casi un 7% m\u00e1s qu&#8217;en payares de 2023. Nel acumul\u00e1u del a\u00f1u, de xineru a payares, agospiarense n&#8217;Asturies 2.714.260 turistes, un 3,3% m\u00e1s que nel mesmu periodu del a\u00f1u anterior.<\/p>\n<p>La vicepresidenta del Princip\u00e1u, Gimena Llamedo, agor\u00f3 en conociendo estos datos qu&#8217;<strong>Asturies va cerrar un nuevu a\u00f1u con r\u00e9cord de visitantes.<\/strong> \u201cVenimos defendiendo que tenemos marxe para siguir creciendo, pero de forma ordenada y, principalmente, en temporada baxa. Los datos que vamos conociendo ind\u00edquennos que vamos na bona direcci\u00f3n. La crecedera produzse de forma sostenida y, sobremanera, fora de temporada alta\u201d, destac\u00f3 la conseyera de Presidencia, Retu Demogr\u00e1ficu, Iguald\u00e1 y Turismu, que considera que les estad\u00edstiques tami\u00e9n amuesen que <strong>\u201cl&#8217;esfuerzu na promoci\u00f3n del dest\u00edn Asturies ta dando frutos\u201d.<\/strong><\/p>\n<\/div>\n<\/div>\n<\/div>\n<p>&nbsp;<\/p>\n","protected":false},"excerpt":{"rendered":"<p>Principado de Asturias \/ Fonte: Actualidad Asturias \/ El turismu asturianu afita&#8217;l so desestacionalizaci\u00f3n y crez en temporada baxa percima de la media de les comunidaes de la Espa\u00f1a Verde. Los agospiamientos recibieron en payares a 140.189 visitantes, un 17,2% m\u00e1s que nel mesmu mes de 2023.\u00a0 Los establecimientos rurales rexistraron un aumentu del 46%. [&hellip;]<\/p>\n","protected":false},"author":117,"featured_media":0,"comment_status":"open","ping_status":"open","sticky":false,"template":"","format":"standard","meta":{"footnotes":""},"categories":[18],"tags":[],"class_list":["post-39617","post","type-post","status-publish","format-standard","hentry","category-turismu"],"_links":{"self":[{"href":"https:\/\/edublog.educastur.es\/ixuxu\/wp-json\/wp\/v2\/posts\/39617","targetHints":{"allow":["GET"]}}],"collection":[{"href":"https:\/\/edublog.educastur.es\/ixuxu\/wp-json\/wp\/v2\/posts"}],"about":[{"href":"https:\/\/edublog.educastur.es\/ixuxu\/wp-json\/wp\/v2\/types\/post"}],"author":[{"embeddable":true,"href":"https:\/\/edublog.educastur.es\/ixuxu\/wp-json\/wp\/v2\/users\/117"}],"replies":[{"embeddable":true,"href":"https:\/\/edublog.educastur.es\/ixuxu\/wp-json\/wp\/v2\/comments?post=39617"}],"version-history":[{"count":3,"href":"https:\/\/edublog.educastur.es\/ixuxu\/wp-json\/wp\/v2\/posts\/39617\/revisions"}],"predecessor-version":[{"id":39620,"href":"https:\/\/edublog.educastur.es\/ixuxu\/wp-json\/wp\/v2\/posts\/39617\/revisions\/39620"}],"wp:attachment":[{"href":"https:\/\/edublog.educastur.es\/ixuxu\/wp-json\/wp\/v2\/media?parent=39617"}],"wp:term":[{"taxonomy":"category","embeddable":true,"href":"https:\/\/edublog.educastur.es\/ixuxu\/wp-json\/wp\/v2\/categories?post=39617"},{"taxonomy":"post_tag","embeddable":true,"href":"https:\/\/edublog.educastur.es\/ixuxu\/wp-json\/wp\/v2\/tags?post=39617"}],"curies":[{"name":"wp","href":"https:\/\/api.w.org\/{rel}","templated":true}]}}