{"id":39621,"date":"2025-01-06T20:30:47","date_gmt":"2025-01-06T18:30:47","guid":{"rendered":"https:\/\/edublog.educastur.es\/ixuxu\/?p=39621"},"modified":"2025-01-06T22:48:27","modified_gmt":"2025-01-06T20:48:27","slug":"lexecutivu-va-convertir-el-muja-nun-referente-turisticu-nel-usu-de-tecnoloxies-de-vanguardia","status":"publish","type":"post","link":"https:\/\/edublog.educastur.es\/ixuxu\/2025\/01\/lexecutivu-va-convertir-el-muja-nun-referente-turisticu-nel-usu-de-tecnoloxies-de-vanguardia\/","title":{"rendered":"L&#8217;Executivu va convertir el MUJA nun referente tur\u00edsticu nel usu de tecnolox\u00edes de vanguardia"},"content":{"rendered":"<p>L&#8217;Executivu va convertir el MUJA nun referente tur\u00edsticu nel usu de tecnolox\u00edes de vanguardia con una inversi\u00f3n de 347.000 euros. El mus\u00e9u va ameyorar la esperiencia de los usuarios con paneles interactivos y recreaciones audiovisuales, ente otres novedaes.<\/p>\n<p style=\"text-align: center\"><a href=\"https:\/\/actualidad.asturias.es\/documents\/537115\/2316226\/MUJA.jpg\/a8441e75-cece-36c1-df83-c01020521342?t=1736156078357\"><img loading=\"lazy\" decoding=\"async\" class=\"aligncenter size-large\" src=\"https:\/\/actualidad.asturias.es\/documents\/537115\/2316226\/MUJA.jpg\/a8441e75-cece-36c1-df83-c01020521342?t=1736156078357\" width=\"1462\" height=\"724\" \/><\/a><\/p>\n<p>El Gobiernu del Princip\u00e1u va convertir el <strong>Mus\u00e9u del Xur\u00e1sicu d&#8217;Asturies (MUJA)<\/strong>, unu de los principales equipamientos culturales de la comunid\u00e1, nun referente tur\u00edsticu nel usu de tecnolox\u00edes de vanguardia. El Princip\u00e1u dixitalizar\u00e1 l&#8217;equipamientu con una inversi\u00f3n de 347.703,18 euros financiada con fondos europeos Next Generation. <a href=\"https:\/\/actualidad.asturias.es\/-\/el-gobierno-de-asturias-convertir%C3%A1-el-muja-en-un-referente-tur%C3%ADstico-en-el-uso-de-tecnolog%C3%ADas-de-vanguardia-con-una-inversi%C3%B3n-de-347.000-euros?redirect=%2Fnoticias\">Fonte: Actualidad Asturies<\/a> \/<\/p>\n<p><!--more--><\/p>\n<ul>\n<li>Los trabayos van afectar tantu al interior como al esterior del mus\u00e9u y van dexar incorporar tecnolox\u00edes innovadores nos recursos espositivos, instalar sistemes de comunicaci\u00f3n qu&#8217;ameyoren la esperiencia del visitante y facilitar la vienta d&#8217;entraes online al travi\u00e9s de conex\u00f3n wifi.<\/li>\n<li>La sala del Xur\u00e1sicu va incorporar paneles led nes vitrines p&#8217;allumar les roques y f\u00f3siles con retruques del paisaxe en funci\u00f3n de les d\u00f3mines y formaciones xeol\u00f3xiques.<\/li>\n<li>Am\u00e1s, va proxectase xuna recreaci\u00f3n animada de los restos f\u00f3siles na vitrina del ictiosauriu (un reptil mar\u00edn). Pa ello, va amosase parte de la cadarma f\u00f3sil identificando cada pieza y va proxectase una simulaci\u00f3n que-y dar\u00e1 vida y movimientu.<\/li>\n<li>Tami\u00e9n se va amosar un v\u00eddeu qu&#8217;esplica&#8217;l procesu por aciu el cual la pisada d&#8217;un dinosauriu convitiose nuna buelga f\u00f3sil.<\/li>\n<li>Toos estos recursos audiovisuales van tar basaos n&#8217;imaxes reales, infograf\u00edes y pequenes animaciones pa ilustrar y apurrir m\u00e1s informaci\u00f3n a ca\u00fana de les pieces.<\/li>\n<li>Pa fomentar que los visitantes impl\u00edquense y esfruten d&#8217;una forma m\u00e1s participativa nel mus\u00e9u, van instalase tr\u00e9s paneles interactivos de 67 pulgaes na sala dedicada al xur\u00e1sicu que va dexar interactuar gracies a la disposici\u00f3n de xuegos en flax.<\/li>\n<li>Tami\u00e9n se va allugar en salar taller una soluci\u00f3n interactiva que va cubrir cuatro metros de par\u00e9 y va combinar cayuela con tecnolox\u00eda de proyecci\u00f3n interactiva y t\u00e1ctil.<\/li>\n<li>Les lluces led pa facilitar el cam\u00edn del usuariu y la sustituci\u00f3n de reproductores de DVD por reproductores dixitales son otres mid\u00edes que se van emplegar pa optimizar los espacios.<\/li>\n<li>Rede wifi en tola cortil y meyora de la megafon\u00eda. P&#8217;ameyorar la comunicaci\u00f3n en tola cortil, va instalase xuna rede wifi tantu nel interior como nel esterior. Asina, aquellos visitantes que s&#8217;atopen na zona de los xardinos, que cunta con 7.000 metros cuadros de retruques y un parque infantil, van poder mercar les entraes online y visitar l&#8217;espaciu espositivu interior.<\/li>\n<li>Otres meyores t\u00e9cniques coles que se van aumentar les competencies dixitales del mus\u00e9u van basase en sistemes d&#8217;arranque automatizado y control de los equipos o sistemes pa xestionar el conten\u00edu dende la recepci\u00f3n del mus\u00e9u, dexando unviar avisos y mensaxes a les pantalles de too l&#8217;equipamientu.<\/li>\n<li>Am\u00e1s, va habilitase megafon\u00eda esterior pa dar avisos a los visitantes que s&#8217;atopen percorriendo la zona espositiva qu&#8217;arrodia&#8217;l mus\u00e9u.<\/li>\n<\/ul>\n<p style=\"text-align: center\"><a href=\"https:\/\/actualidad.asturias.es\/documents\/537115\/2316226\/museo+jurasico.jpg\/13d4ed48-e07e-acaf-32d8-09b42e6478bf?t=1736164791296\"><img loading=\"lazy\" decoding=\"async\" class=\"aligncenter size-large\" src=\"https:\/\/actualidad.asturias.es\/documents\/537115\/2316226\/museo+jurasico.jpg\/13d4ed48-e07e-acaf-32d8-09b42e6478bf?t=1736164791296\" width=\"1000\" height=\"667\" \/><\/a><\/p>\n<p>La S<strong>ocied\u00e1 P\u00fablica de Xesti\u00f3n y Promoci\u00f3n Tur\u00edstica y Cultural del Princip\u00e1u d&#8217;Asturies, entid\u00e1 que xestiona&#8217;l MUJA<\/strong>, foi la encargada de dise\u00f1ar estes meyores pal mus\u00e9u. La socied\u00e1 hai licitado un contratu p&#8217;aplicar estes nueves tecnolox\u00edes nel espaciu espositivu con un importe de 347.703 euros. un presupuestu que s&#8217;atopa dientro de les actuaciones de cohesi\u00f3n ente destinos dise\u00f1aes pola Viceconsejer\u00eda de Turismu y financiaes con fondos europeos Next Generation.<\/p>\n","protected":false},"excerpt":{"rendered":"<p>L&#8217;Executivu va convertir el MUJA nun referente tur\u00edsticu nel usu de tecnolox\u00edes de vanguardia con una inversi\u00f3n de 347.000 euros. El mus\u00e9u va ameyorar la esperiencia de los usuarios con paneles interactivos y recreaciones audiovisuales, ente otres novedaes. El Gobiernu del Princip\u00e1u va convertir el Mus\u00e9u del Xur\u00e1sicu d&#8217;Asturies (MUJA), unu de los principales equipamientos [&hellip;]<\/p>\n","protected":false},"author":117,"featured_media":0,"comment_status":"open","ping_status":"open","sticky":false,"template":"","format":"standard","meta":{"footnotes":""},"categories":[15],"tags":[],"class_list":["post-39621","post","type-post","status-publish","format-standard","hentry","category-museos"],"_links":{"self":[{"href":"https:\/\/edublog.educastur.es\/ixuxu\/wp-json\/wp\/v2\/posts\/39621","targetHints":{"allow":["GET"]}}],"collection":[{"href":"https:\/\/edublog.educastur.es\/ixuxu\/wp-json\/wp\/v2\/posts"}],"about":[{"href":"https:\/\/edublog.educastur.es\/ixuxu\/wp-json\/wp\/v2\/types\/post"}],"author":[{"embeddable":true,"href":"https:\/\/edublog.educastur.es\/ixuxu\/wp-json\/wp\/v2\/users\/117"}],"replies":[{"embeddable":true,"href":"https:\/\/edublog.educastur.es\/ixuxu\/wp-json\/wp\/v2\/comments?post=39621"}],"version-history":[{"count":1,"href":"https:\/\/edublog.educastur.es\/ixuxu\/wp-json\/wp\/v2\/posts\/39621\/revisions"}],"predecessor-version":[{"id":39622,"href":"https:\/\/edublog.educastur.es\/ixuxu\/wp-json\/wp\/v2\/posts\/39621\/revisions\/39622"}],"wp:attachment":[{"href":"https:\/\/edublog.educastur.es\/ixuxu\/wp-json\/wp\/v2\/media?parent=39621"}],"wp:term":[{"taxonomy":"category","embeddable":true,"href":"https:\/\/edublog.educastur.es\/ixuxu\/wp-json\/wp\/v2\/categories?post=39621"},{"taxonomy":"post_tag","embeddable":true,"href":"https:\/\/edublog.educastur.es\/ixuxu\/wp-json\/wp\/v2\/tags?post=39621"}],"curies":[{"name":"wp","href":"https:\/\/api.w.org\/{rel}","templated":true}]}}