{"id":39625,"date":"2025-01-06T22:00:42","date_gmt":"2025-01-06T20:00:42","guid":{"rendered":"https:\/\/edublog.educastur.es\/ixuxu\/?p=39625"},"modified":"2025-01-08T11:09:49","modified_gmt":"2025-01-08T09:09:49","slug":"viii-xuntaza-navida-en-grau-xineiru-2025","status":"publish","type":"post","link":"https:\/\/edublog.educastur.es\/ixuxu\/2025\/01\/viii-xuntaza-navida-en-grau-xineiru-2025\/","title":{"rendered":"VIII Xuntaza Navida\u0301 en Grau. Xineiru 2025."},"content":{"rendered":"<div id=\"title\" class=\"style-scope ytd-watch-metadata\">\n<h1 style=\"text-align: center\">\n<!-- iframe plugin v.6.0 wordpress.org\/plugins\/iframe\/ -->\n<iframe loading=\"lazy\" width=\"100%\" height=\"393\" src=\"https:\/\/www.youtube.com\/embed\/8Fvva4k2JDQ\" title=\"XXVIII Nueche en danza (La Villa, conceyu Villaviciosa)\" frameborder=\"0\" allow=\"accelerometer; autoplay; clipboard-write; encrypted-media; gyroscope; picture-in-picture; web-share\" referrerpolicy=\"strict-origin-when-cross-origin\" 0=\"allowfullscreen\" 1=\"\/iframe\" scrolling=\"yes\" class=\"iframe-class\"><\/iframe>\n<\/h1>\n<\/div>\n<div class=\"html-div xdj266r x11i5rnm xat24cr x1mh8g0r xexx8yu x4uap5 x18d9i69 xkhd6sd x1iyjqo2\">\n<div class=\"x78zum5 xdt5ytf xz62fqu x16ldp7u\">\n<div class=\"xu06os2 x1ok221b\">\n<div class=\"html-div xdj266r x11i5rnm xat24cr x1mh8g0r xexx8yu x4uap5 x18d9i69 xkhd6sd\" data-ad-rendering-role=\"profile_name\">\n<ul>\n<li id=\":r20t:\" class=\"html-h2 x11i5rnm xat24cr x1mh8g0r xexx8yu x4uap5 x18d9i69 xkhd6sd x1vvkbs x1heor9g x1qlqyl8 x1pd3egz x1a2a7pz x1gslohp x1yc453h\"><span class=\"xt0psk2\"><a class=\"x1i10hfl xjbqb8w x1ejq31n xd10rxx x1sy0etr x17r0tee x972fbf xcfux6l x1qhh985 xm0m39n x9f619 x1ypdohk xt0psk2 xe8uvvx xdj266r x11i5rnm xat24cr x1mh8g0r xexx8yu x4uap5 x18d9i69 xkhd6sd x16tdsg8 x1hl2dhg xggy1nq x1a2a7pz x1sur9pj xkrqix3 xzsf02u x1s688f\" role=\"link\" href=\"https:\/\/www.facebook.com\/musicasturiana?__cft__[0]=AZUt9LLy7PA6-qOBj5_lm5ssS6wxKk2WAND6q14Cer5KvVv4oTrwhPyyz0ilIFkcFyOZ28u0zQjQTo_d42KNW4t4dmMZtlTIB7K4VCcHmWZtj6If31Z-io774yTR25-34sYvzHlG8G9_y4z_Qy5GiRHIXhK2sr3Ywdwy1bI1BNt5oJ1iI80YTO9gzS-_czbwpgw&amp;__tn__=-UC%2CP-R\"><strong class=\"html-strong xdj266r x11i5rnm xat24cr x1mh8g0r xexx8yu x4uap5 x18d9i69 xkhd6sd x1hl2dhg x16tdsg8 x1vvkbs x1s688f\"><span class=\"html-span xdj266r x11i5rnm xat24cr x1mh8g0r xexx8yu x4uap5 x18d9i69 xkhd6sd x1hl2dhg x16tdsg8 x1vvkbs\">musicasturiana.com<\/span><\/strong><\/a><\/span><\/li>\n<li>\n<p class=\"elementor-heading-title elementor-size-default\"><a href=\"https:\/\/musicasturiana.com\/latoam-asoleya-dos-videos-colos-eventos-de-musica-tradicional-mas-destacaos-de-la-navida\/?fbclid=IwZXh0bgNhZW0CMTEAAR0PbdjBcRbAyOCACXzsOD86RrgvvqBqqcnBQ8q76reh4NhvxGWx62WQGkQ_aem_3p1n6rbe4iW8KyDPYZX8zQ\">L\u2019ATOAM asoleya dos v\u00eddeos colos eventos de m\u00fasica tradicional m\u00e1s destacaos de la Navid\u00e1<\/a><\/p>\n<\/li>\n<\/ul>\n<\/div>\n<\/div>\n<\/div>\n<\/div>\n<div class=\"xqcrz7y x78zum5 x1qx5ct2 x1y1aw1k x1sxyh0 xwib8y2 xurb0ha xw4jnvo\">\n<div><\/div>\n<\/div>\n<div class=\"html-div xdj266r x11i5rnm xat24cr x1mh8g0r xexx8yu x4uap5 x18d9i69 xkhd6sd\" dir=\"auto\">\n<div class=\"html-div xdj266r x11i5rnm xat24cr x1mh8g0r xexx8yu x4uap5 x18d9i69 xkhd6sd\" data-ad-rendering-role=\"story_message\">\n<div id=\":r20v:\" class=\"x1l90r2v x1iorvi4 x1ye3gou xn6708d\" data-ad-comet-preview=\"message\" data-ad-preview=\"message\">\n<div class=\"x78zum5 xdt5ytf xz62fqu x16ldp7u\">\n<div class=\"xu06os2 x1ok221b\">\n<div class=\"xdj266r x11i5rnm xat24cr x1mh8g0r x1vvkbs x126k92a\">\n<div dir=\"auto\"><span class=\"html-span xexx8yu x4uap5 x18d9i69 xkhd6sd x1hl2dhg x16tdsg8 x1vvkbs x3nfvp2 x1j61x8r x1fcty0u xdj266r xat24cr xgzva0m xhhsvwb xxymvpz xlup9mm x1kky2od\"><img loading=\"lazy\" decoding=\"async\" class=\"xz74otr\" src=\"https:\/\/static.xx.fbcdn.net\/images\/emoji.php\/v9\/t5f\/1\/16\/1f4f9.png\" alt=\"?\" width=\"16\" height=\"16\" \/><\/span> Y\u00e1 pueden revivise la <span class=\"html-span xdj266r x11i5rnm xat24cr x1mh8g0r xexx8yu x4uap5 x18d9i69 xkhd6sd x1hl2dhg x16tdsg8 x1vvkbs\"><a class=\"x1i10hfl xjbqb8w x1ejq31n xd10rxx x1sy0etr x17r0tee x972fbf xcfux6l x1qhh985 xm0m39n x9f619 x1ypdohk xt0psk2 xe8uvvx xdj266r x11i5rnm xat24cr x1mh8g0r xexx8yu x4uap5 x18d9i69 xkhd6sd x16tdsg8 x1hl2dhg xggy1nq x1a2a7pz x1sur9pj xkrqix3 x1fey0fg x1s688f\" role=\"link\" href=\"https:\/\/www.facebook.com\/nuechesendanza?__cft__[0]=AZUt9LLy7PA6-qOBj5_lm5ssS6wxKk2WAND6q14Cer5KvVv4oTrwhPyyz0ilIFkcFyOZ28u0zQjQTo_d42KNW4t4dmMZtlTIB7K4VCcHmWZtj6If31Z-io774yTR25-34sYvzHlG8G9_y4z_Qy5GiRHIXhK2sr3Ywdwy1bI1BNt5oJ1iI80YTO9gzS-_czbwpgw&amp;__tn__=-]K-R\"><span class=\"xt0psk2\">Nueche en danza<\/span><\/a><\/span> de Villaviciosa y la Xuntanza la Navid\u00e1 de Grau con estes dos esbilles que recueyen los meyores momentos.<\/div>\n<div dir=\"auto\"><!--more--><\/div>\n<div dir=\"auto\">\n<div id=\"title\" class=\"style-scope ytd-watch-metadata\">\n<h1 class=\"style-scope ytd-watch-metadata\" style=\"text-align: center\">\n<!-- iframe plugin v.6.0 wordpress.org\/plugins\/iframe\/ -->\n<iframe loading=\"lazy\" width=\"100%\" height=\"423\" src=\"https:\/\/www.youtube.com\/embed\/YFq0tgT7oyI\" title=\"VIII Xuntaza Navid\u00e1 en Grau. Xineiru 2025. Esbilla.\" frameborder=\"0\" allow=\"accelerometer; autoplay; clipboard-write; encrypted-media; gyroscope; picture-in-picture; web-share\" referrerpolicy=\"strict-origin-when-cross-origin\" 0=\"allowfullscreen\" 1=\"\/iframe\" scrolling=\"yes\" class=\"iframe-class\"><\/iframe>\n<\/h1>\n<\/div>\n<div id=\"top-row\" class=\"style-scope ytd-watch-metadata\">\n<div id=\"owner\" class=\"item style-scope ytd-watch-metadata\">\n<div id=\"upload-info\" class=\"style-scope ytd-video-owner-renderer\">\n<div id=\"container\" class=\"style-scope ytd-channel-name\">\n<ul>\n<li id=\"text-container\" class=\"style-scope ytd-channel-name\"><a class=\"yt-simple-endpoint style-scope yt-formatted-string\" href=\"https:\/\/www.youtube.com\/@xoseambas\">xoseambas<\/a><\/li>\n<\/ul>\n<\/div>\n<\/div>\n<\/div>\n<\/div>\n<p><span class=\"yt-core-attributed-string yt-core-attributed-string--white-space-pre-wrap\" dir=\"auto\" role=\"text\"><span class=\"yt-core-attributed-string--link-inherit-color\" dir=\"auto\">N&#8217;esta esbilla apaecen dellos retalinos de los reportorios de tolas formaciones participantes na VIII Xuntaza Navid\u00e1 de Grau&#8217;l 03 de Xineiru del 2025.<\/span><\/span><\/p>\n<\/div>\n<\/div>\n<\/div>\n<\/div>\n<\/div>\n<\/div>\n<\/div>\n<p>&nbsp;<\/p>\n","protected":false},"excerpt":{"rendered":"<p>musicasturiana.com L\u2019ATOAM asoleya dos v\u00eddeos colos eventos de m\u00fasica tradicional m\u00e1s destacaos de la Navid\u00e1 Y\u00e1 pueden revivise la Nueche en danza de Villaviciosa y la Xuntanza la Navid\u00e1 de Grau con estes dos esbilles que recueyen los meyores momentos.<\/p>\n","protected":false},"author":117,"featured_media":0,"comment_status":"open","ping_status":"open","sticky":false,"template":"","format":"standard","meta":{"footnotes":""},"categories":[238,35,125],"tags":[],"class_list":["post-39625","post","type-post","status-publish","format-standard","hentry","category-baile","category-musica","category-musicasturiana-com"],"_links":{"self":[{"href":"https:\/\/edublog.educastur.es\/ixuxu\/wp-json\/wp\/v2\/posts\/39625","targetHints":{"allow":["GET"]}}],"collection":[{"href":"https:\/\/edublog.educastur.es\/ixuxu\/wp-json\/wp\/v2\/posts"}],"about":[{"href":"https:\/\/edublog.educastur.es\/ixuxu\/wp-json\/wp\/v2\/types\/post"}],"author":[{"embeddable":true,"href":"https:\/\/edublog.educastur.es\/ixuxu\/wp-json\/wp\/v2\/users\/117"}],"replies":[{"embeddable":true,"href":"https:\/\/edublog.educastur.es\/ixuxu\/wp-json\/wp\/v2\/comments?post=39625"}],"version-history":[{"count":5,"href":"https:\/\/edublog.educastur.es\/ixuxu\/wp-json\/wp\/v2\/posts\/39625\/revisions"}],"predecessor-version":[{"id":39714,"href":"https:\/\/edublog.educastur.es\/ixuxu\/wp-json\/wp\/v2\/posts\/39625\/revisions\/39714"}],"wp:attachment":[{"href":"https:\/\/edublog.educastur.es\/ixuxu\/wp-json\/wp\/v2\/media?parent=39625"}],"wp:term":[{"taxonomy":"category","embeddable":true,"href":"https:\/\/edublog.educastur.es\/ixuxu\/wp-json\/wp\/v2\/categories?post=39625"},{"taxonomy":"post_tag","embeddable":true,"href":"https:\/\/edublog.educastur.es\/ixuxu\/wp-json\/wp\/v2\/tags?post=39625"}],"curies":[{"name":"wp","href":"https:\/\/api.w.org\/{rel}","templated":true}]}}