{"id":39639,"date":"2025-01-07T08:20:52","date_gmt":"2025-01-07T06:20:52","guid":{"rendered":"https:\/\/edublog.educastur.es\/ixuxu\/?p=39639"},"modified":"2025-01-07T22:25:30","modified_gmt":"2025-01-07T20:25:30","slug":"39639","status":"publish","type":"post","link":"https:\/\/edublog.educastur.es\/ixuxu\/2025\/01\/39639\/","title":{"rendered":"Est\u00e1u del tiempu. martes 7 de xineru 2025"},"content":{"rendered":"<div class=\"xu06os2 x1ok221b\">\n<div class=\"html-div xdj266r x11i5rnm xat24cr x1mh8g0r xexx8yu x4uap5 x18d9i69 xkhd6sd\" data-ad-rendering-role=\"profile_name\">\n<ul>\n<li class=\"html-h3 x11i5rnm xat24cr x1mh8g0r xexx8yu x4uap5 x18d9i69 xkhd6sd x1vvkbs x1heor9g x1qlqyl8 x1pd3egz x1a2a7pz x1gslohp x1yc453h\"><span class=\"x1lliihq x6ikm8r x10wlt62 x1n2onr6\"><span class=\"xt0psk2\"><a class=\"x1i10hfl xjbqb8w x1ejq31n xd10rxx x1sy0etr x17r0tee x972fbf xcfux6l x1qhh985 xm0m39n x9f619 x1ypdohk xt0psk2 xe8uvvx xdj266r x11i5rnm xat24cr x1mh8g0r xexx8yu x4uap5 x18d9i69 xkhd6sd x16tdsg8 x1hl2dhg xggy1nq x1a2a7pz x1sur9pj xkrqix3 xzsf02u x1s688f\" role=\"link\" href=\"https:\/\/www.facebook.com\/eltiempuenasturies?__cft__[0]=AZXXVqXlHTQcs9D1-1ZRss4t_yDbpobWMRG8Aq44UxFn5YI9zDTfxV7tyair9ddJoBmNuakpfjev_P9yiB02A_5OcxglZFoSi4hTvGWS-owk_fIgW8Al2aGE7KCaOj6ZxEnp4fvzSNW4Plnt0muDpo7fy8BK8ONppeJQXr1-wM3CUFf-FqrgNPmi1GQNlu6sNOzoD_aNRzKzYB2-QDckWzJvhepN-qMHXkqOTpY4_ILU0Q&amp;__tn__=-UC%2CP-y-R\"><strong class=\"html-strong xdj266r x11i5rnm xat24cr x1mh8g0r xexx8yu x4uap5 x18d9i69 xkhd6sd x1hl2dhg x16tdsg8 x1vvkbs x1s688f\"><span class=\"html-span xdj266r x11i5rnm xat24cr x1mh8g0r xexx8yu x4uap5 x18d9i69 xkhd6sd x1hl2dhg x16tdsg8 x1vvkbs\">El Tiempu n&#8217;Asturies.<\/span><\/strong><\/a><\/span><\/span><\/li>\n<\/ul>\n<\/div>\n<\/div>\n<div class=\"xu06os2 x1ok221b\"><\/div>\n<div class=\"html-div xdj266r x11i5rnm xat24cr x1mh8g0r xexx8yu x4uap5 x18d9i69 xkhd6sd\" dir=\"auto\">\n<div class=\"html-div xdj266r x11i5rnm xat24cr x1mh8g0r xexx8yu x4uap5 x18d9i69 xkhd6sd\" dir=\"auto\">\n<div class=\"html-div xdj266r x11i5rnm xat24cr x1mh8g0r xexx8yu x4uap5 x18d9i69 xkhd6sd\" data-ad-rendering-role=\"story_message\">\n<div class=\"x1l90r2v x1iorvi4 x1ye3gou xn6708d\" data-ad-comet-preview=\"message\" data-ad-preview=\"message\">\n<div class=\"x78zum5 xdt5ytf xz62fqu x16ldp7u\">\n<div class=\"xu06os2 x1ok221b\">\n<div class=\"xdj266r x11i5rnm xat24cr x1mh8g0r x1vvkbs x126k92a\"><\/div>\n<div class=\"x11i5rnm xat24cr x1mh8g0r x1vvkbs xtlvy1s x126k92a\">\n<div dir=\"auto\" style=\"text-align: center\"><a href=\"http:\/\/edublog.educastur.es\/ixuxu\/files\/2024\/11\/467747825_894074599540617_1227988172354431857_n.jpg\"><img loading=\"lazy\" decoding=\"async\" class=\"aligncenter wp-image-36071\" src=\"http:\/\/edublog.educastur.es\/ixuxu\/files\/2024\/11\/467747825_894074599540617_1227988172354431857_n.jpg\" alt=\"\" width=\"265\" height=\"184\" srcset=\"https:\/\/edublog.educastur.es\/ixuxu\/files\/2024\/11\/467747825_894074599540617_1227988172354431857_n.jpg 450w, https:\/\/edublog.educastur.es\/ixuxu\/files\/2024\/11\/467747825_894074599540617_1227988172354431857_n-300x208.jpg 300w, https:\/\/edublog.educastur.es\/ixuxu\/files\/2024\/11\/467747825_894074599540617_1227988172354431857_n-433x300.jpg 433w\" sizes=\"auto, (max-width: 265px) 100vw, 265px\" \/><\/a><\/div>\n<\/div>\n<div class=\"x11i5rnm xat24cr x1mh8g0r x1vvkbs xtlvy1s x126k92a\">\n<div dir=\"auto\" style=\"text-align: center\"><span style=\"color: #008080;font-size: 24px\"><em><strong>\u00abVuelve l&#8217;aire \u00e1brigu\u00bb<\/strong><\/em><\/span><\/div>\n<div dir=\"auto\"><\/div>\n<\/div>\n<div class=\"x11i5rnm xat24cr x1mh8g0r x1vvkbs xtlvy1s x126k92a\">\n<ul>\n<li dir=\"auto\"><strong><span style=\"color: #008080\">Alborecemos<\/span><\/strong> col cielu nuboso ya con unes temperatures que tan alrodiu de los 7\u00baC, rexistr\u00e1ndose nel puirtu Payares -0,6\u00baC.<\/li>\n<\/ul>\n<\/div>\n<div class=\"x11i5rnm xat24cr x1mh8g0r x1vvkbs xtlvy1s x126k92a\">\n<ul>\n<li dir=\"auto\"><strong><span style=\"color: #008080\">G\u00fcei<\/span> <\/strong>vamos tener el cielu mui nuboso cola posibilid\u00e1 de dalguna precipitaci\u00f3n feble, sobre too pela ma\u00f1ana con unes temperatures que van a caltenese baxes estes primeres hores pero a partir del mediud\u00eda va entamar a soplar l&#8217;aire \u00e1brigu cafiante faciendo que suban r\u00e1pidamente.<\/li>\n<\/ul>\n<p><!--more--><\/p>\n<\/div>\n<div class=\"x11i5rnm xat24cr x1mh8g0r x1vvkbs xtlvy1s x126k92a\">\n<ul>\n<li><strong><span style=\"color: #008080\">Ma\u00f1ana mi\u00e9rcoles<\/span><\/strong> tendremos intervalos nubosos entemecios ente dellos claros o abancios con aire \u00e1brigu que condicionar\u00e1 les temperatures pol efeutu foehn que fae al pasu pela cordelera polo que ascender\u00e1n moderadamente tantu les nuecherniegues como pel d\u00eda, dexandonos un ambiente mui suave, sicas\u00ed l&#8217;aire va soplar con raches fuertes en zones altes ya en puntos del llitoral, baxando dalgo <span style=\"color: #000000\">la sensaci\u00f3n t\u00e9rmica.<\/span><\/li>\n<li><strong><span style=\"color: #008080\">El xueves<\/span> <\/strong>seguiremos baxo la mesma situaci\u00f3n, con nubosid\u00e1 media-alta entemec\u00eda ente dellos claros, vientu \u00e1brigu que dir\u00e1 n&#8217;aumentu nes zones espuestes y temperatures mui perriba de lo normal.<\/li>\n<\/ul>\n<\/div>\n<div class=\"x11i5rnm xat24cr x1mh8g0r x1vvkbs xtlvy1s x126k92a\">\n<ul>\n<li dir=\"auto\"><strong><span style=\"color: #008080\">El vienres<\/span> <\/strong>hai la posibilid\u00e1 de que mos afeute un frente atl\u00e1nticu que mos dexar\u00eda dalgo de lluvia pela tarde anque les temperatures seguir\u00eden siendo altes.<\/li>\n<\/ul>\n<\/div>\n<div class=\"x11i5rnm xat24cr x1mh8g0r x1vvkbs xtlvy1s x126k92a\">\n<ul>\n<li dir=\"auto\"><strong><span style=\"color: #008080\">Paez qu&#8217;apartir del domingu<\/span> <\/strong>vamos tener altes presiones enrriba, dempu\u00e9s d&#8217;un s\u00e1badu pas\u00e1u per agua, pa dexanos una selmana viniente de sol pero con xelaes nuecherniegues, pero esto y\u00e1 lu diremos viendo.<\/li>\n<\/ul>\n<\/div>\n<div class=\"x11i5rnm xat24cr x1mh8g0r x1vvkbs xtlvy1s x126k92a\">\n<div dir=\"auto\"><\/div>\n<\/div>\n<div class=\"x11i5rnm xat24cr x1mh8g0r x1vvkbs xtlvy1s x126k92a\">\n<div dir=\"auto\">Semeya dende l&#8217;altu La texera que mos apurre F Merides Venticuatro.<\/div>\n<div dir=\"auto\" style=\"text-align: center\">\n<!-- iframe plugin v.6.0 wordpress.org\/plugins\/iframe\/ -->\n<iframe loading=\"lazy\" src=\"https:\/\/www.facebook.com\/plugins\/post.php?href=https%3A%2F%2Fwww.facebook.com%2Feltiempuenasturies%2Fposts%2Fpfbid02Nf5VhK56ftvipkpHkWMA3kBW6zfF5W3r4LHUinLWXKP7zAyNBmrzLp6cixw2eJpil&#038;show_text=false&#038;width=500\" width=\"500\" height=\"281\" style=\"border:none;overflow:hidden\" scrolling=\"no\" frameborder=\"0\" allowfullscreen=\"true\" allow=\"autoplay; clipboard-write; encrypted-media; picture-in-picture; web-share\" 0=\"\/iframe\" class=\"iframe-class\"><\/iframe>\n<\/div>\n<\/div>\n<\/div>\n<\/div>\n<\/div>\n<\/div>\n<\/div>\n<\/div>\n<p>&nbsp;<\/p>\n","protected":false},"excerpt":{"rendered":"<p>El Tiempu n&#8217;Asturies. \u00abVuelve l&#8217;aire \u00e1brigu\u00bb Alborecemos col cielu nuboso ya con unes temperatures que tan alrodiu de los 7\u00baC, rexistr\u00e1ndose nel puirtu Payares -0,6\u00baC. G\u00fcei vamos tener el cielu mui nuboso cola posibilid\u00e1 de dalguna precipitaci\u00f3n feble, sobre too pela ma\u00f1ana con unes temperatures que van a caltenese baxes estes primeres hores pero a [&hellip;]<\/p>\n","protected":false},"author":117,"featured_media":0,"comment_status":"open","ping_status":"open","sticky":false,"template":"","format":"standard","meta":{"footnotes":""},"categories":[5],"tags":[],"class_list":["post-39639","post","type-post","status-publish","format-standard","hentry","category-tiempu"],"_links":{"self":[{"href":"https:\/\/edublog.educastur.es\/ixuxu\/wp-json\/wp\/v2\/posts\/39639","targetHints":{"allow":["GET"]}}],"collection":[{"href":"https:\/\/edublog.educastur.es\/ixuxu\/wp-json\/wp\/v2\/posts"}],"about":[{"href":"https:\/\/edublog.educastur.es\/ixuxu\/wp-json\/wp\/v2\/types\/post"}],"author":[{"embeddable":true,"href":"https:\/\/edublog.educastur.es\/ixuxu\/wp-json\/wp\/v2\/users\/117"}],"replies":[{"embeddable":true,"href":"https:\/\/edublog.educastur.es\/ixuxu\/wp-json\/wp\/v2\/comments?post=39639"}],"version-history":[{"count":2,"href":"https:\/\/edublog.educastur.es\/ixuxu\/wp-json\/wp\/v2\/posts\/39639\/revisions"}],"predecessor-version":[{"id":39641,"href":"https:\/\/edublog.educastur.es\/ixuxu\/wp-json\/wp\/v2\/posts\/39639\/revisions\/39641"}],"wp:attachment":[{"href":"https:\/\/edublog.educastur.es\/ixuxu\/wp-json\/wp\/v2\/media?parent=39639"}],"wp:term":[{"taxonomy":"category","embeddable":true,"href":"https:\/\/edublog.educastur.es\/ixuxu\/wp-json\/wp\/v2\/categories?post=39639"},{"taxonomy":"post_tag","embeddable":true,"href":"https:\/\/edublog.educastur.es\/ixuxu\/wp-json\/wp\/v2\/tags?post=39639"}],"curies":[{"name":"wp","href":"https:\/\/api.w.org\/{rel}","templated":true}]}}