{"id":39642,"date":"2025-01-07T09:00:46","date_gmt":"2025-01-07T07:00:46","guid":{"rendered":"https:\/\/edublog.educastur.es\/ixuxu\/?p=39642"},"modified":"2025-01-07T22:30:15","modified_gmt":"2025-01-07T20:30:15","slug":"hevia-llanza-en-toles-plataformes-musicales-lalbum-platinum-europe-award-25-aniversario","status":"publish","type":"post","link":"https:\/\/edublog.educastur.es\/ixuxu\/2025\/01\/hevia-llanza-en-toles-plataformes-musicales-lalbum-platinum-europe-award-25-aniversario\/","title":{"rendered":"Hevia llanza en toles plataformes musicales l\u2019\u00e1lbum \u2018Platinum Europe Award. 25 Aniversario\u2019"},"content":{"rendered":"<div class=\"xu06os2 x1ok221b\">\n<ul>\n<li class=\"html-h3 x11i5rnm xat24cr x1mh8g0r xexx8yu x4uap5 x18d9i69 xkhd6sd x1vvkbs x1heor9g x1qlqyl8 x1pd3egz x1a2a7pz x1gslohp x1yc453h\"><span class=\"xt0psk2\"><a class=\"x1i10hfl xjbqb8w x1ejq31n xd10rxx x1sy0etr x17r0tee x972fbf xcfux6l x1qhh985 xm0m39n x9f619 x1ypdohk xt0psk2 xe8uvvx xdj266r x11i5rnm xat24cr x1mh8g0r xexx8yu x4uap5 x18d9i69 xkhd6sd x16tdsg8 x1hl2dhg xggy1nq x1a2a7pz x1sur9pj xkrqix3 xzsf02u x1s688f\" role=\"link\" href=\"https:\/\/www.facebook.com\/musicasturiana?__cft__[0]=AZWFeFZShNL7VzS7xdg-XPM4-j5jGK1oBc-LI_6QEzkZZc4IyxUy4C41bL1O68KNlSygX387o1AR-Vi9yWR3NoYIZ161sLnmg5v1GkaFbnl0o0M8H6njdCI_GiZGGbdYdrxJ4aaGMPxT8f-3HCotVi0A-5stRc7NErWMR4VEtYQako5-J4ifZ0fPZNai73XlHhSKag5wifB5CYfo1p8jBXXlo9Ko1bCp7yawxPHCrgUk4Q&amp;__tn__=-UC%2CP-y-R\"><strong class=\"html-strong xdj266r x11i5rnm xat24cr x1mh8g0r xexx8yu x4uap5 x18d9i69 xkhd6sd x1hl2dhg x16tdsg8 x1vvkbs x1s688f\"><span class=\"html-span xdj266r x11i5rnm xat24cr x1mh8g0r xexx8yu x4uap5 x18d9i69 xkhd6sd x1hl2dhg x16tdsg8 x1vvkbs\">musicasturiana.com<\/span><\/strong><\/a><\/span>\/ <a href=\"https:\/\/musicasturiana.com\/hevia-llanza-en-toles-plataformes-musicales-lalbum-platinum-europe-award-25-aniversario\/?fbclid=IwZXh0bgNhZW0CMTEAAR1RoEKaE1aYgSuvLhL2nkpNOknTJpMNosuVEucYdTX_JqYkwJ7NMftGMm8_aem_WG4p5IWON9Qy6RSWiJm1zw\">art\u00edculu<\/a> \/ <a href=\"https:\/\/open.spotify.com\/intl-es\/album\/5IwlfhYJ1VwxsBJrOnvUlL?si=kr1FQ4bATV-oARNJ6ez9Pg\">Spotify<\/a> \/<\/li>\n<\/ul>\n<p style=\"text-align: center\">\n<!-- iframe plugin v.6.0 wordpress.org\/plugins\/iframe\/ -->\n<iframe loading=\"lazy\" width=\"100%\" height=\"393\" src=\"https:\/\/www.youtube.com\/embed\/FwJt90Pbm8U\" title=\"\u00a1NEW VIDEOCLIP Busindre Reel 25! - HEVIA\" frameborder=\"0\" allow=\"accelerometer; autoplay; clipboard-write; encrypted-media; gyroscope; picture-in-picture; web-share\" referrerpolicy=\"strict-origin-when-cross-origin\" 0=\"allowfullscreen\" 1=\"\/iframe\" scrolling=\"yes\" class=\"iframe-class\"><\/iframe>\n<\/p>\n<\/div>\n<div class=\"xu06os2 x1ok221b\">\n<div class=\"html-div xdj266r x11i5rnm xat24cr x1mh8g0r xexx8yu x4uap5 x18d9i69 xkhd6sd x1q0g3np\"><\/div>\n<\/div>\n<div class=\"html-div xdj266r x11i5rnm xat24cr x1mh8g0r xexx8yu x4uap5 x18d9i69 xkhd6sd\" dir=\"auto\">\n<div class=\"html-div xdj266r x11i5rnm xat24cr x1mh8g0r xexx8yu x4uap5 x18d9i69 xkhd6sd\" dir=\"auto\">\n<div class=\"html-div xdj266r x11i5rnm xat24cr x1mh8g0r xexx8yu x4uap5 x18d9i69 xkhd6sd\" data-ad-rendering-role=\"story_message\">\n<div class=\"x1l90r2v x1iorvi4 x1ye3gou xn6708d\" data-ad-comet-preview=\"message\" data-ad-preview=\"message\">\n<div class=\"x78zum5 xdt5ytf xz62fqu x16ldp7u\">\n<div class=\"xu06os2 x1ok221b\">\n<div class=\"xdj266r x11i5rnm xat24cr x1mh8g0r x1vvkbs x126k92a\">\n<div dir=\"auto\">El discu nuevu de <span class=\"html-span xdj266r x11i5rnm xat24cr x1mh8g0r xexx8yu x4uap5 x18d9i69 xkhd6sd x1hl2dhg x16tdsg8 x1vvkbs\"><a class=\"x1i10hfl xjbqb8w x1ejq31n xd10rxx x1sy0etr x17r0tee x972fbf xcfux6l x1qhh985 xm0m39n x9f619 x1ypdohk xt0psk2 xe8uvvx xdj266r x11i5rnm xat24cr x1mh8g0r xexx8yu x4uap5 x18d9i69 xkhd6sd x16tdsg8 x1hl2dhg xggy1nq x1a2a7pz x1sur9pj xkrqix3 x1fey0fg x1s688f\" role=\"link\" href=\"https:\/\/www.facebook.com\/hevia.es?__cft__[0]=AZWFeFZShNL7VzS7xdg-XPM4-j5jGK1oBc-LI_6QEzkZZc4IyxUy4C41bL1O68KNlSygX387o1AR-Vi9yWR3NoYIZ161sLnmg5v1GkaFbnl0o0M8H6njdCI_GiZGGbdYdrxJ4aaGMPxT8f-3HCotVi0A-5stRc7NErWMR4VEtYQako5-J4ifZ0fPZNai73XlHhSKag5wifB5CYfo1p8jBXXlo9Ko1bCp7yawxPHCrgUk4Q&amp;__tn__=-]K-y-R\"><span class=\"xt0psk2\">Hevia<\/span><\/a><\/span> incl\u00fai diez temes regrabaos tanto del premi\u00e1u discu &#8216;Tierra de Nadie&#8217; como d&#8217;otros trabayos de la so exitosa carrera. Va 25 a\u00f1os Hevia lleg\u00f3 a vender n\u2019Europa\u00a0<strong>1.750.000 copies<\/strong> del so discu <em>Tierra de Nadie<\/em>, un fechu que lu llev\u00f3 a ser gallardon\u00e1u col\u00a0<strong><em>Platinun Europe Award<\/em><\/strong>.<\/div>\n<\/div>\n<div dir=\"auto\">\n<p><!--more--><\/p>\n<p>Pa festexar esti fechu\u2019l gaiteru maliayu entam\u00f3 una serie d\u2019actividaes como\u2019l <strong><a href=\"https:\/\/musicasturiana.com\/el-conciertu-de-xixon-va-ser-puntu-de-partida-dun-nuevu-proyectu-quinclui-discu-y-xira-nueva\/\">conciertu especial<\/a><\/strong> que dio na Semanona de Xix\u00f3n, la publicaci\u00f3n del videoclip \u2018<strong><a href=\"https:\/\/youtu.be\/FwJt90Pbm8U?si=R5R2CT5gWbBnOYgc\" target=\"_blank\" rel=\"noreferrer noopener\">Busindre Reel 25<\/a><\/strong>\u2018 y el llanzamientu del discu <em>Platinum Europe Award. 25 Aniversari<\/em>o. Esti trabayu s\u2019asoley\u00f3 en formatu f\u00edsicu xunto col diariu La Nueva Espa\u00f1a pero dende ayeri y\u00e1 pue sentise en <a href=\"https:\/\/open.spotify.com\/intl-es\/album\/5IwlfhYJ1VwxsBJrOnvUlL?si=rl4CO4ISRj2mMqPFkL8QiQ\" target=\"_blank\" rel=\"noreferrer noopener\">toles plataformes musicales<\/a>.<\/p>\n<div class=\"wp-block-spacer\" aria-hidden=\"true\"><\/div>\n<p>Esti \u00e1lbum nuevu ta form\u00e1u por<strong> diez temes<\/strong> que repasen la trayectoria del gaiteru asturianu m\u00e1s internacional d\u2019esti sieglu. Per un llau incl\u00fai cinco pieces que y\u00e1 formaren parte de<strong> <em>Tierra de Nadie <\/em><\/strong>-\u2018Busindre Reel\u2019, \u2018Naves\u2019, \u2018El Garrot\u00edn\u2019, \u2018Barganaz\u2019 y \u2018Sobrepena\u2019-; y, pel otru, otres cinco que tuvieren <strong>n\u2019otros trabayos<\/strong> -\u2018Albo\u2019, \u2018Pericote\u2019, \u2018Fandango Los Llobos\u2019, \u2018Rubiercos\u2019, \u2018Marcha del Dos de Mayo\u2019. Tolos temes t\u00e1n <strong>regrabaos <\/strong>pa da-yos un son\u00edu m\u00e1s actual y revisitar dalgunos aspectos compositivos.<\/p>\n<div class=\"wp-block-spacer\" style=\"text-align: center\" aria-hidden=\"true\">\n<!-- iframe plugin v.6.0 wordpress.org\/plugins\/iframe\/ -->\n<iframe style=\"border-radius:12px\" src=\"https:\/\/open.spotify.com\/embed\/album\/5IwlfhYJ1VwxsBJrOnvUlL?utm_source=generator\" width=\"100%\" height=\"352\" frameborder=\"0\" allowfullscreen allow=\"autoplay; clipboard-write; encrypted-media; fullscreen; picture-in-picture\" loading=\"lazy\" 0=\"\/iframe\" scrolling=\"yes\" class=\"iframe-class\"><\/iframe>\n<\/div>\n<p><strong>Jos\u00e9 \u00c1ngel Hevia\u00a0<\/strong>(Xix\u00f3n, 1967) ye\u2019l gaiteru asturianu <strong>m\u00e1s popular<\/strong> d\u2019esti tiempu. Con nam\u00e1s 7 a\u00f1os entam\u00f3 a tocar la gaita y nestes d\u00e9cades d\u2019activid\u00e1 foi fundador de bandes de gaites, gan\u00f3 los premios m\u00e1s prestixosos del mundu y foi \u00fan de los precursores de la<strong> gaita midi<\/strong>. Represent\u00f3 a la cultura y a la llingua d\u2019Asturies n\u2019escenarios de tol planeta a los que llev\u00f3 la so propuesta musical qu\u2019amesta pieces populares, composiciones propies y <strong>son\u00edos electr\u00f3nicos y new age<\/strong>. La publicaci\u00f3n d\u2019esti <em>Platinum Europe Award. 25 Aniversari<\/em>o ye un homenaxe a esta exitosa carrera.<\/p>\n<p style=\"text-align: center\"><a href=\"https:\/\/musicasturiana.com\/wp-content\/uploads\/2025\/01\/hevia-platinum.jpg\"><img loading=\"lazy\" decoding=\"async\" class=\"aligncenter size-large\" src=\"https:\/\/musicasturiana.com\/wp-content\/uploads\/2025\/01\/hevia-platinum.jpg\" width=\"1200\" height=\"600\" \/><\/a><\/p>\n<div class=\"wp-block-spacer\" aria-hidden=\"true\"><\/div>\n<figure class=\"wp-block-embed is-type-rich is-provider-spotify wp-block-embed-spotify wp-embed-aspect-21-9 wp-has-aspect-ratio\">\n<div class=\"wp-block-embed__wrapper\"><\/div>\n<\/figure>\n<\/div>\n<\/div>\n<\/div>\n<\/div>\n<\/div>\n<\/div>\n<\/div>\n<p>&nbsp;<\/p>\n","protected":false},"excerpt":{"rendered":"<p>musicasturiana.com\/ art\u00edculu \/ Spotify \/ El discu nuevu de Hevia incl\u00fai diez temes regrabaos tanto del premi\u00e1u discu &#8216;Tierra de Nadie&#8217; como d&#8217;otros trabayos de la so exitosa carrera. Va 25 a\u00f1os Hevia lleg\u00f3 a vender n\u2019Europa\u00a01.750.000 copies del so discu Tierra de Nadie, un fechu que lu llev\u00f3 a ser gallardon\u00e1u col\u00a0Platinun Europe Award.<\/p>\n","protected":false},"author":117,"featured_media":0,"comment_status":"open","ping_status":"open","sticky":false,"template":"","format":"standard","meta":{"footnotes":""},"categories":[35,125],"tags":[],"class_list":["post-39642","post","type-post","status-publish","format-standard","hentry","category-musica","category-musicasturiana-com"],"_links":{"self":[{"href":"https:\/\/edublog.educastur.es\/ixuxu\/wp-json\/wp\/v2\/posts\/39642","targetHints":{"allow":["GET"]}}],"collection":[{"href":"https:\/\/edublog.educastur.es\/ixuxu\/wp-json\/wp\/v2\/posts"}],"about":[{"href":"https:\/\/edublog.educastur.es\/ixuxu\/wp-json\/wp\/v2\/types\/post"}],"author":[{"embeddable":true,"href":"https:\/\/edublog.educastur.es\/ixuxu\/wp-json\/wp\/v2\/users\/117"}],"replies":[{"embeddable":true,"href":"https:\/\/edublog.educastur.es\/ixuxu\/wp-json\/wp\/v2\/comments?post=39642"}],"version-history":[{"count":5,"href":"https:\/\/edublog.educastur.es\/ixuxu\/wp-json\/wp\/v2\/posts\/39642\/revisions"}],"predecessor-version":[{"id":39647,"href":"https:\/\/edublog.educastur.es\/ixuxu\/wp-json\/wp\/v2\/posts\/39642\/revisions\/39647"}],"wp:attachment":[{"href":"https:\/\/edublog.educastur.es\/ixuxu\/wp-json\/wp\/v2\/media?parent=39642"}],"wp:term":[{"taxonomy":"category","embeddable":true,"href":"https:\/\/edublog.educastur.es\/ixuxu\/wp-json\/wp\/v2\/categories?post=39642"},{"taxonomy":"post_tag","embeddable":true,"href":"https:\/\/edublog.educastur.es\/ixuxu\/wp-json\/wp\/v2\/tags?post=39642"}],"curies":[{"name":"wp","href":"https:\/\/api.w.org\/{rel}","templated":true}]}}