{"id":39679,"date":"2025-01-08T08:30:44","date_gmt":"2025-01-08T06:30:44","guid":{"rendered":"https:\/\/edublog.educastur.es\/ixuxu\/?p=39679"},"modified":"2025-01-08T11:02:55","modified_gmt":"2025-01-08T09:02:55","slug":"39679","status":"publish","type":"post","link":"https:\/\/edublog.educastur.es\/ixuxu\/2025\/01\/39679\/","title":{"rendered":"Llega un frente fr\u00edo a la pen\u00ednsula"},"content":{"rendered":"<p>Llega una umbada atl\u00e1ntica que va dexar ag\u00fces les pr\u00f3ximes hores sobremanera nel NW\/W peninsular, m\u00e1s abondosos en Galicia. Les raches de vientu van faese notar nel NW\/N. Nun se refuguen delles nubes y nevaes en cotes altes.<a href=\"https:\/\/www.facebook.com\/100077091533199\/videos\/598445115925757\/\"><strong> Mapa modelo ARPEGE<\/strong><\/a> Un espertu de l&#8217;<strong>AEMET<\/strong> ruempe los pron\u00f3sticos: <span style=\"color: #008080\"><em>\u201cDe ser ciertu, va haber nieve en bona parte de la pen\u00ednsula\u201d<\/em><\/span><\/p>\n<p style=\"text-align: center\"><a href=\"https:\/\/pbs.twimg.com\/media\/GgmtooBXsAAboWS?format=jpg&amp;name=large\"><img loading=\"lazy\" decoding=\"async\" class=\"aligncenter size-large\" src=\"https:\/\/pbs.twimg.com\/media\/GgmtooBXsAAboWS?format=jpg&amp;name=large\" width=\"1750\" height=\"1282\" \/><\/a><\/p>\n<div class=\"x78zum5 xdt5ytf xz62fqu x16ldp7u\">\n<div class=\"xu06os2 x1ok221b\">\n<div class=\"html-div xdj266r x11i5rnm xat24cr x1mh8g0r xexx8yu x4uap5 x18d9i69 xkhd6sd\" data-ad-rendering-role=\"profile_name\">\n<div class=\"x6prxxf xk50ysn xvq8zen\">\n<ul>\n<li dir=\"ltr\"><span class=\"x1lliihq x6ikm8r x10wlt62 x1n2onr6\"><span dir=\"ltr\"><span class=\"\"><span class=\"xt0psk2\"><a class=\"x1i10hfl xjbqb8w x1ejq31n xd10rxx x1sy0etr x17r0tee x972fbf xcfux6l x1qhh985 xm0m39n x9f619 x1ypdohk xt0psk2 xe8uvvx xdj266r x11i5rnm xat24cr x1mh8g0r xexx8yu x4uap5 x18d9i69 xkhd6sd x16tdsg8 x1hl2dhg xggy1nq x1a2a7pz x1sur9pj xkrqix3 xzsf02u x1s688f\" role=\"link\" href=\"https:\/\/www.facebook.com\/groups\/442560489888875\/user\/100002086794184\/?__cft__[0]=AZW_cWGPGQH9tMBxEEsbqiydNNxtA3k10rvvr7KdRnycJ85rBFw0aKd-UNflAME0XFbOG63a5NsSmthWTDVK-BzqkVhLsvQVnpLPmtvyKmHdMeiF6KkYrdMXXld2bR5q6DPUnCdP2O4MwPK-bbVLnNehUXXcNrMPoQNy-PWWyrEVh2I1K95oadrHEzl3Sb4S95gDIYn4Zgmmy2om6XyL3o2AZNWsPjFR0x6Tw6Zd_7wFdw&amp;__tn__=-UC%2CP-y-R\"><span class=\"html-span xdj266r x11i5rnm xat24cr x1mh8g0r xexx8yu x4uap5 x18d9i69 xkhd6sd x1hl2dhg x16tdsg8 x1vvkbs\">Miguel Francisco Pe\u00f1a Perez<\/span><\/a><\/span><\/span><\/span><i class=\"x1b0d499 x1d69dk1\" data-visualcompletion=\"css-img\" aria-label=\"public\u00f3 en\"><\/i><\/span><\/li>\n<li dir=\"ltr\"><span class=\"x1lliihq x6ikm8r x10wlt62 x1n2onr6\"><span dir=\"ltr\"><span class=\"xt0psk2\"><a class=\"x1i10hfl xjbqb8w x1ejq31n xd10rxx x1sy0etr x17r0tee x972fbf xcfux6l x1qhh985 xm0m39n x9f619 x1ypdohk xt0psk2 xe8uvvx xdj266r x11i5rnm xat24cr x1mh8g0r xexx8yu x4uap5 x18d9i69 xkhd6sd x16tdsg8 x1hl2dhg xggy1nq x1a2a7pz x1sur9pj xkrqix3 xzsf02u x1s688f\" role=\"link\" href=\"https:\/\/www.facebook.com\/groups\/442560489888875\/?__cft__[0]=AZW_cWGPGQH9tMBxEEsbqiydNNxtA3k10rvvr7KdRnycJ85rBFw0aKd-UNflAME0XFbOG63a5NsSmthWTDVK-BzqkVhLsvQVnpLPmtvyKmHdMeiF6KkYrdMXXld2bR5q6DPUnCdP2O4MwPK-bbVLnNehUXXcNrMPoQNy-PWWyrEVh2I1K95oadrHEzl3Sb4S95gDIYn4Zgmmy2om6XyL3o2AZNWsPjFR0x6Tw6Zd_7wFdw&amp;__tn__=-UC%2CP-y-R\"><span class=\"html-span xdj266r x11i5rnm xat24cr x1mh8g0r xexx8yu x4uap5 x18d9i69 xkhd6sd x1hl2dhg x16tdsg8 x1vvkbs\">EL TIEMPO EN DIRECTO, PREVISIONES METEOROL\u00d3GICAS \u2614\u26c8?\u2744\u2603\ufe0f\u2600\ufe0f\u00a0<\/span><\/a><\/span><\/span><\/span><\/li>\n<li dir=\"ltr\"><a href=\"https:\/\/scontent-mad2-1.xx.fbcdn.net\/v\/t39.30808-6\/472559539_9077815095631293_2918790316205045734_n.jpg?_nc_cat=108&amp;ccb=1-7&amp;_nc_sid=aa7b47&amp;_nc_ohc=_bUY2m69HNMQ7kNvgFfdZTu&amp;_nc_zt=23&amp;_nc_ht=scontent-mad2-1.xx&amp;_nc_gid=A-AA-FF8Kz5YaDNfQFD2utD&amp;oh=00_AYBHPe6cAr92vqsk8cNuGF723rLCVaFcHHN_6keunmzSAw&amp;oe=6783FF15\">mapa<\/a> \/<a href=\"https:\/\/www.huffingtonpost.es\/sociedad\/un-experto-aemet-rompe-pronosticos-de-habra-nieve-buena-parte-peninsulabr.html?fbclid=IwZXh0bgNhZW0CMTEAAR3qioOzeOBkQy-HPPdpVQxKDZRIONWKmWdl9oNg8G5gzHphWRd8KGfN8Cw_aem_WA8rjaBuPPn5Xbm8Z6yzHQ\"> HuffintonPost<\/a> \/<\/li>\n<\/ul>\n<\/div>\n<\/div>\n<\/div>\n<\/div>\n<p>L&#8217;aire fr\u00edo d&#8217;orixe polar empezara a movese sobro la pen\u00ednsula ib\u00e9rica tres el pasu d&#8217;un frente fr\u00edu, mientres una nueva umbada empezara a xestase sobro l&#8217;archipi\u00e9lagu de los Azores. Seg\u00fan \u00c1ngel Rivera, exmeteor\u00f3logo de l&#8217;Axencia Estatal de Meteorolox\u00eda (AEMET), <strong>esti fen\u00f3menu marcara l&#8217;entamu d&#8217;un camb\u00e9u significativu nel tiempu.<\/strong><\/p>\n<p><!--more--><\/p>\n<p>\u201cL&#8217;aire fr\u00edo polar y\u00e1 escurriera sobro Iberia tres el pasu del frente fr\u00edu, y una nueva umbada empezara a formase sobro los Azores\u201d, esplic\u00f3 Rivera, a\u00f1ediendo que&#8217;l posible afitamientu d&#8217;una retrogresi\u00f3n atmosf\u00e9rica podr\u00eda traer consecuencies notables.<em> \u201cDe ser ciertu, podr\u00eda habenos tra\u00edu nieve a bona parte de la pen\u00ednsula a principios de la pr\u00f3xima selmana\u201d,<\/em> se\u00f1al\u00f3.<\/p>\n<p>&nbsp;<\/p>\n<p style=\"text-align: center\">\n<!-- iframe plugin v.6.0 wordpress.org\/plugins\/iframe\/ -->\n<iframe loading=\"lazy\" src=\"https:\/\/www.facebook.com\/plugins\/video.php?height=476&#038;href=https%3A%2F%2Fwww.facebook.com%2Freel%2F1549640599068084%2F&#038;show_text=false&#038;width=267&#038;t=0\" width=\"267\" height=\"476\" style=\"border:none;overflow:hidden\" scrolling=\"no\" frameborder=\"0\" allowfullscreen=\"true\" allow=\"autoplay; clipboard-write; encrypted-media; picture-in-picture; web-share\" 0=\"\/iframe\" class=\"iframe-class\"><\/iframe>\n<\/p>\n<p>El meteor\u00f3logu tami\u00e9n destac\u00f3 dellos aspeutos visuales del fen\u00f3menu. \u201cMentanto, pudi\u00e9ramos contemplar imaxes realmente atrayentes, como la entrada d&#8217;aire africano bien secu sobro l&#8217;Atl\u00e1nticu tropical.<\/p>\n<p style=\"text-align: center\">\n<!-- iframe plugin v.6.0 wordpress.org\/plugins\/iframe\/ -->\n<iframe loading=\"lazy\" src=\"https:\/\/www.facebook.com\/plugins\/video.php?height=476&#038;href=https%3A%2F%2Fwww.facebook.com%2Fmiguelfrancisco.penaperez%2Fvideos%2F1761343904648594%2F%3Fidorvanity%3D442560489888875&#038;show_text=false&#038;width=294&#038;t=0\" width=\"294\" height=\"476\" style=\"border:none;overflow:hidden\" scrolling=\"no\" frameborder=\"0\" allowfullscreen=\"true\" allow=\"autoplay; clipboard-write; encrypted-media; picture-in-picture; web-share\" 0=\"\/iframe\" class=\"iframe-class\"><\/iframe>\n<\/p>\n","protected":false},"excerpt":{"rendered":"<p>Llega una umbada atl\u00e1ntica que va dexar ag\u00fces les pr\u00f3ximes hores sobremanera nel NW\/W peninsular, m\u00e1s abondosos en Galicia. Les raches de vientu van faese notar nel NW\/N. Nun se refuguen delles nubes y nevaes en cotes altes. Mapa modelo ARPEGE Un espertu de l&#8217;AEMET ruempe los pron\u00f3sticos: \u201cDe ser ciertu, va haber nieve en [&hellip;]<\/p>\n","protected":false},"author":117,"featured_media":0,"comment_status":"open","ping_status":"open","sticky":false,"template":"","format":"standard","meta":{"footnotes":""},"categories":[5],"tags":[],"class_list":["post-39679","post","type-post","status-publish","format-standard","hentry","category-tiempu"],"_links":{"self":[{"href":"https:\/\/edublog.educastur.es\/ixuxu\/wp-json\/wp\/v2\/posts\/39679","targetHints":{"allow":["GET"]}}],"collection":[{"href":"https:\/\/edublog.educastur.es\/ixuxu\/wp-json\/wp\/v2\/posts"}],"about":[{"href":"https:\/\/edublog.educastur.es\/ixuxu\/wp-json\/wp\/v2\/types\/post"}],"author":[{"embeddable":true,"href":"https:\/\/edublog.educastur.es\/ixuxu\/wp-json\/wp\/v2\/users\/117"}],"replies":[{"embeddable":true,"href":"https:\/\/edublog.educastur.es\/ixuxu\/wp-json\/wp\/v2\/comments?post=39679"}],"version-history":[{"count":11,"href":"https:\/\/edublog.educastur.es\/ixuxu\/wp-json\/wp\/v2\/posts\/39679\/revisions"}],"predecessor-version":[{"id":39704,"href":"https:\/\/edublog.educastur.es\/ixuxu\/wp-json\/wp\/v2\/posts\/39679\/revisions\/39704"}],"wp:attachment":[{"href":"https:\/\/edublog.educastur.es\/ixuxu\/wp-json\/wp\/v2\/media?parent=39679"}],"wp:term":[{"taxonomy":"category","embeddable":true,"href":"https:\/\/edublog.educastur.es\/ixuxu\/wp-json\/wp\/v2\/categories?post=39679"},{"taxonomy":"post_tag","embeddable":true,"href":"https:\/\/edublog.educastur.es\/ixuxu\/wp-json\/wp\/v2\/tags?post=39679"}],"curies":[{"name":"wp","href":"https:\/\/api.w.org\/{rel}","templated":true}]}}