{"id":39692,"date":"2025-01-08T10:30:21","date_gmt":"2025-01-08T08:30:21","guid":{"rendered":"https:\/\/edublog.educastur.es\/ixuxu\/?p=39692"},"modified":"2025-01-08T10:51:21","modified_gmt":"2025-01-08T08:51:21","slug":"39692","status":"publish","type":"post","link":"https:\/\/edublog.educastur.es\/ixuxu\/2025\/01\/39692\/","title":{"rendered":"El para\u00edsu fotogr\u00e1ficu de la mari\u00f1a asturiana"},"content":{"rendered":"<p style=\"text-align: center\"><a href=\"https:\/\/www.lavanguardia.com\/files\/og_thumbnail\/files\/fp\/uploads\/2025\/01\/05\/677a646aad6b4.r_d.792-548-7407.jpeg\"><img loading=\"lazy\" decoding=\"async\" class=\"aligncenter size-large\" src=\"https:\/\/www.lavanguardia.com\/files\/og_thumbnail\/files\/fp\/uploads\/2025\/01\/05\/677a646aad6b4.r_d.792-548-7407.jpeg\" width=\"1200\" height=\"675\" \/><\/a>Fonte:<a href=\"https:\/\/www.lavanguardia.com\/participacion\/las-fotos-de-los-lectores\/20250105\/10258170\/paraiso-fotografico-costa-asturiana.html?fbclid=IwZXh0bgNhZW0CMTEAAR24_rc-KrXlqpFNOgdcY60eKek3SjKHFbCcXxgU66F_mN3CuwyGl-ox07M_aem_q7uVh9rg3JSjqWT7B6XAPA\"> La Vanguardia<\/a> \/ Sablera de la Vallina.<\/p>\n<p style=\"text-align: center\"><span style=\"color: #008080;font-size: 20px\"><strong><em>\u201cLa singular orograf\u00eda d&#8217;Asturies fai que la so mari\u00f1a<br \/>\nufierte un paisaxe de contrastes ente mar y monte\u201d<\/em><\/strong><\/span><\/p>\n<p>Les mari\u00f1a asturiana ye un para\u00edsu pa los fot\u00f3grafos de paisaxe, como podemos ver n&#8217;este FotoFlash de <em><strong>Les Semeyes de los Llectores de La Vanguardia.<\/strong><\/em> La mari\u00f1a d&#8217;Asturies, nes sos 400 kil\u00f3metros, amuesa paisaxes y pueblos de lo m\u00e1s vari\u00e1u y enriquecedor y\u00e1 que ye un verdaderu espect\u00e1culu natural, cultural y humanu.<\/p>\n<ul>\n<li>Semeyes de: Susanna Torres Belmonte \/ @tespero_sotala_pluja<\/li>\n<\/ul>\n<p style=\"text-align: center\"><!--more--><a href=\"https:\/\/www.lavanguardia.com\/files\/content_image_desktop_filter\/uploads\/2025\/01\/05\/677a6406a8a82.jpeg\"><img loading=\"lazy\" decoding=\"async\" class=\"aligncenter size-large\" src=\"https:\/\/www.lavanguardia.com\/files\/content_image_desktop_filter\/uploads\/2025\/01\/05\/677a6406a8a82.jpeg\" width=\"566\" height=\"377\" \/><\/a><em>Sablera Campiecho. Susanna Torres Belmonte \/ @tespero_sotala_pluja<\/em><\/p>\n<p>La singular orograf\u00eda d&#8217;Asturies fai que la so mari\u00f1a ufierte un paisaxe de contrastes ente&#8217;l mar y el monte, algamando la so plenit\u00fa na mari\u00f1a oriental, onde los Picos d&#8217;Europa somorguiase nel mar Cant\u00e1bricu.<\/p>\n<p style=\"text-align: center\"><a href=\"https:\/\/www.lavanguardia.com\/files\/content_image_desktop_filter\/uploads\/2025\/01\/05\/677a6424ade25.jpeg\"><img loading=\"lazy\" decoding=\"async\" class=\"aligncenter \" src=\"https:\/\/www.lavanguardia.com\/files\/content_image_desktop_filter\/uploads\/2025\/01\/05\/677a6424ade25.jpeg\" width=\"367\" height=\"551\" \/><\/a><\/p>\n<p style=\"text-align: center\"><em>Sablera Gueirua. Susanna Torres Belmonte \/ @tespero_sotala_pluja<\/em><\/p>\n<p>Considerada una de les meyor calten\u00edes d&#8217;Espa\u00f1a, la mari\u00f1a d&#8217;Asturies ye un mundu de marav\u00edes naturales. Por tollo, la mari\u00f1a d&#8217;Asturies ye unu de los meyores llugares pa esfrutar y conectar con una naturaleza n&#8217;est\u00e1u puru y esfrutar guapamente fotografiando les sos sableres nes sal\u00edes y puestes de sol.<\/p>\n<p><a href=\"https:\/\/www.lavanguardia.com\/uploads\/2025\/01\/05\/677a646aad6b4.jpeg\"><img loading=\"lazy\" decoding=\"async\" class=\"aligncenter size-large\" src=\"https:\/\/www.lavanguardia.com\/uploads\/2025\/01\/05\/677a646aad6b4.jpeg\" width=\"1620\" height=\"1080\" \/><\/a>Sablera de la Vallina. Susanna Torres Belmonte \/ @tespero_sotala_pluja<\/p>\n<p>El contraste predomina nes sableres d&#8217;Asturies, ba\u00f1aes pol Cant\u00e1bricu. D&#8217;Occidente a Oriente, nengunu de los m\u00e1s de doscientos arenales onde se funden la tierra y el mar tien retruque. Toos son distintos.<\/p>\n<p>La mari\u00f1a asturiana, el meyor calten\u00edu del pa\u00eds poles sos sableres non urbanizaes y el control de les edificaciones na franxa costera, ufierta una singular redolada natural con munches posibilidaes. Pel hibiernu los fot\u00f3grafos convert\u00edmonos n&#8217;espectadores de luxu y afiguramos nes nueses fotograf\u00edes la bravura del mar.<\/p>\n<p>Mari\u00f1a Quebrada, Cantabria, los Urros. Susanna Torres Belmonte \/ @tespero_sotala_pluja<\/p>\n<p>&nbsp;<\/p>\n","protected":false},"excerpt":{"rendered":"<p>Fonte: La Vanguardia \/ Sablera de la Vallina. \u201cLa singular orograf\u00eda d&#8217;Asturies fai que la so mari\u00f1a ufierte un paisaxe de contrastes ente mar y monte\u201d Les mari\u00f1a asturiana ye un para\u00edsu pa los fot\u00f3grafos de paisaxe, como podemos ver n&#8217;este FotoFlash de Les Semeyes de los Llectores de La Vanguardia. La mari\u00f1a d&#8217;Asturies, nes [&hellip;]<\/p>\n","protected":false},"author":117,"featured_media":0,"comment_status":"open","ping_status":"open","sticky":false,"template":"","format":"standard","meta":{"footnotes":""},"categories":[93,17],"tags":[],"class_list":["post-39692","post","type-post","status-publish","format-standard","hentry","category-sableres","category-semeyes"],"_links":{"self":[{"href":"https:\/\/edublog.educastur.es\/ixuxu\/wp-json\/wp\/v2\/posts\/39692","targetHints":{"allow":["GET"]}}],"collection":[{"href":"https:\/\/edublog.educastur.es\/ixuxu\/wp-json\/wp\/v2\/posts"}],"about":[{"href":"https:\/\/edublog.educastur.es\/ixuxu\/wp-json\/wp\/v2\/types\/post"}],"author":[{"embeddable":true,"href":"https:\/\/edublog.educastur.es\/ixuxu\/wp-json\/wp\/v2\/users\/117"}],"replies":[{"embeddable":true,"href":"https:\/\/edublog.educastur.es\/ixuxu\/wp-json\/wp\/v2\/comments?post=39692"}],"version-history":[{"count":5,"href":"https:\/\/edublog.educastur.es\/ixuxu\/wp-json\/wp\/v2\/posts\/39692\/revisions"}],"predecessor-version":[{"id":39697,"href":"https:\/\/edublog.educastur.es\/ixuxu\/wp-json\/wp\/v2\/posts\/39692\/revisions\/39697"}],"wp:attachment":[{"href":"https:\/\/edublog.educastur.es\/ixuxu\/wp-json\/wp\/v2\/media?parent=39692"}],"wp:term":[{"taxonomy":"category","embeddable":true,"href":"https:\/\/edublog.educastur.es\/ixuxu\/wp-json\/wp\/v2\/categories?post=39692"},{"taxonomy":"post_tag","embeddable":true,"href":"https:\/\/edublog.educastur.es\/ixuxu\/wp-json\/wp\/v2\/tags?post=39692"}],"curies":[{"name":"wp","href":"https:\/\/api.w.org\/{rel}","templated":true}]}}