{"id":39737,"date":"2025-01-08T14:59:56","date_gmt":"2025-01-08T12:59:56","guid":{"rendered":"https:\/\/edublog.educastur.es\/ixuxu\/?p=39737"},"modified":"2025-01-08T15:09:13","modified_gmt":"2025-01-08T13:09:13","slug":"39737","status":"publish","type":"post","link":"https:\/\/edublog.educastur.es\/ixuxu\/2025\/01\/39737\/","title":{"rendered":"Talleres hasta&#8217;l 16 de marzu de 2025 nel Xard\u00edn Bot\u00e1nicu"},"content":{"rendered":"<div class=\"x78zum5 xdt5ytf xz62fqu x16ldp7u\">\n<div class=\"xu06os2 x1ok221b\">\n<div class=\"html-div xdj266r x11i5rnm xat24cr x1mh8g0r xexx8yu x4uap5 x18d9i69 xkhd6sd\" data-ad-rendering-role=\"profile_name\">\n<ul>\n<li class=\"html-h3 x11i5rnm xat24cr x1mh8g0r xexx8yu x4uap5 x18d9i69 xkhd6sd x1vvkbs x1heor9g x1qlqyl8 x1pd3egz x1a2a7pz x1gslohp x1yc453h\"><span class=\"x1lliihq x6ikm8r x10wlt62 x1n2onr6\"><span class=\"xt0psk2\"><a class=\"x1i10hfl xjbqb8w x1ejq31n xd10rxx x1sy0etr x17r0tee x972fbf xcfux6l x1qhh985 xm0m39n x9f619 x1ypdohk xt0psk2 xe8uvvx xdj266r x11i5rnm xat24cr x1mh8g0r xexx8yu x4uap5 x18d9i69 xkhd6sd x16tdsg8 x1hl2dhg xggy1nq x1a2a7pz x1sur9pj xkrqix3 xzsf02u x1s688f\" role=\"link\" href=\"https:\/\/www.facebook.com\/AytoGijon?__cft__[0]=AZVokuS2BFtTGbqszNtzrG-4xfY-cgHYksuYZaCooYT4PFbGWZhsK31q4B7CkRV8tMNyScEVJKYndz5UWJ34q2UXSDjACBWC4OolZyjN_J_cD0PHVXY1RDs0O9jL2TJ62tXZwmboTDlxzYHe3UaMqgmfK4OfNT8_dyQ3CbAC8wH7pyIKkPo7dg_je7wQvaW3nQjhOOzqdNRzNM0myn2rD-RxA8A-4XqIWBSqX1YdKq7S0A&amp;__tn__=-UC%2CP-y-R\"><strong class=\"html-strong xdj266r x11i5rnm xat24cr x1mh8g0r xexx8yu x4uap5 x18d9i69 xkhd6sd x1hl2dhg x16tdsg8 x1vvkbs x1s688f\"><span class=\"html-span xdj266r x11i5rnm xat24cr x1mh8g0r xexx8yu x4uap5 x18d9i69 xkhd6sd x1hl2dhg x16tdsg8 x1vvkbs\">Gij\u00f3n<\/span><\/strong><\/a><\/span><span class=\"html-span xdj266r x11i5rnm xat24cr x1mh8g0r xexx8yu x4uap5 x18d9i69 xkhd6sd x1hl2dhg x16tdsg8 x1vvkbs x1dor1uw x1n2onr6\"> \/ <a class=\"file file--mime-application-pdf file--application-pdf\" title=\"Inviernu JBA 2025\" href=\"https:\/\/www.gijon.es\/\/sites\/default\/files\/inline-files\/Programa%20INVIERNO%20JBA%2025%20AST_0.pdf\" data-entity-type=\"file\" data-entity-uuid=\"7f635c4d-d26e-4d9e-a64d-a39be04b0f88\">Programa d&#8217;actividaes<\/a>\/ <\/span><\/span><span class=\"html-span xexx8yu x4uap5 x18d9i69 xkhd6sd x1hl2dhg x16tdsg8 x1vvkbs x3nfvp2 x1j61x8r x1fcty0u xdj266r xat24cr xgzva0m xhhsvwb xxymvpz xlup9mm x1kky2od\"><img loading=\"lazy\" decoding=\"async\" class=\"xz74otr\" src=\"https:\/\/static.xx.fbcdn.net\/images\/emoji.php\/v9\/t51\/1\/16\/1f449.png\" alt=\"?\" width=\"16\" height=\"16\" \/><\/span><span class=\"html-span xexx8yu x4uap5 x18d9i69 xkhd6sd x1hl2dhg x16tdsg8 x1vvkbs x3nfvp2 x1j61x8r x1fcty0u xdj266r xat24cr xgzva0m xhhsvwb xxymvpz xlup9mm x1kky2od\"><a href=\"https:\/\/www.gijon.es\/es\/eventos\/invierno-en-el-botanico-1?fbclid=IwZXh0bgNhZW0CMTAAAR0kT7JRTWodwZr18tij4KO287ilojmvR42KscihZFzzcs3YDHspHc-83IY_aem_jaZwS3xo9n4cNrbMaD3DPA\"> Info<\/a> <img loading=\"lazy\" decoding=\"async\" class=\"xz74otr\" src=\"https:\/\/static.xx.fbcdn.net\/images\/emoji.php\/v9\/t8e\/1\/16\/2139.png\" alt=\"\u2139\ufe0f\" width=\"16\" height=\"16\" \/><\/span><\/li>\n<\/ul>\n<\/div>\n<\/div>\n<\/div>\n<div class=\"html-div xdj266r x11i5rnm xat24cr x1mh8g0r xexx8yu x4uap5 x18d9i69 xkhd6sd\" dir=\"auto\">\n<div class=\"html-div xdj266r x11i5rnm xat24cr x1mh8g0r xexx8yu x4uap5 x18d9i69 xkhd6sd\" dir=\"auto\">\n<div class=\"html-div xdj266r x11i5rnm xat24cr x1mh8g0r xexx8yu x4uap5 x18d9i69 xkhd6sd\" data-ad-rendering-role=\"story_message\">\n<div class=\"x1l90r2v x1iorvi4 x1ye3gou xn6708d\" data-ad-comet-preview=\"message\" data-ad-preview=\"message\">\n<div class=\"x78zum5 xdt5ytf xz62fqu x16ldp7u\">\n<div class=\"xu06os2 x1ok221b\">\n<div class=\"x11i5rnm xat24cr x1mh8g0r x1vvkbs xtlvy1s x126k92a\">\n<div dir=\"auto\">L\u2019iviernu ye\u2019l momentu nel que la naturaleza descansa y se prepara pa volver con fuerces en primavera.<\/div>\n<div dir=\"auto\"><\/div>\n<div dir=\"auto\" style=\"text-align: center\"><a href=\"https:\/\/drupal.gijon.es\/sites\/default\/files\/styles\/imagen_4_3\/public\/2024-11\/Banner%20Evento%20INVIERNO.jpg\"><img loading=\"lazy\" decoding=\"async\" class=\"aligncenter \" src=\"https:\/\/drupal.gijon.es\/sites\/default\/files\/styles\/imagen_4_3\/public\/2024-11\/Banner%20Evento%20INVIERNO.jpg\" width=\"297\" height=\"223\" \/><\/a><\/div>\n<ul>\n<li dir=\"auto\"><em><strong>PRECIOS:<\/strong> \u2022 Talleres pa persones adultes: 10 \u20ac \/ \u2022 Talleres familiares: 6 \u20ac (5,10 \u20ac pa los\/les menores que seyan <\/em><em>socios\/es Club Miru\u00e9ndanos). \u2022 Visites guiaes Les aves del Bot\u00e1nicu: de baldre col preciu de la <\/em><em>entrada al Bot\u00e1nicu.<strong> Talleres hasta&#8217;l\u00a0 16 de marzu de 2025<\/strong> De 10:00 a 23:59<\/em><\/li>\n<\/ul>\n<p><em><!--more--><\/em><br \/>\n<em>Pero mientres la Naturaleza reposa y el tiempu paez que se ralentiza, nel Xard\u00edn aprovechamos pa facer aquellos labores mas delicaos y que pueden interferir coles visites, y trabayar nes condiciones de calma, accesibilid\u00e1 y segurid\u00e1 afayadices. Por eso esti a\u00f1u decidimos que l\u2019apertura al p\u00fablicu demientres el mes de xineru seya de vienres a domingu y afrontar el restu del a\u00f1u con horarios ampliaos.<\/em><\/p>\n<div dir=\"auto\"><em>La Naturaleza pue paecer dormida, pero hai cambios constantes que van faci\u00e9ndose adulces m\u00e1s evidentes:\u00a0 dalgunes flores van apaeciendo, los \u00e1rboles van echando fueyes, los insectos aprovechen los d\u00edes de sol pa salir\u2026 Un pas\u00e9u pel Bot\u00e1nicu n\u2019iviernu ye un descubrimientu continuu pa les persones que saben observar.<\/em><\/div>\n<ul>\n<li dir=\"auto\">Y si esto fuera poco, tolos fines de selmana hai actividaes, dalgunes m\u00e1s de manualidaes, otres mas art\u00edstiques, y otres centraes na xardiner\u00eda como\u2019l taller de poda. En resume, un iviernu pa tolos p\u00fablicos.<\/li>\n<li dir=\"auto\"><strong>S\u00c1BADU, 11 DE XINERU de 11 a 14 h. | PERSONES ADULTES <\/strong><strong><span style=\"color: #008080\">Arte y discapacid\u00e1: Visi\u00f3n colectiva. <\/span><\/strong>Taller dirix\u00edu a persones adultes con discapacid\u00e1. Nesti taller vamos esplorar la fotograf\u00eda instant\u00e1nea dende una perspectiva art\u00edstica y esperimental. Les y los participantes van facer retratos con una c\u00e1mara Polaroid y, a partir de les sos propies fotos, van crear pieces \u00faniques al travi\u00e9s de la intervenci\u00f3n manual. Vamos usar distintes t\u00e9cniques como\u2019l dibuxu, la pintura y l\u2019adici\u00f3n d\u2019elementos naturales sobre les im\u00e1xenes, permitiendo que cada participante personalice\u2019l so retratu y creando una pieza conxunta al travi\u00e9s del collage. P\u00f3nlu: Colectivo Berde y Alex Loredo.<\/li>\n<li dir=\"auto\"><strong>DOMINGU, 12 DE XINERU de 10.30 a 12.30 h. | XENERAL <\/strong><span style=\"color: #008080\"><strong>Les aves del Bot\u00e1nicu. <\/strong><\/span>Los segundos domingos de cada mes vas poder disfrutar d\u2019una visita mui especial pa conocer y deprender a identificar les m\u00e1s de 90 especies d\u2019aves que viven y a\u00f1eren nesti espaciu. Activid\u00e1 incluyida cola entrada al Bot\u00e1nicu. Inscripci\u00f3n previa en 985 185 130. Gu\u00eda: Colectivu Ornitol\u00f3xicu \u201cCarbayera del Tragam\u00f3n\u201d.<\/li>\n<li dir=\"auto\"><strong>S\u00c1BADU, 18 DE XINERU de 12 a 14 h. | PERSONES ADULTES <\/strong><span style=\"color: #008080\"><strong>Tinta, brotu y color. <\/strong><\/span>Averamientu al usu de la tinta al travi\u00e9s de distintos procesos dando importancia a la mancha como elementu evocador d\u2019atm\u00f3sferes. Les persones y\u00e1 avezaes van poder ellaborar obres m\u00e1s complexes probando papeles y trabayando\u2019l tema de la viesca y los sos \u00e1rboles. Ye recomendable acudir al taller con bata o ropa negro. P\u00f3nenlu: Ver\u00f3nica G. Ardura y Cristina Moneo.<\/li>\n<li dir=\"auto\"><strong>DOMINGU, 19 DE XINERU de 12 a 14 h. | FAMILIAR (&gt; 6 a\u00f1os) <\/strong><strong><span style=\"color: #008080\">Tinta, brotu y color. <\/span><\/strong>Averamientu al usu de la tinta al travi\u00e9s de distintos procesos dando importancia a la mancha como elementu evocador d\u2019atm\u00f3sferes. Les persones y\u00e1 avezaes van poder ellaborar obres m\u00e1s complexes probando papeles y trabayando\u2019l tema de la viesca y los sos \u00e1rboles. Ye recomendable acudir al taller con bata o ropa negro. P\u00f3nenlu: Ver\u00f3nica G. Ardura y Cristina Moneo.<\/li>\n<li dir=\"auto\"><span style=\"color: #008080\"><strong>Axenda XINERU<\/strong><\/span><\/li>\n<li dir=\"auto\"><strong>S\u00c1BADU, 25 DE XINERU de 12 a 14 h. | PERSONES ADULTES <\/strong><span style=\"color: #008080\"><strong>Taller persones adultes: Vida en tu vida. <\/strong><\/span>Promet\u00edmosvos repetir esti taller en vista de la bayura de solicit\u00faes de participaci\u00f3n el pas\u00e1u mes d\u2019ochobre y equ\u00ed vuelve Charo Cimas col so taller de cer\u00e1mica. Aprovechamos estos d\u00edes d\u2019iviernu pa preparar tiestos nuevos pa les nuestres crases. Enc\u00e1ntennos les suculentes y hai un mont\u00f3n de variedaes, conque nesti taller, vas poder facer un contenedor\u00edn con lloza y decoralu como m\u00e1s te preste. Vas poder usar calques cer\u00e1miques, chamota (piedruques peque\u00f1es), imprimir detalles como\u00a0 fueyes o testures de madera, sellos&#8230; Depu\u00e9s de m\u00e1s o menos un par de selmanes, vas poder recoyer les tos obras y\u00e1 coc\u00edes, nel mesmu Xard\u00edn<br \/>\nBot\u00e1nicu. Y disfrutar d\u2019estes plantes tan prestoses nel so tiestu nuevu. P\u00f3nlu: @charo_cimas<\/li>\n<li dir=\"auto\"><strong>DOMINGU, 26 DE XINERU de 12 h a 14 h. | FAMILIAR (&gt; 6 a\u00f1os) <\/strong><span style=\"color: #008080\"><strong>Taller familiar de cer\u00e1mica: Vida na to vida. <\/strong><\/span>Aprovechamos estos d\u00edes d\u2019iviernu pa preparar tiestos nuevos pa les nuestres crases. Enc\u00e1ntennos les suculentes y hai un mont\u00f3n de variedaes, conque nesti taller, vas poder facer un contenedor\u00edn con lloza y decoralu como m\u00e1s te preste. Vas poder usar calques cer\u00e1miques, chamota (piedruques peque\u00f1es), imprimir detalles como fueyes o testures de madera, sellos&#8230; Depu\u00e9s de m\u00e1s o menos un par de selmanes, vas poder recoyer les tos obras y\u00e1 coc\u00edes, nel mesmu Xard\u00edn Bot\u00e1nicu. Y disfrutar d\u2019estes plantes tan prestoses nel so tiestu nuevu. P\u00f3nlu: @charo_cimas<\/li>\n<li dir=\"auto\"><strong>XUEVES, 30 DE XINERU a les 19 h. | ANTIGUA ESCUELA DE COMERCIU <\/strong><span style=\"color: #008080\"><strong>De charra col Bot\u00e1nicu: Bot\u00e1niques, les cient\u00edques semen ciencia. <\/strong><\/span>La participaci\u00f3n de les muyeres na prestos\u00edsima ciencia bot\u00e1nica ye un fechu tradicionalmente infravalor\u00e1u. Les aportaciones de muyeres como Maria Sibylla Merian, Alice Eastwood o Emma Lucy Braun, ente munches otres, con estudios qu\u2019impulsaron y arriquecieron les bases de la bot\u00e1nica profesional, van ser les protagonistes d\u2019esta charra, na que vamos demostrar que \u00abla ciencia s\u00ed ye cosa de muyeres \u00bb, y que pali pali va saliendo a la lluz un n\u00famberu ablucante de cient\u00edfiques con un trabayu mui bultable qu\u2019evidencia\u2019l sesgu androc\u00e9ntricu claru presente nel discursu cient\u00edficu y biol\u00f3xicu.<br \/>\nEntrada llibre hasta completar aforu.<em>Ponente: Carolina Mart\u00ednez Pulido, ye doctora en Biolox\u00eda y foi profesora titular de la Universid\u00e1 de La Laguna, especializ\u00e1ndose en bioteunolog\u00eda forestal. Tien bien d\u2019estudios y llibros sobre muyeres y ciencies. <\/em><em>Gallardon\u00e1ronla col Premiu al Meyor Trabayu d\u2019Investigaci\u00f3n del Institutu Canariu de la Muyer nel 2000, col Premiu Nacional Carmen de Burgos otorg\u00e1u pola Universid\u00e1 de M\u00e1laga, y col Premiu del Institutu Universitariu d\u2019Estudios de les Muyeres en 2018. Forma parte de la Asociaci\u00f3n de Muyeres investigadores y teun\u00f3logues <\/em><em>(AMIT), y collabora col blog Mujeres con Ciencia de la UPV.<\/em><\/li>\n<li dir=\"auto\"><strong>S\u00c1BADU, 1 DE FEBRERU de 12 a 14 h. | PERSONES ADULTES <\/strong><span style=\"color: #008080\"><strong>Arte oral. <\/strong><\/span>G\u00fcei vamos prauticar el manexu b\u00e1sicu de la composici\u00f3n eliminando l\u2019elemento principal, que son les flores. D\u2019esta forma van manexase conceutos como l\u2019equilibriu, la testura, el brillu, etc\u00e9tera, ensin la distorsi\u00f3n del color que normalmente apurre la flor. De cam\u00edn al aula vamos paranos na observaci\u00f3n de los \u00e1rboles y matos pa rellacionar les formas naturales colo que vamos crear nes nuestres composiciones. P\u00f3nlu: Sergio Santurio.<\/li>\n<li dir=\"auto\"><strong>DOMINGU, 2 DE FEBRERU de 12 a 14 h. | FAMILIAR (&gt; 8 a\u00f1os) <\/strong><span style=\"color: #008080\"><strong>Arte oral. <\/strong><\/span>G\u00fcei vamos prauticar el manexu b\u00e1sicu de la composici\u00f3n eliminando l\u2019elemento principal, que son les flores. D\u2019esta forma van manexase conceutos como l\u2019equilibriu, la testura, el brillu, etc\u00e9tera, ensin la distorsi\u00f3n del color que normalmente apurre la flor. De cam\u00edn al aula vamos paranos na observaci\u00f3n de los \u00e1rboles y matos pa rellacionar les formas naturales colo que vamos crear nes nuestres composiciones. P\u00f3nlu: Sergio Santurio.<\/li>\n<li dir=\"auto\"><strong>S\u00c1BADU, 8 DE FEBRERU de 11 a 14 h. | PERSONES ADULTES <\/strong><span style=\"color: #008080\"><strong>Arte y discapacid\u00e1: 7,83 Hz. <\/strong><\/span>Taller dirix\u00edu a persones adultes con discapacid\u00e1. El nuestru vocabulariu ta estr\u00e1u d\u2019acciones inspiraes nel mundu animal y vexetal (enraigonar, a\u00f1erar, rumiar, bufar, tronar, camuflar&#8230;). Esti taller axunta la pallabra, la m\u00fasica, otros son\u00edos de la naturaleza y les artes pl\u00e1stiques, toos ellos recursos espresivos que van permitinos trazar la cartograf\u00eda d\u2019una sal\u00fa mental en sinton\u00eda colo natural. #musicoterapia #artesespresives #ecollinguaxe P\u00f3nlu: Colectivo BERDE con Pablo Charcos y \u00c1ngela Nach\u00f3n Talens.<\/li>\n<li dir=\"auto\"><strong>DOMINGU, 9 DE FEBRERU de 10.30 a 12.30 h. <\/strong><span style=\"color: #008080\"><strong>Les aves del Bot\u00e1nicu. <\/strong><\/span>Los segundos domingos de cada mes vas poder disfrutar d\u2019una visita mui especial pa conocer y deprender a identificar les m\u00e1s de 90 especies d\u2019aves que viven y a\u00f1eren nesti espaciu. Activid\u00e1 incluyida cola entrada al Bot\u00e1nicu. Inscripci\u00f3n previa nel T. 985 185 130. Gu\u00eda: Colectivu Ornitol\u00f3xicu \u201cCarbayera del Tragam\u00f3n\u201d.<\/li>\n<li dir=\"auto\"><span style=\"color: #008080\"><strong>Axenda FEBRERU<\/strong><\/span><\/li>\n<li dir=\"auto\"><strong>S\u00c1BADU, 15 FEBRERU de 12 a 14 h. | PERSONES ADULTES\u00a0 <\/strong><strong><span style=\"color: #008080\">Cosm\u00e9tica vegana. <\/span><\/strong>Nesti taller vamos averanos al mundu de la cosm\u00e9tica natural, basada n\u2019ingredientes de orixe vexetal, mineral y qu\u00edmica verde, y ensin xeneraci\u00f3n de residuos t\u00f3xicos. Depu\u00e9s d\u2019unes nociones t\u00e9uniques breves nes que vamos descubrir les propiedaes d\u2019estos ingredientes naturales, cada participante va ellaborar los sos propios productos que va llevar pa casa al rematar el cursu. Van facese tres pr\u00e1utiques: champ\u00fa s\u00f3lido, b\u00e1lsamu y desodorante corporal. P\u00f3nlu: Luis S\u00e1nchez, de oleumjabones.<\/li>\n<li dir=\"auto\"><strong>S\u00c1BADU, 22 DE FEBRERU de 12 a 14 h. | PERSONES ADULTES <\/strong><span style=\"color: #008080\"><strong>Poda de frutales. <\/strong><\/span>Pa consiguir que los nuestros frutales crezan sanos y dean bonos frutos ye necesaria una bona t\u00e9unica de poda. Nesta charra-taller vamos conocer los principios b\u00e1sicos de la poda, van esplicanos como afeuta la poda a los \u00e1rboles y los cuidaos fitosanitarios antes y depu\u00e9s. Tami\u00e9n vamos intentar desterrar mitos sobre la poda, les ferramientes que necesitamos y como facer una poda de formaci\u00f3ny de fructificaci\u00f3n. P\u00f3nlu: Luis M. Zahonero (Bi\u00f3logu y propietariu de viveros La Resqueta).<\/li>\n<li dir=\"auto\"><strong>DOMINGU, 23 DE FEBRERU de 12 a 14 h. | FAMILIAR (&gt; 4 a\u00f1os) <\/strong><span style=\"color: #008080\"><strong>Del jard\u00edn al botiqu\u00edn. <\/strong><\/span>L\u2019usu curativu de les plantes ye tan antiguu como la humanid\u00e1. Vamos conocer dalgunes d\u2019estes plantes medicinales, les sos propiedaes y los productos que podemos preparar con elles. Vamos entamar dando un pas\u00e9u pel xard\u00edn pa identificales y descubrir el so golor y la so testura. Darr\u00e9u vamos trabayar nel nuestru \u201cllaboratoriu\u201d, preparando dalgunos remedios cenciellos al algame de les families: sales de ba\u00f1u, alcohol de romeru, infusiones curatives o saquinos relaxantes. P\u00f3nlu: Jarana05.<\/li>\n<li dir=\"auto\"><span style=\"color: #008080\"><strong>Axenda FEBRERU<\/strong><\/span><\/li>\n<li dir=\"auto\"><strong>MI\u00c9RCOLES, 26 DE FEBRERU a les 19 h. <\/strong><strong>ANTIGUA ESCUELA DE COMERCIU <\/strong><span style=\"color: #008080\"><strong>De charra col Bot\u00e1nicu: LUR Garden, remate d\u2019una trayeutoria. <\/strong><\/span>profesional del paisaxista I\u00f1igo Segurola Nesti alcuentru, \u00cd\u00f1igo Segurola va falanos de la so trayeutoria\u00a0 rofesional nel mundu del paisaxismu. Partiendo de les referencies art\u00edstiques y \u00e9tiques que moldearon el so pensamientu, va facer un percorr\u00edu curtiu per dalgunos de los sos principales proyeutos paisax\u00edsticos pa terminar esplicando en detalle los pormenores de LUR Garden, un xard\u00edn de xardinos allug\u00e1u n\u2019Oiartzun (Gipuzkoa), onde \u00cd\u00f1igo pas\u00f3 10 a\u00f1os de la so vida creado coles sos manes y afondando na so rellaci\u00f3n coles distintes est\u00e9tiques xardineres adaptaes al clima atl\u00e1nticu. Entrada llibre hasta completar aforu. Ponente: I\u00f1igo Segurola Arregui, ye inxenieru t\u00e9unicu agr\u00edcola (Pamplona) y arquiteutu paisaxista (Edimburgu). Conoc\u00edu como xardineru del m\u00edticu programa televisivu Bricoman\u00eda, \u00cdnigo crea xunto al so sociu Juan Iriarte, l\u2019estudiu LUR Paisajistak. Na so trayeutoria profesional dise\u00f1\u00f3 bien de parque p\u00fablicos en Donostia y munchos xardinos privaos na vertiente atl\u00e1ntica d\u2019Euskal Herria. En 2012 entama la construcci\u00f3n de LUR Garden, un xard\u00edn tem\u00e1ticu impresionante qu\u2019abre al p\u00fablicu nel a\u00f1u 2020. M\u00e1s info: Lur Garden @inigo_segurola_arregui @lurgarden<\/li>\n<li dir=\"auto\"><span style=\"color: #008080\"><strong>Axenda FEBRERU<\/strong><\/span><\/li>\n<li dir=\"auto\"><strong>S\u00c1BADU, 1 DE MARZU de 11 a 14 h. | PERSONES ADULTES <\/strong><span style=\"color: #008080\"><strong>Impresi\u00f3n bot\u00e1nica. <\/strong><\/span>Vamos descubrir c\u00f3mo fueyes y flores pueden dexar buelga nos tex\u00edos. Vamos identificar nel Xard\u00edn el material vexetal col que vamos trabayar, pa recolectalo siempre de manera responsable. Vamos deprender a facer el nuestru propiu herbariu y otres t\u00e9uniques de conservaci\u00f3n pa disponer de fueyes y flores mientres tol a\u00f1u coles que vamos estampar les prendes (camisetes, pa\u00f1uelos&#8230;) que vamos poder vistir. El p\u00fablicu participante va facer una bolsa d\u2019algod\u00f3n estampada con fueyes del bot\u00e1nicu. Nun ye necesaria esperiencia previa.<br \/>\nP\u00f3nlu: Alba Rueda @provatosheep<\/li>\n<li dir=\"auto\"><strong>DOMINGU, 2 DE MARZU de 11 a 14 h. | FAMILIAR (&gt; 6 a\u00f1os) <\/strong><strong><span style=\"color: #008080\">Impresi\u00f3n bot\u00e1nica.<\/span> <\/strong>Vamos descubrir c\u00f3mo fueyes y flores pueden dexar buelga nostex\u00edos. Vamos identificar nel Xard\u00edn el material vexetal col que vamos trabayar, pa recolectalo siempre de manera responsable. Vamos deprender a facer el nuestru propiu herbariu y otres t\u00e9uniques de conservaci\u00f3n pa disponer de fueyes y flores mientres tol a\u00f1u coles que vamos estampar les prendes (camisetes, pa\u00f1uelos&#8230;) que vamos poder vistir. El p\u00fablicu participante va facer una bolsa d\u2019algod\u00f3n estampada con fueyes del bot\u00e1nicu y el p\u00fablicu infantil, am\u00e1s, va llevar pa casa\u2019l so propiu herbariu ellabor\u00e1u cola t\u00e9unica d\u2019impresi\u00f3n \u201chapa zome\u201d. Nun ye necesaria esperiencia previa.<br \/>\nP\u00f3nlu: Alba Rueda @provatosheep<\/li>\n<li dir=\"auto\"><strong>S\u00c1BADU, 8 DE MARZU de 11 a 14 h. | PERSONES ADULTES <span style=\"color: #008080\">Arte y discapacidad: Hilos, ra\u00edces y emociones. <\/span><\/strong>Pa conmemorar el d\u00eda Internacional de la muyer, esti taller ta dirix\u00edu a muyeres de cualesquier ed\u00e1 con discapacid\u00e1. Propuesta de xuegu y creaci\u00f3n a partir de materiales org\u00e1nicos como filos de llana, llenzos de llinu natural y bastidores de madera. Va plantegase a les participantes un repasu peles emociones b\u00e1siques y van amosase exemplos de comunidaes de muyeres nes que\u2019l filu y el bord\u00e1u fueron de forma tradicional un recursu espresivu emocional col que contar histories ensin pallabres. Va proponese una intervenci\u00f3n de fotograf\u00edes<br \/>\ncon filu y un di\u00e1logu sobre les emociones evocaes, promoviendo asina l\u2019autoconocimientu al travi\u00e9s del procesu creativu. Un espaciu onde deprender, crear, compartir y coneutar colos raiga\u00f1os.<br \/>\nP\u00f3nlu: Colectivo BERDE cola psic\u00f3loga Covadonga Cadrecha.<\/li>\n<li dir=\"auto\"><strong>Axenda MARZU<\/strong><\/li>\n<li dir=\"auto\"><strong>DOMINGU, 9 DE MARZU de 10:30 a 12:30 h. | XENERAL<\/strong> <span style=\"color: #008080\"><strong>Les aves del Bot\u00e1nicu.<\/strong><\/span> Los segundos domingos de cada mes vas poder disfrutar d\u2019una visita mui especial pa conocer y deprender a identificar les m\u00e1s de 90 especies d\u2019aves que viven y a\u00f1eren nesti espaciu. Activid\u00e1 incluyida cola entrada al Bot\u00e1nicu. Inscripci\u00f3n previa nel 985 185 130. Gu\u00eda: Colectivu Ornitol\u00f3xicu \u201cCarbayera del Tragam\u00f3n\u201d.<\/li>\n<li dir=\"auto\"><strong>S\u00c1BADU, 15 DE MARZU de 11 a 14 h. | PERSONES ADULTES <span style=\"color: #008080\">Ye tiempu de\u2026 brotos y xerminaos<\/span><\/strong><br \/>\nEl calendariu diz que tov\u00eda tamos n\u2019iviernu, pero pa la Naturaleza la primavera y\u00e1 aport\u00f3. Los brotos son los crecimientos nuevos de les plantes, y per onde miremos vamos ver tallos nuevos, fueyes y yemes que xurden de les plantes. Adem\u00e1s d\u2019esquisitos, son ricos en nutrientes, f\u00e1ciles de dixerir y baxos en calor\u00edes. Am\u00e1s pueden\u00a0 consumis en\u2019ensalaes, s\u00e1ndwiches, bat\u00edos y m\u00e1s.<br \/>\nEl nuestru men\u00fa gastron\u00f3micu comp\u00f3nse de: \u2022 Ente pan de xerminaos.\u2022 Brotos verdes en tempura cola so salsa romescu.\u2022 Esponxosu de llima y maracuy\u00e1 con remolacha. Al acabar el taller vamos probar tolo que cocinamos.<br \/>\nP\u00f3nlu: Escuela de cocina Kokomo @kokomococina<\/li>\n<li dir=\"auto\"><strong>DOMINGU, 16 DE MARZU de 11.30 a 14 h. | FAMILIAR (&gt; 6 a\u00f1os) <span style=\"color: #008080\">Cocina cola g\u00fcerta de temporada. <\/span><\/strong>Llega l\u2019iviernu y el campu asturianu dionos los sos frutos. Vamos cocinar un men\u00fa bas\u00e1u en vexetales cultivaos pola propia Pilar que va incluyir una ensalada de coliflor y un bomb\u00f3n de carne a la xardinera. Va mos acompa\u00f1ar el nuestru men\u00fa de temporada con un postre sorpresa deliciosu. Lo cocinao vamos llevalo pa casa.<br \/>\nImportante: \u2022 Trayer envases peque\u00f1os pa llevar el men\u00fa. \u2022 Nun se necesita trayer envase pal postre. \u2022 El men\u00fa conti\u00e9n lleche y gluten. Rogamos que comuniqu\u00e9is enantes al Bot\u00e1nicu alerxes o intolerancies.<br \/>\nP\u00f3nlu: Pilar Vega, de Desfaciendo Ma\u00edz.<br \/>\n<strong>Axenda MARZU<\/strong><br \/>\n<em><strong>Aforu limit\u00e1u en toles actividaes.<\/strong><\/em><br \/>\n<em><strong>Actividaes familiares: m\u00e1ximu 2 persones adultes por cada menor.<\/strong><\/em><br \/>\n<em><strong>M\u00e1s informaci\u00f3n nel 985 185 130.<\/strong><\/em><\/li>\n<\/ul>\n<\/div>\n<\/div>\n<\/div>\n<\/div>\n<\/div>\n<\/div>\n<\/div>\n<p>&nbsp;<\/p>\n","protected":false},"excerpt":{"rendered":"<p>Gij\u00f3n \/ Programa d&#8217;actividaes\/ Info L\u2019iviernu ye\u2019l momentu nel que la naturaleza descansa y se prepara pa volver con fuerces en primavera. PRECIOS: \u2022 Talleres pa persones adultes: 10 \u20ac \/ \u2022 Talleres familiares: 6 \u20ac (5,10 \u20ac pa los\/les menores que seyan socios\/es Club Miru\u00e9ndanos). \u2022 Visites guiaes Les aves del Bot\u00e1nicu: de baldre [&hellip;]<\/p>\n","protected":false},"author":117,"featured_media":0,"comment_status":"open","ping_status":"open","sticky":false,"template":"","format":"standard","meta":{"footnotes":""},"categories":[237,284,183],"tags":[],"class_list":["post-39737","post","type-post","status-publish","format-standard","hentry","category-talleres","category-xardines","category-xixon"],"_links":{"self":[{"href":"https:\/\/edublog.educastur.es\/ixuxu\/wp-json\/wp\/v2\/posts\/39737","targetHints":{"allow":["GET"]}}],"collection":[{"href":"https:\/\/edublog.educastur.es\/ixuxu\/wp-json\/wp\/v2\/posts"}],"about":[{"href":"https:\/\/edublog.educastur.es\/ixuxu\/wp-json\/wp\/v2\/types\/post"}],"author":[{"embeddable":true,"href":"https:\/\/edublog.educastur.es\/ixuxu\/wp-json\/wp\/v2\/users\/117"}],"replies":[{"embeddable":true,"href":"https:\/\/edublog.educastur.es\/ixuxu\/wp-json\/wp\/v2\/comments?post=39737"}],"version-history":[{"count":5,"href":"https:\/\/edublog.educastur.es\/ixuxu\/wp-json\/wp\/v2\/posts\/39737\/revisions"}],"predecessor-version":[{"id":39742,"href":"https:\/\/edublog.educastur.es\/ixuxu\/wp-json\/wp\/v2\/posts\/39737\/revisions\/39742"}],"wp:attachment":[{"href":"https:\/\/edublog.educastur.es\/ixuxu\/wp-json\/wp\/v2\/media?parent=39737"}],"wp:term":[{"taxonomy":"category","embeddable":true,"href":"https:\/\/edublog.educastur.es\/ixuxu\/wp-json\/wp\/v2\/categories?post=39737"},{"taxonomy":"post_tag","embeddable":true,"href":"https:\/\/edublog.educastur.es\/ixuxu\/wp-json\/wp\/v2\/tags?post=39737"}],"curies":[{"name":"wp","href":"https:\/\/api.w.org\/{rel}","templated":true}]}}