{"id":39751,"date":"2025-01-08T15:48:54","date_gmt":"2025-01-08T13:48:54","guid":{"rendered":"https:\/\/edublog.educastur.es\/ixuxu\/?p=39751"},"modified":"2025-01-08T20:54:07","modified_gmt":"2025-01-08T18:54:07","slug":"sidros-en-valdesoto","status":"publish","type":"post","link":"https:\/\/edublog.educastur.es\/ixuxu\/2025\/01\/sidros-en-valdesoto\/","title":{"rendered":"\u00abSidros y comedies\u00bb en Valdesoto"},"content":{"rendered":"<ul>\n<li>Fonte: <a href=\"https:\/\/imagenesdeunpais.wordpress.com\/2024\/12\/29\/sidros-y-comedies-de-valdesoto\/?fbclid=IwZXh0bgNhZW0CMTEAAR1mszRxNPkhY-TsKdieMmtfCTui3CnFBK0gIf9nK0lDozazydorFHtzWeY_aem_t088BAeDT3BmMtni1IZlqQ\">blogue<\/a><a href=\"https:\/\/imagenesdeunpais.wordpress.com\/2024\/12\/29\/sidros-y-comedies-de-valdesoto\/?fbclid=IwZXh0bgNhZW0CMTEAAR1mszRxNPkhY-TsKdieMmtfCTui3CnFBK0gIf9nK0lDozazydorFHtzWeY_aem_t088BAeDT3BmMtni1IZlqQ\"><em><strong> Imagenesdeunpais<\/strong><\/em><\/a>\/<\/li>\n<\/ul>\n<p>El primer domingu dempu\u00e9s de Reyes un tintinio traviesa&#8217;l pueblu de Valdesoto. El met\u00e1licu son\u00edu rebota nes cuestes del valle llevantando la borrina de la ma\u00f1ana y entra en cada casa espertando a los vecinos. Para ellos l&#8217;a\u00f1u nun entama hasta qu&#8217;oyen ese tint\u00edn procedente de les llueques y campanes que lleven alredor de la so cintura unes criatures at\u00e1viques feches para&#8217;l fr\u00edu: los sidros.<\/p>\n<p style=\"text-align: center\">\n<!-- iframe plugin v.6.0 wordpress.org\/plugins\/iframe\/ -->\n<iframe loading=\"lazy\" src=\"https:\/\/www.facebook.com\/plugins\/video.php?height=314&#038;href=https%3A%2F%2Fwww.facebook.com%2FComediesStory9x%2Fvideos%2F228253208860173%2F&#038;show_text=false&#038;width=560&#038;t=0\" width=\"560\" height=\"314\" style=\"border:none;overflow:hidden\" scrolling=\"no\" frameborder=\"0\" allowfullscreen=\"true\" allow=\"autoplay; clipboard-write; encrypted-media; picture-in-picture; web-share\" 0=\"\/iframe\" class=\"iframe-class\"><\/iframe>\n<\/p>\n<p>&nbsp;<\/p>\n<p style=\"text-align: center\"><a href=\"https:\/\/imagenesdeunpais.wordpress.com\/wp-content\/uploads\/2024\/12\/sidros-y-comedies-de-valdesoto-17.jpg?w=2100&amp;h=\"><img loading=\"lazy\" decoding=\"async\" class=\"aligncenter size-large\" src=\"https:\/\/imagenesdeunpais.wordpress.com\/wp-content\/uploads\/2024\/12\/sidros-y-comedies-de-valdesoto-17.jpg?w=2100&amp;h=\" width=\"1024\" height=\"683\" \/><\/a><!--more--><\/p>\n<p>Estos f\u00edos del iviernu t\u00e1n cubiertos por un conu de trupa llana d&#8217;oveya remat\u00e1u por una enhiesta cola de fo\u00edn decorada con cintes de colores. La so cara ta cubierta por una m\u00e1zcara de tela colorao. Van llanzar agudos berros d&#8217;allegr\u00eda, sacar\u00e1n-y la llingua o-y dar\u00e1n un abrazu o un besu si tienen enfotu.<\/p>\n<p style=\"text-align: center\"><a href=\"https:\/\/imagenesdeunpais.wordpress.com\/wp-content\/uploads\/2024\/12\/sidros-y-comedies-de-valdesoto-40.jpg?w=2100&amp;h=\"><img loading=\"lazy\" decoding=\"async\" class=\"aligncenter size-large\" src=\"https:\/\/imagenesdeunpais.wordpress.com\/wp-content\/uploads\/2024\/12\/sidros-y-comedies-de-valdesoto-40.jpg?w=2100&amp;h=\" width=\"576\" height=\"768\" \/><\/a><\/p>\n","protected":false},"excerpt":{"rendered":"<p>Fonte: blogue Imagenesdeunpais\/ El primer domingu dempu\u00e9s de Reyes un tintinio traviesa&#8217;l pueblu de Valdesoto. El met\u00e1licu son\u00edu rebota nes cuestes del valle llevantando la borrina de la ma\u00f1ana y entra en cada casa espertando a los vecinos. Para ellos l&#8217;a\u00f1u nun entama hasta qu&#8217;oyen ese tint\u00edn procedente de les llueques y campanes que lleven [&hellip;]<\/p>\n","protected":false},"author":117,"featured_media":0,"comment_status":"open","ping_status":"open","sticky":false,"template":"","format":"standard","meta":{"footnotes":""},"categories":[103],"tags":[],"class_list":["post-39751","post","type-post","status-publish","format-standard","hentry","category-mazcaraes"],"_links":{"self":[{"href":"https:\/\/edublog.educastur.es\/ixuxu\/wp-json\/wp\/v2\/posts\/39751","targetHints":{"allow":["GET"]}}],"collection":[{"href":"https:\/\/edublog.educastur.es\/ixuxu\/wp-json\/wp\/v2\/posts"}],"about":[{"href":"https:\/\/edublog.educastur.es\/ixuxu\/wp-json\/wp\/v2\/types\/post"}],"author":[{"embeddable":true,"href":"https:\/\/edublog.educastur.es\/ixuxu\/wp-json\/wp\/v2\/users\/117"}],"replies":[{"embeddable":true,"href":"https:\/\/edublog.educastur.es\/ixuxu\/wp-json\/wp\/v2\/comments?post=39751"}],"version-history":[{"count":7,"href":"https:\/\/edublog.educastur.es\/ixuxu\/wp-json\/wp\/v2\/posts\/39751\/revisions"}],"predecessor-version":[{"id":39753,"href":"https:\/\/edublog.educastur.es\/ixuxu\/wp-json\/wp\/v2\/posts\/39751\/revisions\/39753"}],"wp:attachment":[{"href":"https:\/\/edublog.educastur.es\/ixuxu\/wp-json\/wp\/v2\/media?parent=39751"}],"wp:term":[{"taxonomy":"category","embeddable":true,"href":"https:\/\/edublog.educastur.es\/ixuxu\/wp-json\/wp\/v2\/categories?post=39751"},{"taxonomy":"post_tag","embeddable":true,"href":"https:\/\/edublog.educastur.es\/ixuxu\/wp-json\/wp\/v2\/tags?post=39751"}],"curies":[{"name":"wp","href":"https:\/\/api.w.org\/{rel}","templated":true}]}}