{"id":39776,"date":"2025-01-08T20:51:51","date_gmt":"2025-01-08T18:51:51","guid":{"rendered":"https:\/\/edublog.educastur.es\/ixuxu\/?p=39776"},"modified":"2025-01-08T20:52:33","modified_gmt":"2025-01-08T18:52:33","slug":"mazcaraes-diviernu-nasturies","status":"publish","type":"post","link":"https:\/\/edublog.educastur.es\/ixuxu\/2025\/01\/mazcaraes-diviernu-nasturies\/","title":{"rendered":"Mazcaraes d&#8217;iviernu n&#8217;Asturies"},"content":{"rendered":"<p style=\"text-align: center\">\n<!-- iframe plugin v.6.0 wordpress.org\/plugins\/iframe\/ -->\n<iframe loading=\"lazy\" src=\"https:\/\/www.facebook.com\/plugins\/video.php?height=314&#038;href=https%3A%2F%2Fwww.facebook.com%2Flucas.diazrozada%2Fvideos%2F10158080131434506%2F&#038;show_text=false&#038;width=560&#038;t=0\" width=\"560\" height=\"314\" style=\"border:none;overflow:hidden\" scrolling=\"no\" frameborder=\"0\" allowfullscreen=\"true\" allow=\"autoplay; clipboard-write; encrypted-media; picture-in-picture; web-share\" 0=\"\/iframe\" class=\"iframe-class\"><\/iframe>\n<\/p>\n<ul>\n<li><em><span style=\"color: #008080\"><a style=\"color: #008080\" href=\"https:\/\/www.rtpa.es\/video:Mazcaraes-d'iviernu_551357910683.html\"><strong>Ver en TPA VIDEU DE 30 min<\/strong><\/a><\/span><\/em><\/li>\n<\/ul>\n<p class=\"display-ib padding-t-18 font-size-xl fuente-corporativa font-weight-b color-b-060 \"><em style=\"font-size: 20px\"><strong>El pasu d&#8217;un a\u00f1u que termina a otru qu&#8217;empieza significa dende tiempos ancestrales el tr\u00e1nsitu dende la escurid\u00e1 a la lluz<\/strong>. Un periodu conoc\u00edu polos etn\u00f3grafos como\u00a0Mazcaraes d\u2019iviernu. Una serie de ritos festivos, d&#8217;orixe paganu, que persiguen abolir un tiempu vieyu y preparase pal nuevu periodu. N&#8217;Asturies g\u00fcei calti\u00e9nense vives un total de seis mazcaraes.<\/em><\/p>\n","protected":false},"excerpt":{"rendered":"<p>Ver en TPA VIDEU DE 30 min El pasu d&#8217;un a\u00f1u que termina a otru qu&#8217;empieza significa dende tiempos ancestrales el tr\u00e1nsitu dende la escurid\u00e1 a la lluz. Un periodu conoc\u00edu polos etn\u00f3grafos como\u00a0Mazcaraes d\u2019iviernu. Una serie de ritos festivos, d&#8217;orixe paganu, que persiguen abolir un tiempu vieyu y preparase pal nuevu periodu. N&#8217;Asturies g\u00fcei [&hellip;]<\/p>\n","protected":false},"author":117,"featured_media":0,"comment_status":"open","ping_status":"open","sticky":false,"template":"","format":"standard","meta":{"footnotes":""},"categories":[103],"tags":[],"class_list":["post-39776","post","type-post","status-publish","format-standard","hentry","category-mazcaraes"],"_links":{"self":[{"href":"https:\/\/edublog.educastur.es\/ixuxu\/wp-json\/wp\/v2\/posts\/39776","targetHints":{"allow":["GET"]}}],"collection":[{"href":"https:\/\/edublog.educastur.es\/ixuxu\/wp-json\/wp\/v2\/posts"}],"about":[{"href":"https:\/\/edublog.educastur.es\/ixuxu\/wp-json\/wp\/v2\/types\/post"}],"author":[{"embeddable":true,"href":"https:\/\/edublog.educastur.es\/ixuxu\/wp-json\/wp\/v2\/users\/117"}],"replies":[{"embeddable":true,"href":"https:\/\/edublog.educastur.es\/ixuxu\/wp-json\/wp\/v2\/comments?post=39776"}],"version-history":[{"count":2,"href":"https:\/\/edublog.educastur.es\/ixuxu\/wp-json\/wp\/v2\/posts\/39776\/revisions"}],"predecessor-version":[{"id":39778,"href":"https:\/\/edublog.educastur.es\/ixuxu\/wp-json\/wp\/v2\/posts\/39776\/revisions\/39778"}],"wp:attachment":[{"href":"https:\/\/edublog.educastur.es\/ixuxu\/wp-json\/wp\/v2\/media?parent=39776"}],"wp:term":[{"taxonomy":"category","embeddable":true,"href":"https:\/\/edublog.educastur.es\/ixuxu\/wp-json\/wp\/v2\/categories?post=39776"},{"taxonomy":"post_tag","embeddable":true,"href":"https:\/\/edublog.educastur.es\/ixuxu\/wp-json\/wp\/v2\/tags?post=39776"}],"curies":[{"name":"wp","href":"https:\/\/api.w.org\/{rel}","templated":true}]}}