{"id":39797,"date":"2025-01-09T12:48:36","date_gmt":"2025-01-09T10:48:36","guid":{"rendered":"https:\/\/edublog.educastur.es\/ixuxu\/?p=39797"},"modified":"2025-01-13T19:56:50","modified_gmt":"2025-01-13T17:56:50","slug":"los-arboles-monumentales-dasturies-son-la-escusa-perfecta-para-percorrer-el-principau","status":"publish","type":"post","link":"https:\/\/edublog.educastur.es\/ixuxu\/2025\/01\/los-arboles-monumentales-dasturies-son-la-escusa-perfecta-para-percorrer-el-principau\/","title":{"rendered":"Los \u00e1rboles monumentales d&#8217;Asturies son la escusa perfecta para percorrer el Princip\u00e1u"},"content":{"rendered":"<div class=\"html-div xdj266r x11i5rnm xat24cr x1mh8g0r xexx8yu x4uap5 x18d9i69 xkhd6sd x1iyjqo2\">\n<div class=\"x78zum5 xdt5ytf xz62fqu x16ldp7u\">\n<div class=\"xu06os2 x1ok221b\">\n<div class=\"html-div xdj266r x11i5rnm xat24cr x1mh8g0r xexx8yu x4uap5 x18d9i69 xkhd6sd\" data-ad-rendering-role=\"profile_name\">\n<ul>\n<li id=\":r9o:\" class=\"html-h4 x11i5rnm xat24cr x1mh8g0r xexx8yu x4uap5 x18d9i69 xkhd6sd x1vvkbs x1heor9g x1qlqyl8 x1pd3egz x1a2a7pz x1gslohp x1yc453h\"><span class=\"xt0psk2\"><a class=\"x1i10hfl xjbqb8w x1ejq31n xd10rxx x1sy0etr x17r0tee x972fbf xcfux6l x1qhh985 xm0m39n x9f619 x1ypdohk xt0psk2 xe8uvvx xdj266r x11i5rnm xat24cr x1mh8g0r xexx8yu x4uap5 x18d9i69 xkhd6sd x16tdsg8 x1hl2dhg xggy1nq x1a2a7pz x1sur9pj xkrqix3 xzsf02u x1s688f\" role=\"link\" href=\"https:\/\/www.facebook.com\/profile.php?id=100064652505203&amp;__cft__[0]=AZX9Ht1QCdtrzVAVk89PJoSccR4uzjhaCayw3wlYAlgeW1EhRAtRyE3DGwkR-o4obhx0F7EsxxvErJTjjLPovlwhvNmJN0i2Kb8SNTdgeN6ffGVD4k6rDnZjC_o9aoyzESBWPoTXSIjaW3vNql7UdBPmxSXaRR6XAUA1LzeA3z9M_m_2NAYZihw_NBjri-ZLJUJgdvW2Q5ubzNNAfanTmNfc-mUMWsuoU58QjOxhioyHTg&amp;__tn__=-UC%2CP-R\"><strong class=\"html-strong xdj266r x11i5rnm xat24cr x1mh8g0r xexx8yu x4uap5 x18d9i69 xkhd6sd x1hl2dhg x16tdsg8 x1vvkbs x1s688f\"><span class=\"html-span xdj266r x11i5rnm xat24cr x1mh8g0r xexx8yu x4uap5 x18d9i69 xkhd6sd x1hl2dhg x16tdsg8 x1vvkbs\">Red Natural de Asturias<\/span><\/strong><\/a><\/span><\/li>\n<li><a href=\"https:\/\/www.elcomercio.es\/planes\/asturias-arboles-monumentales-singulares-20250106130119-nt.html?fbclid=IwZXh0bgNhZW0CMTAAAR1Pb9bVo5LE1DayrjpjoervQGUxWP89X7rf2X7jeMCkzRmcUYkpT6ONE-g_aem_TbSL8_5t58KWjSdn7sqDmg\">Ver noticia El Comercio<\/a><\/li>\n<\/ul>\n<\/div>\n<\/div>\n<div class=\"xu06os2 x1ok221b\"><\/div>\n<\/div>\n<\/div>\n<div class=\"xqcrz7y x78zum5 x1qx5ct2 x1y1aw1k x1sxyh0 xwib8y2 xurb0ha xw4jnvo\">\n<div style=\"text-align: center\"><a href=\"https:\/\/s2.ppllstatics.com\/elcomercio\/www\/multimedia\/2025\/01\/06\/arboles-asturias.jpg\"><img loading=\"lazy\" decoding=\"async\" class=\"aligncenter \" src=\"https:\/\/s2.ppllstatics.com\/elcomercio\/www\/multimedia\/2025\/01\/06\/arboles-asturias.jpg\" width=\"547\" height=\"383\" \/><\/a><\/div>\n<\/div>\n<div class=\"html-div xdj266r x11i5rnm xat24cr x1mh8g0r xexx8yu x4uap5 x18d9i69 xkhd6sd\" dir=\"auto\">\n<div class=\"html-div xdj266r x11i5rnm xat24cr x1mh8g0r xexx8yu x4uap5 x18d9i69 xkhd6sd\" data-ad-rendering-role=\"story_message\">\n<div id=\":r9q:\" class=\"x1l90r2v x1iorvi4 x1ye3gou xn6708d\" data-ad-comet-preview=\"message\" data-ad-preview=\"message\">\n<div class=\"x78zum5 xdt5ytf xz62fqu x16ldp7u\">\n<div class=\"xu06os2 x1ok221b\">\n<div class=\"xdj266r x11i5rnm xat24cr x1mh8g0r x1vvkbs x126k92a\">\n<div dir=\"auto\"><span class=\"html-span xexx8yu x4uap5 x18d9i69 xkhd6sd x1hl2dhg x16tdsg8 x1vvkbs x3nfvp2 x1j61x8r x1fcty0u xdj266r xat24cr xgzva0m xhhsvwb xxymvpz xlup9mm x1kky2od\">Los \u00e1rboles monumentales d&#8217;Asturies son la escusa perfecta para percorrer el Princip\u00e1u:<\/span><\/div>\n<div dir=\"auto\"><em><span class=\"html-span xexx8yu x4uap5 x18d9i69 xkhd6sd x1hl2dhg x16tdsg8 x1vvkbs x3nfvp2 x1j61x8r x1fcty0u xdj266r xat24cr xgzva0m xhhsvwb xxymvpz xlup9mm x1kky2od\"><img loading=\"lazy\" decoding=\"async\" class=\"xz74otr\" src=\"https:\/\/static.xx.fbcdn.net\/images\/emoji.php\/v9\/t6b\/1\/16\/1f333.png\" alt=\"?\" width=\"16\" height=\"16\" \/><\/span><a href=\"https:\/\/s3.ppllstatics.com\/elcomercio\/www\/multimedia\/2025\/01\/06\/tejo-bermiego-kb4B--650x455@El%20Comercio.jpg\">Texu de Bermiego (Quir\u00f3s)<\/a><\/em><\/div>\n<div dir=\"auto\"><em><span class=\"html-span xexx8yu x4uap5 x18d9i69 xkhd6sd x1hl2dhg x16tdsg8 x1vvkbs x3nfvp2 x1j61x8r x1fcty0u xdj266r xat24cr xgzva0m xhhsvwb xxymvpz xlup9mm x1kky2od\"><img loading=\"lazy\" decoding=\"async\" class=\"xz74otr\" src=\"https:\/\/static.xx.fbcdn.net\/images\/emoji.php\/v9\/t6b\/1\/16\/1f333.png\" alt=\"?\" width=\"16\" height=\"16\" \/><\/span><a href=\"https:\/\/s3.ppllstatics.com\/elcomercio\/www\/multimedia\/2025\/01\/06\/carbayon-lavandera-th-kb4B--650x455@El%20Comercio.jpg\">Carbay\u00f3n de Lavandera (Xix\u00f3n)<\/a><\/em><\/div>\n<div dir=\"auto\"><em><span class=\"html-span xexx8yu x4uap5 x18d9i69 xkhd6sd x1hl2dhg x16tdsg8 x1vvkbs x3nfvp2 x1j61x8r x1fcty0u xdj266r xat24cr xgzva0m xhhsvwb xxymvpz xlup9mm x1kky2od\"><img loading=\"lazy\" decoding=\"async\" class=\"xz74otr\" src=\"https:\/\/static.xx.fbcdn.net\/images\/emoji.php\/v9\/t6b\/1\/16\/1f333.png\" alt=\"?\" width=\"16\" height=\"16\" \/><\/span><a href=\"https:\/\/s3.ppllstatics.com\/elcomercio\/www\/multimedia\/2025\/01\/06\/tejo-santibanez-fuente-pardo-kb4B--1920x1344@El%20Comercio.jpg\">Texu de Santib\u00e1\u00f1ez de la Fuente (Ayer)<\/a><\/em><\/div>\n<div dir=\"auto\"><em><span class=\"html-span xexx8yu x4uap5 x18d9i69 xkhd6sd x1hl2dhg x16tdsg8 x1vvkbs x3nfvp2 x1j61x8r x1fcty0u xdj266r xat24cr xgzva0m xhhsvwb xxymvpz xlup9mm x1kky2od\"><img loading=\"lazy\" decoding=\"async\" class=\"xz74otr\" src=\"https:\/\/static.xx.fbcdn.net\/images\/emoji.php\/v9\/t6b\/1\/16\/1f333.png\" alt=\"?\" width=\"16\" height=\"16\" \/><\/span><a href=\"https:\/\/s2.ppllstatics.com\/elcomercio\/www\/multimedia\/2025\/01\/06\/tejo-santa-coloma-kb4B--650x455@El%20Comercio.jpg\">Texu de Santa Coloma (Ayande)<\/a><\/em><\/div>\n<div dir=\"auto\"><em><span class=\"html-span xexx8yu x4uap5 x18d9i69 xkhd6sd x1hl2dhg x16tdsg8 x1vvkbs x3nfvp2 x1j61x8r x1fcty0u xdj266r xat24cr xgzva0m xhhsvwb xxymvpz xlup9mm x1kky2od\"><img loading=\"lazy\" decoding=\"async\" class=\"xz74otr\" src=\"https:\/\/static.xx.fbcdn.net\/images\/emoji.php\/v9\/t6b\/1\/16\/1f333.png\" alt=\"?\" width=\"16\" height=\"16\" \/><\/span><a href=\"https:\/\/s1.ppllstatics.com\/elcomercio\/www\/multimedia\/2025\/01\/06\/tejo-salas-ig-kb4B--650x455@El%20Comercio.jpg\">Texu de Salas (Salas)<\/a><\/em><\/div>\n<div dir=\"auto\"><em><span class=\"html-span xexx8yu x4uap5 x18d9i69 xkhd6sd x1hl2dhg x16tdsg8 x1vvkbs x3nfvp2 x1j61x8r x1fcty0u xdj266r xat24cr xgzva0m xhhsvwb xxymvpz xlup9mm x1kky2od\"><img loading=\"lazy\" decoding=\"async\" class=\"xz74otr\" src=\"https:\/\/static.xx.fbcdn.net\/images\/emoji.php\/v9\/t6b\/1\/16\/1f333.png\" alt=\"?\" width=\"16\" height=\"16\" \/><\/span><a href=\"https:\/\/s2.ppllstatics.com\/elcomercio\/www\/multimedia\/2025\/01\/06\/carbayon-valentin-kb4B--650x455@El%20Comercio.jpg\">Carbay\u00f3n de Valent\u00edn (Tineu)<\/a><\/em><\/div>\n<div dir=\"auto\"><em><span class=\"html-span xexx8yu x4uap5 x18d9i69 xkhd6sd x1hl2dhg x16tdsg8 x1vvkbs x3nfvp2 x1j61x8r x1fcty0u xdj266r xat24cr xgzva0m xhhsvwb xxymvpz xlup9mm x1kky2od\"><img loading=\"lazy\" decoding=\"async\" class=\"xz74otr\" src=\"https:\/\/static.xx.fbcdn.net\/images\/emoji.php\/v9\/t6b\/1\/16\/1f333.png\" alt=\"?\" width=\"16\" height=\"16\" \/><\/span>Texu de Lago (Ayande)<\/em><\/div>\n<div dir=\"auto\"><em><span class=\"html-span xexx8yu x4uap5 x18d9i69 xkhd6sd x1hl2dhg x16tdsg8 x1vvkbs x3nfvp2 x1j61x8r x1fcty0u xdj266r xat24cr xgzva0m xhhsvwb xxymvpz xlup9mm x1kky2od\"><img loading=\"lazy\" decoding=\"async\" class=\"xz74otr\" src=\"https:\/\/static.xx.fbcdn.net\/images\/emoji.php\/v9\/t6b\/1\/16\/1f333.png\" alt=\"?\" width=\"16\" height=\"16\" \/><\/span>Texu de Pastur (Eilao)<\/em><\/div>\n<div dir=\"auto\"><!--more--><\/div>\n<\/div>\n<div class=\"x11i5rnm xat24cr x1mh8g0r x1vvkbs xtlvy1s x126k92a\">\n<div dir=\"auto\">\n<p>Asturies ye un para\u00edsu natural. Para amuesa, los sos monumentos naturales, una calificaci\u00f3n que se concede, seg\u00fan la definici\u00f3n recoyida na normativa auton\u00f3mica,<em> a aquellos espacios o elementos de la naturaleza constituy\u00edos b\u00e1sicamente por formaciones de vultable singularid\u00e1, rareza o guapura, que merecen ser oxetu d&#8217;una protecci\u00f3n especial.<\/em><\/p>\n<p>A esa descripci\u00f3n af\u00e1ense, am\u00e1s d&#8217;otros elementos naturalaes, los \u00e1rboles singulares y monumentales. Afayalos y esfrutar del so maxestuosid\u00e1 ye una bona escusa para percorrer Asturies nel a\u00f1u que&#8217;l Princip\u00e1u dedica al turismu rural, y\u00e1 s\u00eda viaxando en coche o a realizando dalguna de les sos munches rutes de senderismu.<\/p>\n<\/div>\n<div dir=\"auto\">Estos son salgunos&#8230;<\/div>\n<div dir=\"auto\">@elcomerciodigit <span class=\"html-span xdj266r x11i5rnm xat24cr x1mh8g0r xexx8yu x4uap5 x18d9i69 xkhd6sd x1hl2dhg x16tdsg8 x1vvkbs\"><a class=\"x1i10hfl xjbqb8w x1ejq31n xd10rxx x1sy0etr x17r0tee x972fbf xcfux6l x1qhh985 xm0m39n x9f619 x1ypdohk xt0psk2 xe8uvvx xdj266r x11i5rnm xat24cr x1mh8g0r xexx8yu x4uap5 x18d9i69 xkhd6sd x16tdsg8 x1hl2dhg xggy1nq x1a2a7pz x1sur9pj xkrqix3 x1fey0fg x1s688f\" role=\"link\" href=\"https:\/\/www.elcomercio.es\/planes\/asturias-arboles-monumentales-singulares-20250106130119-nt.html?fbclid=IwZXh0bgNhZW0CMTAAAR1Pb9bVo5LE1DayrjpjoervQGUxWP89X7rf2X7jeMCkzRmcUYkpT6ONE-g_aem_TbSL8_5t58KWjSdn7sqDmg\" target=\"_blank\" rel=\"nofollow noopener noreferrer\">https:\/\/www.elcomercio.es\/&#8230;\/asturias-arboles&#8230;<\/a><\/span><\/div>\n<\/div>\n<div class=\"x11i5rnm xat24cr x1mh8g0r x1vvkbs xtlvy1s x126k92a\">\n<div dir=\"auto\">@turismoasturias <span class=\"html-span xdj266r x11i5rnm xat24cr x1mh8g0r xexx8yu x4uap5 x18d9i69 xkhd6sd x1hl2dhg x16tdsg8 x1vvkbs\"><a class=\"x1i10hfl xjbqb8w x1ejq31n xd10rxx x1sy0etr x17r0tee x972fbf xcfux6l x1qhh985 xm0m39n x9f619 x1ypdohk xt0psk2 xe8uvvx xdj266r x11i5rnm xat24cr x1mh8g0r xexx8yu x4uap5 x18d9i69 xkhd6sd x16tdsg8 x1hl2dhg xggy1nq x1a2a7pz x1sur9pj xkrqix3 x1fey0fg x1s688f\" role=\"link\" href=\"https:\/\/www.turismoasturias.es\/naturaleza\/monumentos-naturales?fbclid=IwZXh0bgNhZW0CMTAAAR2j1XKw8piNXGQ57y_K77bI4aNvT8Y15_nOo8DTkqljsKmquze2VLPViLg_aem_nARTfmwrqf4BUPGh9cvXUw\" target=\"_blank\" rel=\"nofollow noopener noreferrer\">https:\/\/www.turismoasturias.es\/natur&#8230;\/monumentos-naturales<\/a><\/span><\/div>\n<\/div>\n<div class=\"x11i5rnm xat24cr x1mh8g0r x1vvkbs xtlvy1s x126k92a\">\n<div dir=\"auto\">Y la nuesa web <span class=\"html-span xdj266r x11i5rnm xat24cr x1mh8g0r xexx8yu x4uap5 x18d9i69 xkhd6sd x1hl2dhg x16tdsg8 x1vvkbs\"><a class=\"x1i10hfl xjbqb8w x1ejq31n xd10rxx x1sy0etr x17r0tee x972fbf xcfux6l x1qhh985 xm0m39n x9f619 x1ypdohk xt0psk2 xe8uvvx xdj266r x11i5rnm xat24cr x1mh8g0r xexx8yu x4uap5 x18d9i69 xkhd6sd x16tdsg8 x1hl2dhg xggy1nq x1a2a7pz x1sur9pj xkrqix3 x1fey0fg x1s688f\" role=\"link\" href=\"https:\/\/naturalezadeasturias.es\/espacios\/accede\/protegidos\/monumentos-naturales\/?fbclid=IwZXh0bgNhZW0CMTAAAR0CQWZGKjjIm7s6I6Zz_Fe57tLOe0NATNUROrhXLZc_Hnc8_f6CBGMcA_I_aem_xeY49FRKflKDOISMDmr8oA\" target=\"_blank\" rel=\"nofollow noopener noreferrer\">https:\/\/naturalezadeasturias.es\/&#8230;\/monumentos-naturales\/<\/a><\/span><\/div>\n<\/div>\n<\/div>\n<\/div>\n<\/div>\n<\/div>\n<\/div>\n<p>&nbsp;<\/p>\n","protected":false},"excerpt":{"rendered":"<p>Red Natural de Asturias Ver noticia El Comercio Los \u00e1rboles monumentales d&#8217;Asturies son la escusa perfecta para percorrer el Princip\u00e1u: Texu de Bermiego (Quir\u00f3s) Carbay\u00f3n de Lavandera (Xix\u00f3n) Texu de Santib\u00e1\u00f1ez de la Fuente (Ayer) Texu de Santa Coloma (Ayande) Texu de Salas (Salas) Carbay\u00f3n de Valent\u00edn (Tineu) Texu de Lago (Ayande) Texu de Pastur [&hellip;]<\/p>\n","protected":false},"author":117,"featured_media":0,"comment_status":"open","ping_status":"open","sticky":false,"template":"","format":"standard","meta":{"footnotes":""},"categories":[314],"tags":[],"class_list":["post-39797","post","type-post","status-publish","format-standard","hentry","category-rede-natura-dasturies"],"_links":{"self":[{"href":"https:\/\/edublog.educastur.es\/ixuxu\/wp-json\/wp\/v2\/posts\/39797","targetHints":{"allow":["GET"]}}],"collection":[{"href":"https:\/\/edublog.educastur.es\/ixuxu\/wp-json\/wp\/v2\/posts"}],"about":[{"href":"https:\/\/edublog.educastur.es\/ixuxu\/wp-json\/wp\/v2\/types\/post"}],"author":[{"embeddable":true,"href":"https:\/\/edublog.educastur.es\/ixuxu\/wp-json\/wp\/v2\/users\/117"}],"replies":[{"embeddable":true,"href":"https:\/\/edublog.educastur.es\/ixuxu\/wp-json\/wp\/v2\/comments?post=39797"}],"version-history":[{"count":6,"href":"https:\/\/edublog.educastur.es\/ixuxu\/wp-json\/wp\/v2\/posts\/39797\/revisions"}],"predecessor-version":[{"id":39803,"href":"https:\/\/edublog.educastur.es\/ixuxu\/wp-json\/wp\/v2\/posts\/39797\/revisions\/39803"}],"wp:attachment":[{"href":"https:\/\/edublog.educastur.es\/ixuxu\/wp-json\/wp\/v2\/media?parent=39797"}],"wp:term":[{"taxonomy":"category","embeddable":true,"href":"https:\/\/edublog.educastur.es\/ixuxu\/wp-json\/wp\/v2\/categories?post=39797"},{"taxonomy":"post_tag","embeddable":true,"href":"https:\/\/edublog.educastur.es\/ixuxu\/wp-json\/wp\/v2\/tags?post=39797"}],"curies":[{"name":"wp","href":"https:\/\/api.w.org\/{rel}","templated":true}]}}