{"id":39810,"date":"2025-01-09T14:52:50","date_gmt":"2025-01-09T12:52:50","guid":{"rendered":"https:\/\/edublog.educastur.es\/ixuxu\/?p=39810"},"modified":"2025-01-09T14:53:12","modified_gmt":"2025-01-09T12:53:12","slug":"la-pareya-de-bisontes-europeos-en-teberga-espera-una-cria-un-finxu-pasturies","status":"publish","type":"post","link":"https:\/\/edublog.educastur.es\/ixuxu\/2025\/01\/la-pareya-de-bisontes-europeos-en-teberga-espera-una-cria-un-finxu-pasturies\/","title":{"rendered":"La pareya de bisontes europeos en Teberga espera una cr\u00eda, un finxu p&#8217;Asturies"},"content":{"rendered":"<ul>\n<li id=\":rq1:\" class=\"html-h4 x11i5rnm xat24cr x1mh8g0r xexx8yu x4uap5 x18d9i69 xkhd6sd x1vvkbs x1heor9g x1qlqyl8 x1pd3egz x1a2a7pz x1gslohp x1yc453h\"><span class=\"xt0psk2\"><a class=\"x1i10hfl xjbqb8w x1ejq31n xd10rxx x1sy0etr x17r0tee x972fbf xcfux6l x1qhh985 xm0m39n x9f619 x1ypdohk xt0psk2 xe8uvvx xdj266r x11i5rnm xat24cr x1mh8g0r xexx8yu x4uap5 x18d9i69 xkhd6sd x16tdsg8 x1hl2dhg xggy1nq x1a2a7pz x1sur9pj xkrqix3 xzsf02u x1s688f\" role=\"link\" href=\"https:\/\/www.facebook.com\/nuevaespana?__cft__[0]=AZVfMOmQXcCsQEfSjlQeSmZAO8JMyh7yjkLdyiszawaiSnG26kYdO_DLZOfHC9ozbwaBKzrQXUtPZ_DGAsBnnpuyA2Rwf5XfGIhO-0ATOK-Jq5uwTSsoekLQdGmjM1AUKQOP7RCNBRdi8Cbt_YefNFyReKF7Fcczmd4T9oqUVDaHJAeFU4ctDf-7iOKOmy3aUWtB5pBaP-yVU-1C8CDhTiPmxCRyEE5pMDviRffSuRrhAw&amp;__tn__=-UC%2CP-R\"><strong class=\"html-strong xdj266r x11i5rnm xat24cr x1mh8g0r xexx8yu x4uap5 x18d9i69 xkhd6sd x1hl2dhg x16tdsg8 x1vvkbs x1s688f\"><span class=\"html-span xdj266r x11i5rnm xat24cr x1mh8g0r xexx8yu x4uap5 x18d9i69 xkhd6sd x1hl2dhg x16tdsg8 x1vvkbs\"> Nueva Espa\u00f1a Digital &#8211; LNE.es<\/span><\/strong><\/a><\/span><span class=\"html-span xdj266r x11i5rnm xat24cr x1mh8g0r xexx8yu x4uap5 x18d9i69 xkhd6sd x1hl2dhg x16tdsg8 x1vvkbs x1dor1uw x1n2onr6\"> \/ <a href=\"https:\/\/www.lne.es\/asturias\/2025\/01\/09\/bisonte-europeo-resiste-asentarse-asturias-113220321.html?utm_term=Autofeed&amp;utm_campaign=Echobox&amp;utm_medium=Social&amp;utm_source=Facebook&amp;fbclid=IwZXh0bgNhZW0CMTAAAR0dEXVm20Rz26r_1EktF4F3umJEbVI8dUtKkG_mTB7V6EoKcdW71cUhG38_aem_MNaVA5CW0fLR7WIrHlqXwA#Echobox=1736423910\"><strong>LNE<\/strong> y videu <\/a>\/<br \/>\n<\/span><\/li>\n<li><span style=\"font-size: 14px\">TESTU: Mariola Riera \/ VIDEU: Amor Dom\u00ednguez\/ SEMEYA: Vencida Mariola<\/span><\/li>\n<\/ul>\n<p style=\"text-align: center\"><a href=\"https:\/\/estaticos-cdn.prensaiberica.es\/clip\/648b2070-78f7-45ee-9d80-7f1920815c57_alta-libre-aspect-ratio_default_0.jpg\"><img loading=\"lazy\" decoding=\"async\" class=\"aligncenter size-large\" src=\"https:\/\/estaticos-cdn.prensaiberica.es\/clip\/648b2070-78f7-45ee-9d80-7f1920815c57_alta-libre-aspect-ratio_default_0.jpg\" width=\"1200\" height=\"675\" \/><\/a><\/p>\n<div class=\"html-div xdj266r x11i5rnm xat24cr x1mh8g0r xexx8yu x4uap5 x18d9i69 xkhd6sd\" dir=\"auto\">\n<div class=\"html-div xdj266r x11i5rnm xat24cr x1mh8g0r xexx8yu x4uap5 x18d9i69 xkhd6sd\" data-ad-rendering-role=\"story_message\">\n<div id=\":rq3:\" class=\"x1l90r2v x1iorvi4 x1ye3gou xn6708d\" data-ad-comet-preview=\"message\" data-ad-preview=\"message\">\n<div class=\"x78zum5 xdt5ytf xz62fqu x16ldp7u\">\n<div class=\"xu06os2 x1ok221b\">\n<div class=\"xdj266r x11i5rnm xat24cr x1mh8g0r x1vvkbs x126k92a\">\n<div dir=\"auto\">La pareya de bisontes europeos en Teberga espera una cr\u00eda, un finxu p&#8217;Asturies. El bisonte europ\u00e9u\u00a0 nun termina d&#8217;asitiase n&#8217;Asturies: les dificultaes pa reintroducir la especie nel Princip\u00e1u. Nel Parque de la Prehistoria de Teberga t\u00e1n de norabona y angua\u00f1o conf\u00eden en que creza la familia: <strong>la pareya de bisontes europeos qu&#8217;ell\u00ed vive espera una cr\u00eda.<\/strong> Pero va ser una nacencia simb\u00f3lica, pos, <strong>cuando naza&#8217;l que vien en cam\u00edn, los teberganos van ser los tr\u00e9s \u00fanicos animales d&#8217;una especie que s&#8217;aguanta a instalase n&#8217;Asturies<\/strong>, non asina n&#8217;Espa\u00f1a.<\/div>\n<div dir=\"auto\">\n<p><!--more--><\/p>\n<p>El bisonte europ\u00e9u nun acaba d&#8217;atopar acomodu n&#8217;Asturies, magar que en Espa\u00f1a la so poblaci\u00f3n, anque de forma lenta, cada vez va a m\u00e1s. Son unos 11.000 los exemplares qu&#8217;hai nel mundu, <strong>160 en toa Espa\u00f1a, y de estos, dos (machu y fema) nel Princip\u00e1u, concretamente nel Parque de la Prehistoria de Teberga<\/strong>.<\/p>\n<p>Esta pareya de bisontes lleg\u00f3 fai unos cuantos a\u00f1os a la cortil y ta en cam\u00edn d&#8217;ampliar familia. \u00abCreemos que la fema ta pre\u00f1ada y esperamos una nacencia en 2025\u00bb, adelantra&#8217;l veterinariu aviles\u00edn Fernando Mor\u00e1n, fundador y responsable del <strong>Centru de Caltenimientu del Bisonte europ\u00e9u n&#8217;Espa\u00f1a.<\/strong><\/p>\n<p>Sicas\u00ed, la d&#8217;Asturies ye una presencia simb\u00f3lica , enfocada al turismu y empobinada a dar a conocer <strong>una especie qu&#8217;habit\u00f3 na Pen\u00ednsula Ib\u00e9rica fai miles d&#8217;a\u00f1os y a principios del sieglu XX tuvo en peligru d&#8217;estinci\u00f3n<\/strong>. Y tampoco ta f\u00e1cil que vaiga a m\u00e1s por dellos motivos, ente ellos, les duldes cient\u00edfiques de que s\u00eda aconseyable fomentar la so cr\u00eda. Ello ye que apocay\u00e1 m\u00e1s d&#8217;un mes conoci\u00f3 un informe de cuarenta investigadores de distintos pa\u00edses, especialistes n&#8217;Ecolox\u00eda Hist\u00f3rica, Paleontolox\u00eda, Arqueolox\u00eda, Derechu, Xen\u00e9tica, Ecolox\u00eda, Biolox\u00eda del Caltenimientu y Camb\u00e9u clim\u00e1ticu, que desaconseya la introducci\u00f3n del bisonte europ\u00e9u n&#8217;Espa\u00f1a porque dulden de la so utilid\u00e1.<\/p>\n<p>Tolo contrario opina Fernando Mor\u00e1n, quien destaca los beneficios que traer\u00eda p&#8217;Asturies la espansi\u00f3n del animal. \u00abA priori ye un llugar escelente pa esta especie, sobremanera en zones onde la ganader\u00eda estensiva aband\u00f3nase, y\u00e1 que tamos sufriendo un aumentu de les quemes por cuenta de esi abandonu rural desastrosu pal nuesu paisaxe. Tami\u00e9n ser\u00eda \u00fatil pa menguar la depredaci\u00f3n del llobu sobro&#8217;l gan\u00e1u y polo xeneral pa restaurar procesos ecol\u00f3xicos y aumentar la biodiversid\u00e1\u00bb, abonda. Sicas\u00ed almite que&#8217;l cam\u00edn pa ver bisontes nos montes asturianos \u00abye llargu\u00bb.<\/p>\n<p>Pel momento, los intentos qu&#8217;hubo de cr\u00eda na rex\u00f3n nun salieron adelantre. Son dos los proyectos, recuerda Mor\u00e1n, qu&#8217;hubo hasta agora: unu, nuna finca privada de la Bra\u00f1a del Zapurrel (Villay\u00f3n) que dur\u00f3 un a\u00f1u, ente 2012 y 2013; y otru, un pequenu centru de cr\u00eda nuna finca al llau del Ikea en Llugones (Siero), que dur\u00f3 dende 2012 a 2017. Na actualid\u00e1 nun hai nengunu de cr\u00eda.<\/p>\n<p><strong>Nun ye f\u00e1cil llevar a cabu un proyectu pa la cr\u00eda de bisonte europ\u00e9u.<\/strong> \u00abPrimero habr\u00eda que tener una base llegal pa restituyilos y esta, nestos momentos nun esiste. T\u00e1n busc\u00e1ndose evidencies de la presencia d&#8217;esta especie de Bisonte n&#8217;Iberia. Pero ent\u00e1 si atop\u00e1ramos al bisonte actual europ\u00e9u, o bison bonasus, nun xacimientu, quedar\u00eda evaluar la idoneid\u00e1 d&#8217;esa especie pa la situaci\u00f3n de la naturaleza n&#8217;Asturies y eso sueli ser un procesu llargu\u00bb, esplica&#8217;l profesional aviles\u00edn, qu&#8217;asesora dellos proyectos n&#8217;Espa\u00f1a y pasa por ser unu de los principales espertos sobro la especie.<\/p>\n<p>Na so opini\u00f3n, lo b\u00e1sico ye faer un proyectu piloto pa ver les bondaes de la presencia del animal nel territoriu: \u00abUna de les coses bones que tien ye que puede revertise cualquier acci\u00f3n y tantu pol so tama\u00f1u como pola so biolox\u00eda enxam\u00e1s puede ser una especie invasora\u00bb.<\/p>\n<p><strong>Les dos amenaces d&#8217;estinci\u00f3n nel sieglu XX. <\/strong>Fernando Mor\u00e1n suma m\u00e1s de 15 a\u00f1os de trabayu y esfuerzu por protexer y recuperar el bisonte europ\u00e9u na Pen\u00ednsula Ib\u00e9rica. El so oxetivu ye protexer la especie de la estinci\u00f3n <em>\u00abcenciellamente teniendo m\u00e1s animales en m\u00e1s territoriu, que ye lo que precisa, y en condiciones naturales, como fauna selvaxe y non como si fuera un zool\u00f3xicu\u00bb.<\/em> Sostien qu&#8217;espandila per Europa previen de problemes sanitarios venceyaos al camb\u00e9u clim\u00e1ticu o andaes por enfermedaes epizooties.<\/p>\n<\/div>\n<\/div>\n<\/div>\n<\/div>\n<\/div>\n<\/div>\n<\/div>\n<p>&nbsp;<\/p>\n","protected":false},"excerpt":{"rendered":"<p>Nueva Espa\u00f1a Digital &#8211; LNE.es \/ LNE y videu \/ TESTU: Mariola Riera \/ VIDEU: Amor Dom\u00ednguez\/ SEMEYA: Vencida Mariola La pareya de bisontes europeos en Teberga espera una cr\u00eda, un finxu p&#8217;Asturies. El bisonte europ\u00e9u\u00a0 nun termina d&#8217;asitiase n&#8217;Asturies: les dificultaes pa reintroducir la especie nel Princip\u00e1u. Nel Parque de la Prehistoria de Teberga [&hellip;]<\/p>\n","protected":false},"author":117,"featured_media":0,"comment_status":"open","ping_status":"open","sticky":false,"template":"","format":"standard","meta":{"footnotes":""},"categories":[1],"tags":[],"class_list":["post-39810","post","type-post","status-publish","format-standard","hentry","category-sin-categoria"],"_links":{"self":[{"href":"https:\/\/edublog.educastur.es\/ixuxu\/wp-json\/wp\/v2\/posts\/39810","targetHints":{"allow":["GET"]}}],"collection":[{"href":"https:\/\/edublog.educastur.es\/ixuxu\/wp-json\/wp\/v2\/posts"}],"about":[{"href":"https:\/\/edublog.educastur.es\/ixuxu\/wp-json\/wp\/v2\/types\/post"}],"author":[{"embeddable":true,"href":"https:\/\/edublog.educastur.es\/ixuxu\/wp-json\/wp\/v2\/users\/117"}],"replies":[{"embeddable":true,"href":"https:\/\/edublog.educastur.es\/ixuxu\/wp-json\/wp\/v2\/comments?post=39810"}],"version-history":[{"count":1,"href":"https:\/\/edublog.educastur.es\/ixuxu\/wp-json\/wp\/v2\/posts\/39810\/revisions"}],"predecessor-version":[{"id":39811,"href":"https:\/\/edublog.educastur.es\/ixuxu\/wp-json\/wp\/v2\/posts\/39810\/revisions\/39811"}],"wp:attachment":[{"href":"https:\/\/edublog.educastur.es\/ixuxu\/wp-json\/wp\/v2\/media?parent=39810"}],"wp:term":[{"taxonomy":"category","embeddable":true,"href":"https:\/\/edublog.educastur.es\/ixuxu\/wp-json\/wp\/v2\/categories?post=39810"},{"taxonomy":"post_tag","embeddable":true,"href":"https:\/\/edublog.educastur.es\/ixuxu\/wp-json\/wp\/v2\/tags?post=39810"}],"curies":[{"name":"wp","href":"https:\/\/api.w.org\/{rel}","templated":true}]}}