{"id":39812,"date":"2025-01-09T15:17:57","date_gmt":"2025-01-09T13:17:57","guid":{"rendered":"https:\/\/edublog.educastur.es\/ixuxu\/?p=39812"},"modified":"2025-01-09T15:29:01","modified_gmt":"2025-01-09T13:29:01","slug":"39812","status":"publish","type":"post","link":"https:\/\/edublog.educastur.es\/ixuxu\/2025\/01\/39812\/","title":{"rendered":"RPA escomienza a emitir la tercer temporada d\u2019Al Son"},"content":{"rendered":"<p style=\"text-align: center\"><a href=\"https:\/\/musicasturiana.com\/wp-content\/uploads\/2025\/01\/WhatsApp-Image-2025-01-09-at-11.40.33.jpeg\"><img loading=\"lazy\" decoding=\"async\" class=\"aligncenter \" src=\"https:\/\/musicasturiana.com\/wp-content\/uploads\/2025\/01\/WhatsApp-Image-2025-01-09-at-11.40.33.jpeg\" width=\"383\" height=\"383\" \/><\/a><\/p>\n<p>El programa <em><strong><a href=\"https:\/\/www.rtpa.es\/rpa-programa:Al%20Son_111611733093.html\" target=\"_blank\" rel=\"noreferrer noopener\" data-type=\"link\" data-id=\"https:\/\/www.rtpa.es\/rpa-programa:Al%20Son_111611733093.html\">Al Son<\/a><\/strong><\/em>, dirix\u00edu y present\u00e1u por <strong>Xune Elipe<\/strong>, escomenzaba la so emisi\u00f3n en febreru del 2021, realizando nesi a\u00f1u 50 cap\u00edtulos; nel 2022 ser\u00eden otros 20 los cap\u00edtulos emit\u00edos. En total foron setenta les entregues d\u2019esti espaciu; cap\u00edtulos que trataron munchos y mui variaos aspectos sobre la m\u00fasica asturiana.<\/p>\n<ul>\n<li>Fonte:<a href=\"https:\/\/musicasturiana.com\/rpa-escomienza-a-emitir-la-tercer-temporada-dal-son\/?fbclid=IwZXh0bgNhZW0CMTEAAR2mpnt009p2am-l7UklyNiWMKxyrd__Iopke3CPtBfVt5_INi5GqUFfjRE_aem_rD3gIa72fRNHSeRFdfz0dw\"> MusicAsturiana<\/a> \/ <a href=\"https:\/\/www.rtpa.es\/audio:Al-Son.-Lliteratura-Cantada_1656365434.html\">RPA enllaz cap\u00edtulos<\/a> \/ <a href=\"https:\/\/open.spotify.com\/show\/4hhh4g3n16WuNug0PIjz2E\"><strong>Spotify<\/strong> <\/a>\/<\/li>\n<li>\n<div class=\"elementor-element elementor-element-667e3c7 elementor-widget elementor-widget-theme-post-title elementor-page-title elementor-widget-heading\" data-id=\"667e3c7\" data-element_type=\"widget\" data-widget_type=\"theme-post-title.default\"><\/div>\n<div class=\"elementor-element elementor-element-00f4678 elementor-widget elementor-widget-theme-post-excerpt\" data-id=\"00f4678\" data-element_type=\"widget\" data-widget_type=\"theme-post-excerpt.default\">\n<div class=\"elementor-widget-container\"><em>La radio p\u00fablica retoma esta enciclopedia sonora con novedaes que va poder sentise<strong> tolos s\u00e1bados a les 22h y va tar disponible a la carta<\/strong><\/em><\/div>\n<\/div>\n<\/li>\n<\/ul>\n<p><!--more--><\/p>\n<div id=\"temporadas\">\n<div class=\"col-xs-12 padding-t-10\">\n<header class=\"display-t width-0100 padding-t-8 padding-b-8 border-b-1 border-solid border-color-b-010\">\n<div class=\"display-tc vertical-align-m\">\n<p><span style=\"color: #008080\"><em>\u2019Al Son\u2019 ye un programa de calter musical dedic\u00e1u a la escena asturiana de les \u00faltimes d\u00e9cades. L\u2019espaciu va facer un percorr\u00edu selmana a selmana de los movimientos y tendencies m\u00e1s importantes que se dieron na m\u00fasica asturiana dende l\u2019a\u00f1u 1974, fecha del nacimientu del asturianismu modernu (Surdimientu) hasta l\u2019actualid\u00e1.<\/em><\/span><\/p>\n<p><span style=\"color: #008080\"><em>Too ello con un equipu form\u00e1u por: Xune Elipe (direcci\u00f3n, documentaci\u00f3n, gui\u00f3n y presentaci\u00f3n), Xicu Ariza (gui\u00f3n y responsable de la secci\u00f3n \u2019Versiones\u2019), Lena Elipe (llocuci\u00f3n de les secciones \u2019Sonoteca\u2019 y \u2019Nomes\u2019) y Sergio D\u00edaz (edici\u00f3n, montaxe y son\u00edu).<\/em><\/span><\/p>\n<ul>\n<li><a class=\"white-space-nw switch-temporada\" href=\"https:\/\/www.rtpa.es\/audio:Al-Son.-Lliteratura-Cantada_1656365434.html#\" data-temporada=\"2022\"><span class=\"display-b font-weight-b font-size-m\">Al Son 2022<\/span><\/a> \u00a0 <span id=\"numero_en_archivo numero_en_archivo_2022\" class=\"display-b font-size-s color-b-060\">21 programas <\/span><a class=\"css-btn-mostrar-temporada white-space-nw bg-c-primary c-white display-ib padding-t-10 padding-b-8 padding-l-16 padding-r-16 border-radius-4 text-align-c font-size-xs switch-temporada\" href=\"https:\/\/www.rtpa.es\/audio:Al-Son.-Lliteratura-Cantada_1656365434.html#\" data-temporada=\"2022\"><span class=\"texto-boton\">Mostrar<\/span><\/a><\/li>\n<\/ul>\n<\/div>\n<\/header>\n<\/div>\n<div class=\"col-xs-12 padding-t-10\">\n<header class=\"display-t width-0100 padding-t-8 padding-b-8 border-b-1 border-solid border-color-b-010\">\n<div class=\"display-tc vertical-align-m\">\n<ul>\n<li><a class=\"white-space-nw switch-temporada\" href=\"https:\/\/www.rtpa.es\/audio:Al-Son.-Lliteratura-Cantada_1656365434.html#\" data-temporada=\"2021\"><span class=\"display-b font-weight-b font-size-m\">Al Son 2021<\/span><\/a>\u00a0 <span id=\"numero_en_archivo numero_en_archivo_2021\" class=\"display-b font-size-s color-b-060\">45 programas <\/span><a class=\"css-btn-mostrar-temporada white-space-nw bg-c-primary c-white display-ib padding-t-10 padding-b-8 padding-l-16 padding-r-16 border-radius-4 text-align-c font-size-xs switch-temporada\" href=\"https:\/\/www.rtpa.es\/audio:Al-Son.-Lliteratura-Cantada_1656365434.html#\" data-temporada=\"2021\"><span class=\"texto-boton\">Mostrar<\/span><\/a><\/li>\n<\/ul>\n<\/div>\n<\/header>\n<\/div>\n<\/div>\n<p>Por exemplu: pioneros de la m\u00fasica asturiana, l\u2019asturianada contempor\u00e1nea, Nuevu Canciu Astur, la mina na m\u00fasica asturiana, pop llariegu, celtismu, les bandines tradicionales, folk de c\u00e1mara, jazz de raiga\u00f1u, rock n\u2019asturianu, la revoluci\u00f3n de la pandereta, cantares de sidra, movimientu coral, bandes de gaites, la emigraci\u00f3n na m\u00fasica asturiana, voces femenines, la m\u00fasica del Navia-Eo, Eduardo Mart\u00ednez Torner o vanguardies. Ente <a href=\"https:\/\/www.rtpa.es\/audio:Al-Son.-Lliteratura-Cantada_1656365434.html\" target=\"_blank\" rel=\"noreferrer noopener\" data-type=\"link\" data-id=\"https:\/\/www.rtpa.es\/audio:Al-Son.-Lliteratura-Cantada_1656365434.html\">tolos cap\u00edtulos<\/a> faen una de las mayores enciclopedies sonores sobre la m\u00fasica asturiana qu\u2019existe actualmente, y que ta puesta a disposici\u00f3n de tol p\u00fablicu interes\u00e1u.<\/p>\n<p>Una vez acabada esta primer etapa del programa y llogr\u00e1u l\u2019oxetivu de rexistrar esa \u00abenciclopedia sonora\u00bb de la m\u00fasica asturiana, retomamos agora la <strong>emis\u00f3n de temporaes nueves<\/strong>. La idea ye qu\u2019<em><strong>Al Son<\/strong><\/em> tea al tantu fundamentalmente de l\u2019<strong>actualid\u00e1 de la m\u00fasica asturiana<\/strong>, informando de les <strong>novedaes<\/strong> que vayan edit\u00e1ndose y de tola activid\u00e1 que xenere (conciertos, eventos, publicaciones\u2026), am\u00e1s d\u2019incorporar distintes <strong>secciones<\/strong>.<\/p>\n<p>Creyemos qu\u2019un espaciu como esti ye mui necesariu nun mediu de comunicaci\u00f3n como RTPA y un exemplu de serviciu p\u00fablicu. El programa <em>Al Son<\/em> prop\u00f3n un <strong>tratamientu exhaustivu y fondu del fechu musical asturianu<\/strong>, con una <strong>periodicid\u00e1 selmanal<\/strong> -s\u00e1bados, 22:00 hores y en RPA a la carta-.<\/p>\n<p>Hai una producci\u00f3n importante de m\u00fasica asturiana y n\u2019asturianu o gallego-asturianu en tolos formatos, ta prevista la salida de munches novedades nesti a\u00f1u 2025, les actuaciones, conciertos y festivales volvieron con fuercia y xeneren tami\u00e9n abondantes noticies, colo que <strong>la repercusi\u00f3n de la m\u00fasica asturiana ye cada vez mayor<\/strong>.<\/p>\n<p>La m\u00fasica asturiana ye angua\u00f1o una realid\u00e1 con puxu, din\u00e1mica y con incidencia social, polo que merez un tratamientu espec\u00edficu nel mediu de comunicaci\u00f3n p\u00fablicu asturianu; <em>Al Son<\/em> va dir dando cuenta de too ello y quier ser el <strong>programa de referencia<\/strong>.<\/p>\n<div id=\"temporadas\">\n<div class=\"col-xs-12 padding-t-10\">\n<header class=\"display-t width-0100 padding-t-8 padding-b-8 border-b-1 border-solid border-color-b-010\">\n<div class=\"display-tc vertical-align-m\">\n<ul>\n<li><a class=\"white-space-nw switch-temporada\" href=\"https:\/\/www.rtpa.es\/audio:Al-Son.-Lliteratura-Cantada_1656365434.html#\" data-temporada=\"2022\"><span class=\"display-b font-weight-b font-size-m\">Al Son 2022<\/span><\/a><\/li>\n<\/ul>\n<p><span id=\"numero_en_archivo numero_en_archivo_2022\" class=\"display-b font-size-s color-b-060\">21 programas<\/span><\/div>\n<div class=\"display-tc vertical-align-m text-align-r\"><a class=\"css-btn-mostrar-temporada white-space-nw bg-c-primary c-white display-ib padding-t-10 padding-b-8 padding-l-16 padding-r-16 border-radius-4 text-align-c font-size-xs switch-temporada\" href=\"https:\/\/www.rtpa.es\/audio:Al-Son.-Lliteratura-Cantada_1656365434.html#\" data-temporada=\"2022\"><span class=\"texto-boton\">Ocultar<\/span><\/a><\/div>\n<\/header>\n<div class=\"table-responsive content-temporada font-size-m border-l-2 border-color-b-0100 border-solid\" data-temporada=\"2022\">\n<table id=\"ac_archive ac_archive_2022\" class=\"width-0100\">\n<thead>\n<tr class=\"border-b-1 border-solid  border-color-b-020 font-size-ms \">\n<th class=\"padding-t-5 padding-b-5 padding-l-10 font-weight-b color-b-060\">Programa<\/th>\n<th class=\"padding-t-5 padding-b-5 padding-l-10 font-weight-b color-b-060\">Duraci\u00f3n<\/th>\n<th class=\"padding-t-5 padding-b-5 padding-l-10 font-weight-b color-b-060\">Emisi\u00f3n<\/th>\n<th class=\"padding-t-5 padding-b-5 padding-l-10 font-weight-b color-b-060\">Repr.<\/th>\n<th class=\"padding-t-5 padding-b-5 padding-l-10 font-weight-b color-b-060 \">Valoraci\u00f3n<\/th>\n<\/tr>\n<\/thead>\n<tbody>\n<tr class=\"border-b-1 border-solid  border-color-b-010 \">\n<td class=\"padding-t-8 padding-b-8 padding-r-5 padding-l-10 \"><a class=\"fuente-corporativa font-size-m font-weight-b\" href=\"https:\/\/www.rtpa.es\/audio:Al-Son.-Ultimos-Llanzamientos-1_1653946104.html\"> \u00daltimos Llanzamientos 1<\/a><\/td>\n<td class=\"padding-t-8 padding-b-8 font-size-ms padding-l-10 \">60 mins.<\/td>\n<td class=\"padding-t-8 padding-b-8 font-size-ms padding-l-10 \">30 may. 2022<\/td>\n<td class=\"padding-t-8 padding-b-8 font-size-ms padding-l-10 \">567<\/td>\n<td class=\"padding-t-8 padding-b-8 td-valoracion font-size-ms padding-l-10 \"><span class=\"color-b-060\"> (0 votos)<\/span><\/td>\n<\/tr>\n<tr class=\"border-b-1 border-solid  border-color-b-010 \">\n<td class=\"padding-t-8 padding-b-8 padding-r-5 padding-l-10 \"><a class=\"fuente-corporativa font-size-m font-weight-b\" href=\"https:\/\/www.rtpa.es\/audio:Al-Son.-Versiones-Llariegues_1653340647.html\"> Versiones Llariegues<\/a><\/td>\n<td class=\"padding-t-8 padding-b-8 font-size-ms padding-l-10 \">60 mins.<\/td>\n<td class=\"padding-t-8 padding-b-8 font-size-ms padding-l-10 \">23 may. 2022<\/td>\n<td class=\"padding-t-8 padding-b-8 font-size-ms padding-l-10 \">402<\/td>\n<td class=\"padding-t-8 padding-b-8 td-valoracion font-size-ms padding-l-10 \"><span class=\"color-b-060\"> (0 votos)<\/span><\/td>\n<\/tr>\n<tr class=\"border-b-1 border-solid  border-color-b-010 \">\n<td class=\"padding-t-8 padding-b-8 padding-r-5 padding-l-10 \"><a class=\"fuente-corporativa font-size-m font-weight-b\" href=\"https:\/\/www.rtpa.es\/audio:Al-Son.-Ritmos-foranos-n'asturianu_1652768013.html\"> Ritmos foranos n&#8217;asturianu<\/a><\/td>\n<td class=\"padding-t-8 padding-b-8 font-size-ms padding-l-10 \">60 mins.<\/td>\n<td class=\"padding-t-8 padding-b-8 font-size-ms padding-l-10 \">17 may. 2022<\/td>\n<td class=\"padding-t-8 padding-b-8 font-size-ms padding-l-10 \">381<\/td>\n<td class=\"padding-t-8 padding-b-8 td-valoracion font-size-ms padding-l-10 \"><span class=\"display-i-b margin-l-2\">5.00<\/span> (2 votos)<\/td>\n<\/tr>\n<tr class=\"border-b-1 border-solid  border-color-b-010 \">\n<td class=\"padding-t-8 padding-b-8 padding-r-5 padding-l-10 \"><a class=\"fuente-corporativa font-size-m font-weight-b\" href=\"https:\/\/www.rtpa.es\/audio:Al-Son.-Rareces-de-la-musica-asturiana-_1652130530.html\"> Rareces de la m\u00fasica asturiana <\/a><\/td>\n<td class=\"padding-t-8 padding-b-8 font-size-ms padding-l-10 \">60 mins.<\/td>\n<td class=\"padding-t-8 padding-b-8 font-size-ms padding-l-10 \">09 may. 2022<\/td>\n<td class=\"padding-t-8 padding-b-8 font-size-ms padding-l-10 \">341<\/td>\n<td class=\"padding-t-8 padding-b-8 td-valoracion font-size-ms padding-l-10 \"><span class=\"display-i-b margin-l-2\">5.00<\/span> (2 votos)<\/td>\n<\/tr>\n<tr class=\"border-b-1 border-solid  border-color-b-010 \">\n<td class=\"padding-t-8 padding-b-8 padding-r-5 padding-l-10 \"><a class=\"fuente-corporativa font-size-m font-weight-b\" href=\"https:\/\/www.rtpa.es\/audio:Al-Son.-Mitoloxia-Musical-Asturiana_1650948554.html\"> Mitolox\u00eda Musical Asturiana<\/a><\/td>\n<td class=\"padding-t-8 padding-b-8 font-size-ms padding-l-10 \">60 mins.<\/td>\n<td class=\"padding-t-8 padding-b-8 font-size-ms padding-l-10 \">25 abr. 2022<\/td>\n<td class=\"padding-t-8 padding-b-8 font-size-ms padding-l-10 \">533<\/td>\n<td class=\"padding-t-8 padding-b-8 td-valoracion font-size-ms padding-l-10 \"><span class=\"display-i-b margin-l-2\">5.00<\/span> (2 votos)<\/td>\n<\/tr>\n<tr class=\"border-b-1 border-solid  border-color-b-010 \">\n<td class=\"padding-t-8 padding-b-8 padding-r-5 padding-l-10 \"><a class=\"fuente-corporativa font-size-m font-weight-b\" href=\"https:\/\/www.rtpa.es\/audio:Al-Son.-Actualida-II-_1650317006.html\"> Actualid\u00e1 II <\/a><\/td>\n<td class=\"padding-t-8 padding-b-8 font-size-ms padding-l-10 \">60 mins.<\/td>\n<td class=\"padding-t-8 padding-b-8 font-size-ms padding-l-10 \">18 abr. 2022<\/td>\n<td class=\"padding-t-8 padding-b-8 font-size-ms padding-l-10 \">831<\/td>\n<td class=\"padding-t-8 padding-b-8 td-valoracion font-size-ms padding-l-10 \"><span class=\"display-i-b margin-l-2\">5.00<\/span> (1 voto)<\/td>\n<\/tr>\n<tr class=\"border-b-1 border-solid  border-color-b-010 \">\n<td class=\"padding-t-8 padding-b-8 padding-r-5 padding-l-10 \"><a class=\"fuente-corporativa font-size-m font-weight-b\" href=\"https:\/\/www.rtpa.es\/audio:Al-Son.-Actualida-I-_1649702793.html\"> Actualid\u00e1 I <\/a><\/td>\n<td class=\"padding-t-8 padding-b-8 font-size-ms padding-l-10 \">60 mins.<\/td>\n<td class=\"padding-t-8 padding-b-8 font-size-ms padding-l-10 \">11 abr. 2022<\/td>\n<td class=\"padding-t-8 padding-b-8 font-size-ms padding-l-10 \">343<\/td>\n<td class=\"padding-t-8 padding-b-8 td-valoracion font-size-ms padding-l-10 \"><span class=\"display-i-b margin-l-2\">5.00<\/span> (1 voto)<\/td>\n<\/tr>\n<tr class=\"border-b-1 border-solid  border-color-b-010 \">\n<td class=\"padding-t-8 padding-b-8 padding-r-5 padding-l-10 \"><a class=\"fuente-corporativa font-size-m font-weight-b\" href=\"https:\/\/www.rtpa.es\/audio:Al-Son.-La-musica-del-camin_1649108728.html\"> La m\u00fasica del cam\u00edn<\/a><\/td>\n<td class=\"padding-t-8 padding-b-8 font-size-ms padding-l-10 \">60 mins.<\/td>\n<td class=\"padding-t-8 padding-b-8 font-size-ms padding-l-10 \">04 abr. 2022<\/td>\n<td class=\"padding-t-8 padding-b-8 font-size-ms padding-l-10 \">362<\/td>\n<td class=\"padding-t-8 padding-b-8 td-valoracion font-size-ms padding-l-10 \"><span class=\"display-i-b margin-l-2\">5.00<\/span> (1 voto)<\/td>\n<\/tr>\n<tr class=\"border-b-1 border-solid  border-color-b-010 \">\n<td class=\"padding-t-8 padding-b-8 padding-r-5 padding-l-10 \"><a class=\"fuente-corporativa font-size-m font-weight-b\" href=\"https:\/\/www.rtpa.es\/audio:Al-Son.-Movimientu-Coral-Asturianu_1648504503.html\"> Movimientu Coral Asturianu<\/a><\/td>\n<td class=\"padding-t-8 padding-b-8 font-size-ms padding-l-10 \">60 mins.<\/td>\n<td class=\"padding-t-8 padding-b-8 font-size-ms padding-l-10 \">28 mar. 2022<\/td>\n<td class=\"padding-t-8 padding-b-8 font-size-ms padding-l-10 \">461<\/td>\n<td class=\"padding-t-8 padding-b-8 td-valoracion font-size-ms padding-l-10 \"><span class=\"color-b-060\"> (0 votos)<\/span><\/td>\n<\/tr>\n<tr class=\"border-b-1 border-solid  border-color-b-010 \">\n<td class=\"padding-t-8 padding-b-8 padding-r-5 padding-l-10 \"><a class=\"fuente-corporativa font-size-m font-weight-b\" href=\"https:\/\/www.rtpa.es\/audio:Al-Son.-Torner-II_1647899413.html\"> Torner II<\/a><\/td>\n<td class=\"padding-t-8 padding-b-8 font-size-ms padding-l-10 \">60 mins.<\/td>\n<td class=\"padding-t-8 padding-b-8 font-size-ms padding-l-10 \">21 mar. 2022<\/td>\n<td class=\"padding-t-8 padding-b-8 font-size-ms padding-l-10 \">485<\/td>\n<td class=\"padding-t-8 padding-b-8 td-valoracion font-size-ms padding-l-10 \"><span class=\"display-i-b margin-l-2\">5.00<\/span> (1 voto)<\/td>\n<\/tr>\n<tr class=\"border-b-1 border-solid  border-color-b-010 \">\n<td class=\"padding-t-8 padding-b-8 padding-r-5 padding-l-10 \"><a class=\"fuente-corporativa font-size-m font-weight-b\" href=\"https:\/\/www.rtpa.es\/audio:Al-Son.-Torner-I_1647292488.html\"> Torner I<\/a><\/td>\n<td class=\"padding-t-8 padding-b-8 font-size-ms padding-l-10 \">60 mins.<\/td>\n<td class=\"padding-t-8 padding-b-8 font-size-ms padding-l-10 \">14 mar. 2022<\/td>\n<td class=\"padding-t-8 padding-b-8 font-size-ms padding-l-10 \">290<\/td>\n<td class=\"padding-t-8 padding-b-8 td-valoracion font-size-ms padding-l-10 \"><span class=\"display-i-b margin-l-2\">5.00<\/span> (2 votos)<\/td>\n<\/tr>\n<tr class=\"border-b-1 border-solid  border-color-b-010 \">\n<td class=\"padding-t-8 padding-b-8 padding-r-5 padding-l-10 \"><a class=\"fuente-corporativa font-size-m font-weight-b\" href=\"https:\/\/www.rtpa.es\/audio:Al-Son.-La-muyer-na-musica-asturiana_1646692684.html\"> La muyer na m\u00fasica asturiana<\/a><\/td>\n<td class=\"padding-t-8 padding-b-8 font-size-ms padding-l-10 \">60 mins.<\/td>\n<td class=\"padding-t-8 padding-b-8 font-size-ms padding-l-10 \">07 mar. 2022<\/td>\n<td class=\"padding-t-8 padding-b-8 font-size-ms padding-l-10 \">788<\/td>\n<td class=\"padding-t-8 padding-b-8 td-valoracion font-size-ms padding-l-10 \"><span class=\"display-i-b margin-l-2\">5.00<\/span> (1 voto)<\/td>\n<\/tr>\n<tr class=\"border-b-1 border-solid  border-color-b-010 \">\n<td class=\"padding-t-8 padding-b-8 padding-r-5 padding-l-10 \"><a class=\"fuente-corporativa font-size-m font-weight-b\" href=\"https:\/\/www.rtpa.es\/audio:Al-Son.-A-la-mar-fui-por-cantares_1646112954.html\"> A la mar fui por cantares<\/a><\/td>\n<td class=\"padding-t-8 padding-b-8 font-size-ms padding-l-10 \">60 mins.<\/td>\n<td class=\"padding-t-8 padding-b-8 font-size-ms padding-l-10 \">28 feb. 2022<\/td>\n<td class=\"padding-t-8 padding-b-8 font-size-ms padding-l-10 \">352<\/td>\n<td class=\"padding-t-8 padding-b-8 td-valoracion font-size-ms padding-l-10 \"><span class=\"display-i-b margin-l-2\">5.00<\/span> (3 votos)<\/td>\n<\/tr>\n<tr class=\"border-b-1 border-solid  border-color-b-010 \">\n<td class=\"padding-t-8 padding-b-8 padding-r-5 padding-l-10 \"><a class=\"fuente-corporativa font-size-m font-weight-b\" href=\"https:\/\/www.rtpa.es\/audio:Al-Son.-Voces-amigues-de-la-musica-asturiana_1645481421.html\"> Voces amigues de la m\u00fasica asturiana<\/a><\/td>\n<td class=\"padding-t-8 padding-b-8 font-size-ms padding-l-10 \">60 mins.<\/td>\n<td class=\"padding-t-8 padding-b-8 font-size-ms padding-l-10 \">21 feb. 2022<\/td>\n<td class=\"padding-t-8 padding-b-8 font-size-ms padding-l-10 \">577<\/td>\n<td class=\"padding-t-8 padding-b-8 td-valoracion font-size-ms padding-l-10 \"><span class=\"display-i-b margin-l-2\">5.00<\/span> (1 voto)<\/td>\n<\/tr>\n<tr class=\"border-b-1 border-solid  border-color-b-010 \">\n<td class=\"padding-t-8 padding-b-8 padding-r-5 padding-l-10 \"><a class=\"fuente-corporativa font-size-m font-weight-b\" href=\"https:\/\/www.rtpa.es\/audio:Al-Son.-Novedaes-2022_1644877212.html\"> Novedaes 2022<\/a><\/td>\n<td class=\"padding-t-8 padding-b-8 font-size-ms padding-l-10 \">60 mins.<\/td>\n<td class=\"padding-t-8 padding-b-8 font-size-ms padding-l-10 \">14 feb. 2022<\/td>\n<td class=\"padding-t-8 padding-b-8 font-size-ms padding-l-10 \">636<\/td>\n<td class=\"padding-t-8 padding-b-8 td-valoracion font-size-ms padding-l-10 \"><span class=\"color-b-060\"> (0 votos)<\/span><\/td>\n<\/tr>\n<tr class=\"border-b-1 border-solid  border-color-b-010 \">\n<td class=\"padding-t-8 padding-b-8 padding-r-5 padding-l-10 \"><a class=\"fuente-corporativa font-size-m font-weight-b\" href=\"https:\/\/www.rtpa.es\/audio:Al-Son.-Anuariu-2021-_1644272755.html\"> Anuariu 2021 <\/a><\/td>\n<td class=\"padding-t-8 padding-b-8 font-size-ms padding-l-10 \">60 mins.<\/td>\n<td class=\"padding-t-8 padding-b-8 font-size-ms padding-l-10 \">07 feb. 2022<\/td>\n<td class=\"padding-t-8 padding-b-8 font-size-ms padding-l-10 \">648<\/td>\n<td class=\"padding-t-8 padding-b-8 td-valoracion font-size-ms padding-l-10 \"><span class=\"display-i-b margin-l-2\">5.00<\/span> (2 votos)<\/td>\n<\/tr>\n<tr class=\"border-b-1 border-solid  border-color-b-010 \">\n<td class=\"padding-t-8 padding-b-8 padding-r-5 padding-l-10 \"><a class=\"fuente-corporativa font-size-m font-weight-b\" href=\"https:\/\/www.rtpa.es\/audio:Al-Son.-HAI-UNA-LLINIA-TRAZADA-2_1643667991.html\"> HAI UNA LLINIA TRAZADA 2<\/a><\/td>\n<td class=\"padding-t-8 padding-b-8 font-size-ms padding-l-10 \">60 mins.<\/td>\n<td class=\"padding-t-8 padding-b-8 font-size-ms padding-l-10 \">31 ene. 2022<\/td>\n<td class=\"padding-t-8 padding-b-8 font-size-ms padding-l-10 \">338<\/td>\n<td class=\"padding-t-8 padding-b-8 td-valoracion font-size-ms padding-l-10 \"><span class=\"color-b-060\"> (0 votos)<\/span><\/td>\n<\/tr>\n<tr class=\"border-b-1 border-solid  border-color-b-010 \">\n<td class=\"padding-t-8 padding-b-8 padding-r-5 padding-l-10 \"><a class=\"fuente-corporativa font-size-m font-weight-b\" href=\"https:\/\/www.rtpa.es\/audio:Al-Son.-HAI-UNA-LLINIA-TRAZADA-1-_1643060403.html\"> HAI UNA LLINIA TRAZADA 1 <\/a><\/td>\n<td class=\"padding-t-8 padding-b-8 font-size-ms padding-l-10 \">60 mins.<\/td>\n<td class=\"padding-t-8 padding-b-8 font-size-ms padding-l-10 \">24 ene. 2022<\/td>\n<td class=\"padding-t-8 padding-b-8 font-size-ms padding-l-10 \">467<\/td>\n<td class=\"padding-t-8 padding-b-8 td-valoracion font-size-ms padding-l-10 \"><span class=\"display-i-b margin-l-2\">5.00<\/span> (2 votos)<\/td>\n<\/tr>\n<tr class=\"border-b-1 border-solid  border-color-b-010 \">\n<td class=\"padding-t-8 padding-b-8 padding-r-5 padding-l-10 \"><a class=\"fuente-corporativa font-size-m font-weight-b\" href=\"https:\/\/www.rtpa.es\/audio:Al-Son.-LA-OTRA-MUSICA-D'ASTURIES_1642494501.html\"> LA OTRA M\u00daSICA D&#8217;ASTURIES<\/a><\/td>\n<td class=\"padding-t-8 padding-b-8 font-size-ms padding-l-10 \">60 mins.<\/td>\n<td class=\"padding-t-8 padding-b-8 font-size-ms padding-l-10 \">17 ene. 2022<\/td>\n<td class=\"padding-t-8 padding-b-8 font-size-ms padding-l-10 \">350<\/td>\n<td class=\"padding-t-8 padding-b-8 td-valoracion font-size-ms padding-l-10 \"><span class=\"display-i-b margin-l-2\">5.00<\/span> (1 voto)<\/td>\n<\/tr>\n<tr class=\"border-b-1 border-solid  border-color-b-010 \">\n<td class=\"padding-t-8 padding-b-8 padding-r-5 padding-l-10 \"><a class=\"fuente-corporativa font-size-m font-weight-b\" href=\"https:\/\/www.rtpa.es\/audio:Al-Son.-AL-OTRU-LLAU-DEL-CORDAL_1641855565.html\"> AL OTRU LLAU DEL CORDAL<\/a><\/td>\n<td class=\"padding-t-8 padding-b-8 font-size-ms padding-l-10 \">60 mins.<\/td>\n<td class=\"padding-t-8 padding-b-8 font-size-ms padding-l-10 \">10 ene. 2022<\/td>\n<td class=\"padding-t-8 padding-b-8 font-size-ms padding-l-10 \">424<\/td>\n<td class=\"padding-t-8 padding-b-8 td-valoracion font-size-ms padding-l-10 \"><span class=\"display-i-b margin-l-2\">5.00<\/span> (2 votos)<\/td>\n<\/tr>\n<tr class=\"border-b-1 border-solid  border-color-b-010 \">\n<td class=\"padding-t-8 padding-b-8 padding-r-5 padding-l-10 \"><a class=\"fuente-corporativa font-size-m font-weight-b\" href=\"https:\/\/www.rtpa.es\/audio:Al-Son.-LA-REVOLUCION-DE-LA-PANDERETA_1641274771.html\"> LA REVOLUCI\u00d3N DE LA PANDERETA<\/a><\/td>\n<td class=\"padding-t-8 padding-b-8 font-size-ms padding-l-10 \">60 mins.<\/td>\n<td class=\"padding-t-8 padding-b-8 font-size-ms padding-l-10 \">03 ene. 2022<\/td>\n<td class=\"padding-t-8 padding-b-8 font-size-ms padding-l-10 \">423<\/td>\n<td class=\"padding-t-8 padding-b-8 td-valoracion font-size-ms padding-l-10 \"><span class=\"display-i-b margin-l-2\">5.00<\/span> (1 voto)<\/td>\n<\/tr>\n<\/tbody>\n<\/table>\n<\/div>\n<\/div>\n<div class=\"col-xs-12 padding-t-10\">\n<header class=\"display-t width-0100 padding-t-8 padding-b-8 border-b-1 border-solid border-color-b-010\">\n<div class=\"display-tc vertical-align-m\"><\/div>\n<div>\n<div id=\"temporadas\">\n<div class=\"col-xs-12 padding-t-10\">\n<header class=\"display-t width-0100 padding-t-8 padding-b-8 border-b-1 border-solid border-color-b-010\">\n<div class=\"display-tc vertical-align-m\">\n<ul>\n<li><a class=\"white-space-nw switch-temporada\" href=\"https:\/\/www.rtpa.es\/audio:Al-Son.-Lliteratura-Cantada_1656365434.html#\" data-temporada=\"2021\"><span class=\"display-b font-weight-b font-size-m\">Al Son 2021<\/span><\/a><\/li>\n<\/ul>\n<p><span id=\"numero_en_archivo numero_en_archivo_2021\" class=\"display-b font-size-s color-b-060\">45 programas<\/span><\/div>\n<div class=\"display-tc vertical-align-m text-align-r\"><a class=\"css-btn-mostrar-temporada white-space-nw bg-c-primary c-white display-ib padding-t-10 padding-b-8 padding-l-16 padding-r-16 border-radius-4 text-align-c font-size-xs switch-temporada\" href=\"https:\/\/www.rtpa.es\/audio:Al-Son.-Lliteratura-Cantada_1656365434.html#\" data-temporada=\"2021\"><span class=\"texto-boton\">Ocultar<\/span><\/a><\/div>\n<\/header>\n<div class=\"table-responsive content-temporada font-size-m border-l-2 border-color-b-0100 border-solid\" data-temporada=\"2021\">\n<table id=\"ac_archive ac_archive_2021\" class=\"width-0100\">\n<thead>\n<tr class=\"border-b-1 border-solid  border-color-b-020 font-size-ms \">\n<th class=\"padding-t-5 padding-b-5 padding-l-10 font-weight-b color-b-060\">Programa<\/th>\n<th class=\"padding-t-5 padding-b-5 padding-l-10 font-weight-b color-b-060\">Duraci\u00f3n<\/th>\n<th class=\"padding-t-5 padding-b-5 padding-l-10 font-weight-b color-b-060\">Emisi\u00f3n<\/th>\n<th class=\"padding-t-5 padding-b-5 padding-l-10 font-weight-b color-b-060\">Repr.<\/th>\n<th class=\"padding-t-5 padding-b-5 padding-l-10 font-weight-b color-b-060 \">Valoraci\u00f3n<\/th>\n<\/tr>\n<\/thead>\n<tbody>\n<tr class=\"border-b-1 border-solid  border-color-b-010 \">\n<td class=\"padding-t-8 padding-b-8 padding-r-5 padding-l-10 \"><a class=\"fuente-corporativa font-size-m font-weight-b\" href=\"https:\/\/www.rtpa.es\/audio:Al-Son.-VAQUEIRAES_1640641937.html\"> VAQUEIRAES<\/a><\/td>\n<td class=\"padding-t-8 padding-b-8 font-size-ms padding-l-10 \">60 mins.<\/td>\n<td class=\"padding-t-8 padding-b-8 font-size-ms padding-l-10 \">27 dic. 2021<\/td>\n<td class=\"padding-t-8 padding-b-8 font-size-ms padding-l-10 \">359<\/td>\n<td class=\"padding-t-8 padding-b-8 td-valoracion font-size-ms padding-l-10 \"><span class=\"display-i-b margin-l-2\">5.00<\/span> (2 votos)<\/td>\n<\/tr>\n<tr class=\"border-b-1 border-solid  border-color-b-010 \">\n<td class=\"padding-t-8 padding-b-8 padding-r-5 padding-l-10 \"><a class=\"fuente-corporativa font-size-m font-weight-b\" href=\"https:\/\/www.rtpa.es\/audio:Al-Son.-BANDES-DE-GAITES:-DE-LA-CAI-AL-ESTUDIU_1640073990.html\"> BANDES DE GAITES: DE LA CAI AL ESTUDIU<\/a><\/td>\n<td class=\"padding-t-8 padding-b-8 font-size-ms padding-l-10 \">60 mins.<\/td>\n<td class=\"padding-t-8 padding-b-8 font-size-ms padding-l-10 \">20 dic. 2021<\/td>\n<td class=\"padding-t-8 padding-b-8 font-size-ms padding-l-10 \">265<\/td>\n<td class=\"padding-t-8 padding-b-8 td-valoracion font-size-ms padding-l-10 \"><span class=\"display-i-b margin-l-2\">5.00<\/span> (1 voto)<\/td>\n<\/tr>\n<tr class=\"border-b-1 border-solid  border-color-b-010 \">\n<td class=\"padding-t-8 padding-b-8 padding-r-5 padding-l-10 \"><a class=\"fuente-corporativa font-size-m font-weight-b\" href=\"https:\/\/www.rtpa.es\/audio:Al-Son.-TOP-10-N'AST_1639434570.html\"> TOP 10 N&#8217;AST<\/a><\/td>\n<td class=\"padding-t-8 padding-b-8 font-size-ms padding-l-10 \">60 mins.<\/td>\n<td class=\"padding-t-8 padding-b-8 font-size-ms padding-l-10 \">13 dic. 2021<\/td>\n<td class=\"padding-t-8 padding-b-8 font-size-ms padding-l-10 \">420<\/td>\n<td class=\"padding-t-8 padding-b-8 td-valoracion font-size-ms padding-l-10 \"><span class=\"display-i-b margin-l-2\">5.00<\/span> (1 voto)<\/td>\n<\/tr>\n<tr class=\"border-b-1 border-solid  border-color-b-010 \">\n<td class=\"padding-t-8 padding-b-8 padding-r-5 padding-l-10 \"><a class=\"fuente-corporativa font-size-m font-weight-b\" href=\"https:\/\/www.rtpa.es\/audio:Al-Son.-CANTARES-DE-SIDRA-Y-LLAGAR_1638257210.html\"> CANTARES DE SIDRA Y LLAGAR<\/a><\/td>\n<td class=\"padding-t-8 padding-b-8 font-size-ms padding-l-10 \">60 mins.<\/td>\n<td class=\"padding-t-8 padding-b-8 font-size-ms padding-l-10 \">29 nov. 2021<\/td>\n<td class=\"padding-t-8 padding-b-8 font-size-ms padding-l-10 \">484<\/td>\n<td class=\"padding-t-8 padding-b-8 td-valoracion font-size-ms padding-l-10 \"><span class=\"display-i-b margin-l-2\">5.00<\/span> (2 votos)<\/td>\n<\/tr>\n<tr class=\"border-b-1 border-solid  border-color-b-010 \">\n<td class=\"padding-t-8 padding-b-8 padding-r-5 padding-l-10 \"><a class=\"fuente-corporativa font-size-m font-weight-b\" href=\"https:\/\/www.rtpa.es\/audio:Al-Son.--MUSICA-DEL-NAVIA-EO-2_1637735569.html\"> M\u00daSICA DEL NAVIA-EO 2<\/a><\/td>\n<td class=\"padding-t-8 padding-b-8 font-size-ms padding-l-10 \">60 mins.<\/td>\n<td class=\"padding-t-8 padding-b-8 font-size-ms padding-l-10 \">22 nov. 2021<\/td>\n<td class=\"padding-t-8 padding-b-8 font-size-ms padding-l-10 \">395<\/td>\n<td class=\"padding-t-8 padding-b-8 td-valoracion font-size-ms padding-l-10 \"><span class=\"display-i-b margin-l-2\">5.00<\/span> (1 voto)<\/td>\n<\/tr>\n<tr class=\"border-b-1 border-solid  border-color-b-010 \">\n<td class=\"padding-t-8 padding-b-8 padding-r-5 padding-l-10 \"><a class=\"fuente-corporativa font-size-m font-weight-b\" href=\"https:\/\/www.rtpa.es\/audio:Al-Son.-MUSICA-DEL-NAVIA-EO-1_1637014882.html\"> M\u00daSICA DEL NAVIA-EO 1<\/a><\/td>\n<td class=\"padding-t-8 padding-b-8 font-size-ms padding-l-10 \">60 mins.<\/td>\n<td class=\"padding-t-8 padding-b-8 font-size-ms padding-l-10 \">15 nov. 2021<\/td>\n<td class=\"padding-t-8 padding-b-8 font-size-ms padding-l-10 \">401<\/td>\n<td class=\"padding-t-8 padding-b-8 td-valoracion font-size-ms padding-l-10 \"><span class=\"display-i-b margin-l-2\">5.00<\/span> (1 voto)<\/td>\n<\/tr>\n<tr class=\"border-b-1 border-solid  border-color-b-010 \">\n<td class=\"padding-t-8 padding-b-8 padding-r-5 padding-l-10 \"><a class=\"fuente-corporativa font-size-m font-weight-b\" href=\"https:\/\/www.rtpa.es\/audio:Al-Son.-AMOSANDO_1636437185.html\"> AMOSANDO<\/a><\/td>\n<td class=\"padding-t-8 padding-b-8 font-size-ms padding-l-10 \">60 mins.<\/td>\n<td class=\"padding-t-8 padding-b-8 font-size-ms padding-l-10 \">08 nov. 2021<\/td>\n<td class=\"padding-t-8 padding-b-8 font-size-ms padding-l-10 \">382<\/td>\n<td class=\"padding-t-8 padding-b-8 td-valoracion font-size-ms padding-l-10 \"><span class=\"display-i-b margin-l-2\">5.00<\/span> (1 voto)<\/td>\n<\/tr>\n<tr class=\"border-b-1 border-solid  border-color-b-010 \">\n<td class=\"padding-t-8 padding-b-8 padding-r-5 padding-l-10 \"><a class=\"fuente-corporativa font-size-m font-weight-b\" href=\"https:\/\/www.rtpa.es\/audio:Al-Son.-CANTARES-D'UNA-REVOLUCION_1635323990.html\"> CANTARES D&#8217;UNA REVOLUCI\u00d3N<\/a><\/td>\n<td class=\"padding-t-8 padding-b-8 font-size-ms padding-l-10 \">60 mins.<\/td>\n<td class=\"padding-t-8 padding-b-8 font-size-ms padding-l-10 \">25 oct. 2021<\/td>\n<td class=\"padding-t-8 padding-b-8 font-size-ms padding-l-10 \">565<\/td>\n<td class=\"padding-t-8 padding-b-8 td-valoracion font-size-ms padding-l-10 \"><span class=\"display-i-b margin-l-2\">5.00<\/span> (4 votos)<\/td>\n<\/tr>\n<tr class=\"border-b-1 border-solid  border-color-b-010 \">\n<td class=\"padding-t-8 padding-b-8 padding-r-5 padding-l-10 \"><a class=\"fuente-corporativa font-size-m font-weight-b\" href=\"https:\/\/www.rtpa.es\/audio:Al-Son.-FOLK-DE-CAMARA_1634591626.html\"> FOLK DE C\u00c1MARA<\/a><\/td>\n<td class=\"padding-t-8 padding-b-8 font-size-ms padding-l-10 \">60 mins.<\/td>\n<td class=\"padding-t-8 padding-b-8 font-size-ms padding-l-10 \">18 oct. 2021<\/td>\n<td class=\"padding-t-8 padding-b-8 font-size-ms padding-l-10 \">489<\/td>\n<td class=\"padding-t-8 padding-b-8 td-valoracion font-size-ms padding-l-10 \"><span class=\"display-i-b margin-l-2\">5.00<\/span> (2 votos)<\/td>\n<\/tr>\n<tr class=\"border-b-1 border-solid  border-color-b-010 \">\n<td class=\"padding-t-8 padding-b-8 padding-r-5 padding-l-10 \"><a class=\"fuente-corporativa font-size-m font-weight-b\" href=\"https:\/\/www.rtpa.es\/audio:Al-Son.-CANTARES-CONTRA-LES-VIOLENCIES-MACHISTES_1634023051.html\"> CANTARES CONTRA LES VIOLENCIES MACHISTES<\/a><\/td>\n<td class=\"padding-t-8 padding-b-8 font-size-ms padding-l-10 \">60 mins.<\/td>\n<td class=\"padding-t-8 padding-b-8 font-size-ms padding-l-10 \">11 oct. 2021<\/td>\n<td class=\"padding-t-8 padding-b-8 font-size-ms padding-l-10 \">417<\/td>\n<td class=\"padding-t-8 padding-b-8 td-valoracion font-size-ms padding-l-10 \"><span class=\"color-b-060\"> (0 votos)<\/span><\/td>\n<\/tr>\n<tr class=\"border-b-1 border-solid  border-color-b-010 \">\n<td class=\"padding-t-8 padding-b-8 padding-r-5 padding-l-10 \"><a class=\"fuente-corporativa font-size-m font-weight-b\" href=\"https:\/\/www.rtpa.es\/audio:Al-Son.-L'OTRU-ROCK-N'ASTURIANU-_1633379129.html\"> L&#8217;OTRU ROCK N&#8217;ASTURIANU <\/a><\/td>\n<td class=\"padding-t-8 padding-b-8 font-size-ms padding-l-10 \">60 mins.<\/td>\n<td class=\"padding-t-8 padding-b-8 font-size-ms padding-l-10 \">04 oct. 2021<\/td>\n<td class=\"padding-t-8 padding-b-8 font-size-ms padding-l-10 \">379<\/td>\n<td class=\"padding-t-8 padding-b-8 td-valoracion font-size-ms padding-l-10 \"><span class=\"display-i-b margin-l-2\">5.00<\/span> (1 voto)<\/td>\n<\/tr>\n<tr class=\"border-b-1 border-solid  border-color-b-010 \">\n<td class=\"padding-t-8 padding-b-8 padding-r-5 padding-l-10 \"><a class=\"fuente-corporativa font-size-m font-weight-b\" href=\"https:\/\/www.rtpa.es\/audio:Al-Son.-LES-BANDINES-ASTURIANES-2_1632804187.html\"> LES BANDINES ASTURIANES 2<\/a><\/td>\n<td class=\"padding-t-8 padding-b-8 font-size-ms padding-l-10 \">60 mins.<\/td>\n<td class=\"padding-t-8 padding-b-8 font-size-ms padding-l-10 \">27 sep. 2021<\/td>\n<td class=\"padding-t-8 padding-b-8 font-size-ms padding-l-10 \">315<\/td>\n<td class=\"padding-t-8 padding-b-8 td-valoracion font-size-ms padding-l-10 \"><span class=\"display-i-b margin-l-2\">3.50<\/span> (2 votos)<\/td>\n<\/tr>\n<tr class=\"border-b-1 border-solid  border-color-b-010 \">\n<td class=\"padding-t-8 padding-b-8 padding-r-5 padding-l-10 \"><a class=\"fuente-corporativa font-size-m font-weight-b\" href=\"https:\/\/www.rtpa.es\/audio:Al-Son.-LES-BANDINES-ASTURIANES-1_1632174849.html\"> LES BANDINES ASTURIANES 1<\/a><\/td>\n<td class=\"padding-t-8 padding-b-8 font-size-ms padding-l-10 \">60 mins.<\/td>\n<td class=\"padding-t-8 padding-b-8 font-size-ms padding-l-10 \">20 sep. 2021<\/td>\n<td class=\"padding-t-8 padding-b-8 font-size-ms padding-l-10 \">327<\/td>\n<td class=\"padding-t-8 padding-b-8 td-valoracion font-size-ms padding-l-10 \"><span class=\"color-b-060\"> (0 votos)<\/span><\/td>\n<\/tr>\n<tr class=\"border-b-1 border-solid  border-color-b-010 \">\n<td class=\"padding-t-8 padding-b-8 padding-r-5 padding-l-10 \"><a class=\"fuente-corporativa font-size-m font-weight-b\" href=\"https:\/\/www.rtpa.es\/audio:Al-Son.-RARECES-DE-LA-MUSICA-ASTURIANA_1631594648.html\"> RARECES DE LA M\u00daSICA ASTURIANA<\/a><\/td>\n<td class=\"padding-t-8 padding-b-8 font-size-ms padding-l-10 \">60 mins.<\/td>\n<td class=\"padding-t-8 padding-b-8 font-size-ms padding-l-10 \">13 sep. 2021<\/td>\n<td class=\"padding-t-8 padding-b-8 font-size-ms padding-l-10 \">384<\/td>\n<td class=\"padding-t-8 padding-b-8 td-valoracion font-size-ms padding-l-10 \"><span class=\"color-b-060\"> (0 votos)<\/span><\/td>\n<\/tr>\n<tr class=\"border-b-1 border-solid  border-color-b-010 \">\n<td class=\"padding-t-8 padding-b-8 padding-r-5 padding-l-10 \"><a class=\"fuente-corporativa font-size-m font-weight-b\" href=\"https:\/\/www.rtpa.es\/audio:Al-Son.-LA-EMIGRACION-NA-MUSICA-ASTURIANA-2_1630991519.html\"> LA EMIGRACI\u00d3N NA M\u00daSICA ASTURIANA 2<\/a><\/td>\n<td class=\"padding-t-8 padding-b-8 font-size-ms padding-l-10 \">60 mins.<\/td>\n<td class=\"padding-t-8 padding-b-8 font-size-ms padding-l-10 \">06 sep. 2021<\/td>\n<td class=\"padding-t-8 padding-b-8 font-size-ms padding-l-10 \">490<\/td>\n<td class=\"padding-t-8 padding-b-8 td-valoracion font-size-ms padding-l-10 \"><span class=\"display-i-b margin-l-2\">5.00<\/span> (1 voto)<\/td>\n<\/tr>\n<tr class=\"border-b-1 border-solid  border-color-b-010 \">\n<td class=\"padding-t-8 padding-b-8 padding-r-5 padding-l-10 \"><a class=\"fuente-corporativa font-size-m font-weight-b\" href=\"https:\/\/www.rtpa.es\/audio:Al-Son.-LA-EMIGRACION-NA-MUSICA-ASTURIANA-I_1630385348.html\"> LA EMIGRACI\u00d3N NA M\u00daSICA ASTURIANA I<\/a><\/td>\n<td class=\"padding-t-8 padding-b-8 font-size-ms padding-l-10 \">60 mins.<\/td>\n<td class=\"padding-t-8 padding-b-8 font-size-ms padding-l-10 \">30 ago. 2021<\/td>\n<td class=\"padding-t-8 padding-b-8 font-size-ms padding-l-10 \">384<\/td>\n<td class=\"padding-t-8 padding-b-8 td-valoracion font-size-ms padding-l-10 \"><span class=\"display-i-b margin-l-2\">5.00<\/span> (2 votos)<\/td>\n<\/tr>\n<tr class=\"border-b-1 border-solid  border-color-b-010 \">\n<td class=\"padding-t-8 padding-b-8 padding-r-5 padding-l-10 \"><a class=\"fuente-corporativa font-size-m font-weight-b\" href=\"https:\/\/www.rtpa.es\/audio:Al-Son.-MUSICA-PA-LA-RECIELLA_1629782459.html\"> M\u00daSICA PA LA RECIELLA<\/a><\/td>\n<td class=\"padding-t-8 padding-b-8 font-size-ms padding-l-10 \">60 mins.<\/td>\n<td class=\"padding-t-8 padding-b-8 font-size-ms padding-l-10 \">23 ago. 2021<\/td>\n<td class=\"padding-t-8 padding-b-8 font-size-ms padding-l-10 \">276<\/td>\n<td class=\"padding-t-8 padding-b-8 td-valoracion font-size-ms padding-l-10 \"><span class=\"display-i-b margin-l-2\">5.00<\/span> (3 votos)<\/td>\n<\/tr>\n<tr class=\"border-b-1 border-solid  border-color-b-010 \">\n<td class=\"padding-t-8 padding-b-8 padding-r-5 padding-l-10 \"><a class=\"fuente-corporativa font-size-m font-weight-b\" href=\"https:\/\/www.rtpa.es\/audio:Al-Son.-INDIE-N'ASTURIANU_1628573432.html\"> INDIE N&#8217;ASTURIANU<\/a><\/td>\n<td class=\"padding-t-8 padding-b-8 font-size-ms padding-l-10 \">60 mins.<\/td>\n<td class=\"padding-t-8 padding-b-8 font-size-ms padding-l-10 \">09 ago. 2021<\/td>\n<td class=\"padding-t-8 padding-b-8 font-size-ms padding-l-10 \">376<\/td>\n<td class=\"padding-t-8 padding-b-8 td-valoracion font-size-ms padding-l-10 \"><span class=\"display-i-b margin-l-2\">5.00<\/span> (4 votos)<\/td>\n<\/tr>\n<tr class=\"border-b-1 border-solid  border-color-b-010 \">\n<td class=\"padding-t-8 padding-b-8 padding-r-5 padding-l-10 \"><a class=\"fuente-corporativa font-size-m font-weight-b\" href=\"https:\/\/www.rtpa.es\/audio:Al-Son.-EL-CELTISMU-MUSICAL-ASTURIANU-II_1627965745.html\"> EL CELTISMU MUSICAL ASTURIANU II<\/a><\/td>\n<td class=\"padding-t-8 padding-b-8 font-size-ms padding-l-10 \">60 mins.<\/td>\n<td class=\"padding-t-8 padding-b-8 font-size-ms padding-l-10 \">02 ago. 2021<\/td>\n<td class=\"padding-t-8 padding-b-8 font-size-ms padding-l-10 \">341<\/td>\n<td class=\"padding-t-8 padding-b-8 td-valoracion font-size-ms padding-l-10 \"><span class=\"display-i-b margin-l-2\">5.00<\/span> (2 votos)<\/td>\n<\/tr>\n<tr class=\"border-b-1 border-solid  border-color-b-010 \">\n<td class=\"padding-t-8 padding-b-8 padding-r-5 padding-l-10 \"><a class=\"fuente-corporativa font-size-m font-weight-b\" href=\"https:\/\/www.rtpa.es\/audio:Al-Son.-EL-CELTISMU-MUSICAL-ASTURIANU-I_1627335351.html\"> EL CELTISMU MUSICAL ASTURIANU I<\/a><\/td>\n<td class=\"padding-t-8 padding-b-8 font-size-ms padding-l-10 \">60 mins.<\/td>\n<td class=\"padding-t-8 padding-b-8 font-size-ms padding-l-10 \">26 jul. 2021<\/td>\n<td class=\"padding-t-8 padding-b-8 font-size-ms padding-l-10 \">531<\/td>\n<td class=\"padding-t-8 padding-b-8 td-valoracion font-size-ms padding-l-10 \"><span class=\"display-i-b margin-l-2\">5.00<\/span> (3 votos)<\/td>\n<\/tr>\n<tr class=\"border-b-1 border-solid  border-color-b-010 \">\n<td class=\"padding-t-8 padding-b-8 padding-r-5 padding-l-10 \"><a class=\"fuente-corporativa font-size-m font-weight-b\" href=\"https:\/\/www.rtpa.es\/audio:Al-Son.-MUSICA-CLASICA-ASTURIANA_1626757068.html\"> M\u00daSICA CL\u00c1SICA ASTURIANA<\/a><\/td>\n<td class=\"padding-t-8 padding-b-8 font-size-ms padding-l-10 \">60 mins.<\/td>\n<td class=\"padding-t-8 padding-b-8 font-size-ms padding-l-10 \">19 jul. 2021<\/td>\n<td class=\"padding-t-8 padding-b-8 font-size-ms padding-l-10 \">338<\/td>\n<td class=\"padding-t-8 padding-b-8 td-valoracion font-size-ms padding-l-10 \"><span class=\"color-b-060\"> (0 votos)<\/span><\/td>\n<\/tr>\n<tr class=\"border-b-1 border-solid  border-color-b-010 \">\n<td class=\"padding-t-8 padding-b-8 padding-r-5 padding-l-10 \"><a class=\"fuente-corporativa font-size-m font-weight-b\" href=\"https:\/\/www.rtpa.es\/audio:Al-Son.-ROCK-N'AST-II_1626153188.html\"> ROCK N&#8217;AST II<\/a><\/td>\n<td class=\"padding-t-8 padding-b-8 font-size-ms padding-l-10 \">60 mins.<\/td>\n<td class=\"padding-t-8 padding-b-8 font-size-ms padding-l-10 \">12 jul. 2021<\/td>\n<td class=\"padding-t-8 padding-b-8 font-size-ms padding-l-10 \">380<\/td>\n<td class=\"padding-t-8 padding-b-8 td-valoracion font-size-ms padding-l-10 \"><span class=\"color-b-060\"> (0 votos)<\/span><\/td>\n<\/tr>\n<tr class=\"border-b-1 border-solid  border-color-b-010 \">\n<td class=\"padding-t-8 padding-b-8 padding-r-5 padding-l-10 \"><a class=\"fuente-corporativa font-size-m font-weight-b\" href=\"https:\/\/www.rtpa.es\/audio:Al-Son.-ROCK-N'AST-I_1625547506.html\"> ROCK N&#8217;AST I<\/a><\/td>\n<td class=\"padding-t-8 padding-b-8 font-size-ms padding-l-10 \">60 mins.<\/td>\n<td class=\"padding-t-8 padding-b-8 font-size-ms padding-l-10 \">05 jul. 2021<\/td>\n<td class=\"padding-t-8 padding-b-8 font-size-ms padding-l-10 \">572<\/td>\n<td class=\"padding-t-8 padding-b-8 td-valoracion font-size-ms padding-l-10 \"><span class=\"color-b-060\"> (0 votos)<\/span><\/td>\n<\/tr>\n<tr class=\"border-b-1 border-solid  border-color-b-010 \">\n<td class=\"padding-t-8 padding-b-8 padding-r-5 padding-l-10 \"><a class=\"fuente-corporativa font-size-m font-weight-b\" href=\"https:\/\/www.rtpa.es\/audio:Al-Son.-PREMIU-AL-MEYOR-CANTAR_1625223122.html\"> PREMIU AL MEYOR CANTAR<\/a><\/td>\n<td class=\"padding-t-8 padding-b-8 font-size-ms padding-l-10 \">60 mins.<\/td>\n<td class=\"padding-t-8 padding-b-8 font-size-ms padding-l-10 \">28 jun. 2021<\/td>\n<td class=\"padding-t-8 padding-b-8 font-size-ms padding-l-10 \">290<\/td>\n<td class=\"padding-t-8 padding-b-8 td-valoracion font-size-ms padding-l-10 \"><span class=\"display-i-b margin-l-2\">5.00<\/span> (1 voto)<\/td>\n<\/tr>\n<tr class=\"border-b-1 border-solid  border-color-b-010 \">\n<td class=\"padding-t-8 padding-b-8 padding-r-5 padding-l-10 \"><a class=\"fuente-corporativa font-size-m font-weight-b\" href=\"https:\/\/www.rtpa.es\/audio:Al-Son.-GAITEROS-II_1624347858.html\"> GAITEROS II<\/a><\/td>\n<td class=\"padding-t-8 padding-b-8 font-size-ms padding-l-10 \">60 mins.<\/td>\n<td class=\"padding-t-8 padding-b-8 font-size-ms padding-l-10 \">21 jun. 2021<\/td>\n<td class=\"padding-t-8 padding-b-8 font-size-ms padding-l-10 \">387<\/td>\n<td class=\"padding-t-8 padding-b-8 td-valoracion font-size-ms padding-l-10 \"><span class=\"display-i-b margin-l-2\">5.00<\/span> (2 votos)<\/td>\n<\/tr>\n<tr class=\"border-b-1 border-solid  border-color-b-010 \">\n<td class=\"padding-t-8 padding-b-8 padding-r-5 padding-l-10 \"><a class=\"fuente-corporativa font-size-m font-weight-b\" href=\"https:\/\/www.rtpa.es\/audio:Al-Son.-GAITEROS-I_1623742628.html\"> GAITEROS I<\/a><\/td>\n<td class=\"padding-t-8 padding-b-8 font-size-ms padding-l-10 \">60 mins.<\/td>\n<td class=\"padding-t-8 padding-b-8 font-size-ms padding-l-10 \">14 jun. 2021<\/td>\n<td class=\"padding-t-8 padding-b-8 font-size-ms padding-l-10 \">362<\/td>\n<td class=\"padding-t-8 padding-b-8 td-valoracion font-size-ms padding-l-10 \"><span class=\"display-i-b margin-l-2\">5.00<\/span> (1 voto)<\/td>\n<\/tr>\n<tr class=\"border-b-1 border-solid  border-color-b-010 \">\n<td class=\"padding-t-8 padding-b-8 padding-r-5 padding-l-10 \"><a class=\"fuente-corporativa font-size-m font-weight-b\" href=\"https:\/\/www.rtpa.es\/audio:Al-Son.-POP-LLARIEGU_1623127557.html\"> POP LLARIEGU<\/a><\/td>\n<td class=\"padding-t-8 padding-b-8 font-size-ms padding-l-10 \">60 mins.<\/td>\n<td class=\"padding-t-8 padding-b-8 font-size-ms padding-l-10 \">07 jun. 2021<\/td>\n<td class=\"padding-t-8 padding-b-8 font-size-ms padding-l-10 \">457<\/td>\n<td class=\"padding-t-8 padding-b-8 td-valoracion font-size-ms padding-l-10 \"><span class=\"display-i-b margin-l-2\">5.00<\/span> (1 voto)<\/td>\n<\/tr>\n<tr class=\"border-b-1 border-solid  border-color-b-010 \">\n<td class=\"padding-t-8 padding-b-8 padding-r-5 padding-l-10 \"><a class=\"fuente-corporativa font-size-m font-weight-b\" href=\"https:\/\/www.rtpa.es\/audio:Al-Son.--NUEVES-TENDENCIES-NA-MUSICA-ASTURIANA_1622497039.html\"> NUEVES TENDENCIES NA M\u00daSICA ASTURIANA<\/a><\/td>\n<td class=\"padding-t-8 padding-b-8 font-size-ms padding-l-10 \">60 mins.<\/td>\n<td class=\"padding-t-8 padding-b-8 font-size-ms padding-l-10 \">31 may. 2021<\/td>\n<td class=\"padding-t-8 padding-b-8 font-size-ms padding-l-10 \">607<\/td>\n<td class=\"padding-t-8 padding-b-8 td-valoracion font-size-ms padding-l-10 \"><span class=\"display-i-b margin-l-2\">5.00<\/span> (1 voto)<\/td>\n<\/tr>\n<tr class=\"border-b-1 border-solid  border-color-b-010 \">\n<td class=\"padding-t-8 padding-b-8 padding-r-5 padding-l-10 \"><a class=\"fuente-corporativa font-size-m font-weight-b\" href=\"https:\/\/www.rtpa.es\/audio:Al-Son.-INEDITOS-DE-LA-MUSICA-ASTURIANA_1621917742.html\"> IN\u00c9DITOS DE LA M\u00daSICA ASTURIANA<\/a><\/td>\n<td class=\"padding-t-8 padding-b-8 font-size-ms padding-l-10 \">60 mins.<\/td>\n<td class=\"padding-t-8 padding-b-8 font-size-ms padding-l-10 \">25 may. 2021<\/td>\n<td class=\"padding-t-8 padding-b-8 font-size-ms padding-l-10 \">367<\/td>\n<td class=\"padding-t-8 padding-b-8 td-valoracion font-size-ms padding-l-10 \"><span class=\"display-i-b margin-l-2\">5.00<\/span> (2 votos)<\/td>\n<\/tr>\n<tr class=\"border-b-1 border-solid  border-color-b-010 \">\n<td class=\"padding-t-8 padding-b-8 padding-r-5 padding-l-10 \"><a class=\"fuente-corporativa font-size-m font-weight-b\" href=\"https:\/\/www.rtpa.es\/audio:Al-Son.--LA-MINA-NA-MUSICA-ASTURIANA_1621319852.html\"> LA MINA NA M\u00daSICA ASTURIANA<\/a><\/td>\n<td class=\"padding-t-8 padding-b-8 font-size-ms padding-l-10 \">60 mins.<\/td>\n<td class=\"padding-t-8 padding-b-8 font-size-ms padding-l-10 \">18 may. 2021<\/td>\n<td class=\"padding-t-8 padding-b-8 font-size-ms padding-l-10 \">597<\/td>\n<td class=\"padding-t-8 padding-b-8 td-valoracion font-size-ms padding-l-10 \"><span class=\"color-b-060\"> (0 votos)<\/span><\/td>\n<\/tr>\n<tr class=\"border-b-1 border-solid  border-color-b-010 \">\n<td class=\"padding-t-8 padding-b-8 padding-r-5 padding-l-10 \"><a class=\"fuente-corporativa font-size-m font-weight-b\" href=\"https:\/\/www.rtpa.es\/audio:Al-Son.-LA-B.S.O.-DE-LA-REIVINDICACION-LLINGUISTICA-2_1620714639.html\"> LA B.S.O. DE LA REIVINDICACI\u00d3N LLING\u00dc\u00cdSTICA 2<\/a><\/td>\n<td class=\"padding-t-8 padding-b-8 font-size-ms padding-l-10 \">60 mins.<\/td>\n<td class=\"padding-t-8 padding-b-8 font-size-ms padding-l-10 \">11 may. 2021<\/td>\n<td class=\"padding-t-8 padding-b-8 font-size-ms padding-l-10 \">458<\/td>\n<td class=\"padding-t-8 padding-b-8 td-valoracion font-size-ms padding-l-10 \"><span class=\"display-i-b margin-l-2\">5.00<\/span> (2 votos)<\/td>\n<\/tr>\n<tr class=\"border-b-1 border-solid  border-color-b-010 \">\n<td class=\"padding-t-8 padding-b-8 padding-r-5 padding-l-10 \"><a class=\"fuente-corporativa font-size-m font-weight-b\" href=\"https:\/\/www.rtpa.es\/audio:Al-Son.-LA-B.S.O.-DE-LA-REIVINDICACION-LLINGUISTICA-_1620077084.html\"> LA B.S.O. DE LA REIVINDICACI\u00d3N LLING\u00dc\u00cdSTICA <\/a><\/td>\n<td class=\"padding-t-8 padding-b-8 font-size-ms padding-l-10 \">60 mins.<\/td>\n<td class=\"padding-t-8 padding-b-8 font-size-ms padding-l-10 \">03 may. 2021<\/td>\n<td class=\"padding-t-8 padding-b-8 font-size-ms padding-l-10 \">585<\/td>\n<td class=\"padding-t-8 padding-b-8 td-valoracion font-size-ms padding-l-10 \"><span class=\"display-i-b margin-l-2\">5.00<\/span> (2 votos)<\/td>\n<\/tr>\n<tr class=\"border-b-1 border-solid  border-color-b-010 \">\n<td class=\"padding-t-8 padding-b-8 padding-r-5 padding-l-10 \"><a class=\"fuente-corporativa font-size-m font-weight-b\" href=\"https:\/\/www.rtpa.es\/audio:Al-Son.-CANCION-D'AUTOR-DEPUES-DEL-NUEVU-CANCIU_1619519988.html\"> CANCI\u00d3N D&#8217;AUTOR DEPU\u00c9S DEL NUEVU CANCIU<\/a><\/td>\n<td class=\"padding-t-8 padding-b-8 font-size-ms padding-l-10 \">60 mins.<\/td>\n<td class=\"padding-t-8 padding-b-8 font-size-ms padding-l-10 \">26 abr. 2021<\/td>\n<td class=\"padding-t-8 padding-b-8 font-size-ms padding-l-10 \">325<\/td>\n<td class=\"padding-t-8 padding-b-8 td-valoracion font-size-ms padding-l-10 \"><span class=\"display-i-b margin-l-2\">2.33<\/span> (3 votos)<\/td>\n<\/tr>\n<tr class=\"border-b-1 border-solid  border-color-b-010 \">\n<td class=\"padding-t-8 padding-b-8 padding-r-5 padding-l-10 \"><a class=\"fuente-corporativa font-size-m font-weight-b\" href=\"https:\/\/www.rtpa.es\/audio:Al-Son.-NUEVU-CANCIU-ASTUR_1618864710.html\"> NUEVU CANCIU ASTUR<\/a><\/td>\n<td class=\"padding-t-8 padding-b-8 font-size-ms padding-l-10 \">60 mins.<\/td>\n<td class=\"padding-t-8 padding-b-8 font-size-ms padding-l-10 \">19 abr. 2021<\/td>\n<td class=\"padding-t-8 padding-b-8 font-size-ms padding-l-10 \">1138<\/td>\n<td class=\"padding-t-8 padding-b-8 td-valoracion font-size-ms padding-l-10 \"><span class=\"color-b-060\"> (0 votos)<\/span><\/td>\n<\/tr>\n<tr class=\"border-b-1 border-solid  border-color-b-010 \">\n<td class=\"padding-t-8 padding-b-8 padding-r-5 padding-l-10 \"><a class=\"fuente-corporativa font-size-m font-weight-b\" href=\"https:\/\/www.rtpa.es\/audio:Al-Son.-PUNK-ROCK-N'ASTURIANU_1618296508.html\"> PUNK-ROCK N&#8217;ASTURIANU<\/a><\/td>\n<td class=\"padding-t-8 padding-b-8 font-size-ms padding-l-10 \">60 mins.<\/td>\n<td class=\"padding-t-8 padding-b-8 font-size-ms padding-l-10 \">12 abr. 2021<\/td>\n<td class=\"padding-t-8 padding-b-8 font-size-ms padding-l-10 \">516<\/td>\n<td class=\"padding-t-8 padding-b-8 td-valoracion font-size-ms padding-l-10 \"><span class=\"display-i-b margin-l-2\">3.33<\/span> (3 votos)<\/td>\n<\/tr>\n<tr class=\"border-b-1 border-solid  border-color-b-010 \">\n<td class=\"padding-t-8 padding-b-8 padding-r-5 padding-l-10 \"><a class=\"fuente-corporativa font-size-m font-weight-b\" href=\"https:\/\/www.rtpa.es\/audio:Al-Son.-MUSICA-ASTURIANA-CONFINADA_1617657693.html\"> M\u00daSICA ASTURIANA CONFINADA<\/a><\/td>\n<td class=\"padding-t-8 padding-b-8 font-size-ms padding-l-10 \">60 mins.<\/td>\n<td class=\"padding-t-8 padding-b-8 font-size-ms padding-l-10 \">05 abr. 2021<\/td>\n<td class=\"padding-t-8 padding-b-8 font-size-ms padding-l-10 \">547<\/td>\n<td class=\"padding-t-8 padding-b-8 td-valoracion font-size-ms padding-l-10 \"><span class=\"display-i-b margin-l-2\">5.00<\/span> (3 votos)<\/td>\n<\/tr>\n<tr class=\"border-b-1 border-solid  border-color-b-010 \">\n<td class=\"padding-t-8 padding-b-8 padding-r-5 padding-l-10 \"><a class=\"fuente-corporativa font-size-m font-weight-b\" href=\"https:\/\/www.rtpa.es\/audio:Al-Son.-NOVEDAES-DISCOGRAFIQUES_1617079795.html\"> NOVEDAES DISCOGR\u00c1FIQUES<\/a><\/td>\n<td class=\"padding-t-8 padding-b-8 font-size-ms padding-l-10 \">60 mins.<\/td>\n<td class=\"padding-t-8 padding-b-8 font-size-ms padding-l-10 \">29 mar. 2021<\/td>\n<td class=\"padding-t-8 padding-b-8 font-size-ms padding-l-10 \">460<\/td>\n<td class=\"padding-t-8 padding-b-8 td-valoracion font-size-ms padding-l-10 \"><span class=\"display-i-b margin-l-2\">5.00<\/span> (1 voto)<\/td>\n<\/tr>\n<tr class=\"border-b-1 border-solid  border-color-b-010 \">\n<td class=\"padding-t-8 padding-b-8 padding-r-5 padding-l-10 \"><a class=\"fuente-corporativa font-size-m font-weight-b\" href=\"https:\/\/www.rtpa.es\/audio:Al-Son.-JAZZ-DE-RAIGANU-2_1616446913.html\"> JAZZ DE RAIGA\u00d1U 2<\/a><\/td>\n<td class=\"padding-t-8 padding-b-8 font-size-ms padding-l-10 \">60 mins.<\/td>\n<td class=\"padding-t-8 padding-b-8 font-size-ms padding-l-10 \">22 mar. 2021<\/td>\n<td class=\"padding-t-8 padding-b-8 font-size-ms padding-l-10 \">494<\/td>\n<td class=\"padding-t-8 padding-b-8 td-valoracion font-size-ms padding-l-10 \"><span class=\"color-b-060\"> (0 votos)<\/span><\/td>\n<\/tr>\n<tr class=\"border-b-1 border-solid  border-color-b-010 \">\n<td class=\"padding-t-8 padding-b-8 padding-r-5 padding-l-10 \"><a class=\"fuente-corporativa font-size-m font-weight-b\" href=\"https:\/\/www.rtpa.es\/audio:Al-Son.-JAZZ-DE-RAIGANU-1_1615883482.html\"> JAZZ DE RAIGA\u00d1U 1<\/a><\/td>\n<td class=\"padding-t-8 padding-b-8 font-size-ms padding-l-10 \">60 mins.<\/td>\n<td class=\"padding-t-8 padding-b-8 font-size-ms padding-l-10 \">15 mar. 2021<\/td>\n<td class=\"padding-t-8 padding-b-8 font-size-ms padding-l-10 \">848<\/td>\n<td class=\"padding-t-8 padding-b-8 td-valoracion font-size-ms padding-l-10 \"><span class=\"color-b-060\"> (0 votos)<\/span><\/td>\n<\/tr>\n<tr class=\"border-b-1 border-solid  border-color-b-010 \">\n<td class=\"padding-t-8 padding-b-8 padding-r-5 padding-l-10 \"><a class=\"fuente-corporativa font-size-m font-weight-b\" href=\"https:\/\/www.rtpa.es\/audio:Al-Son.-MUYERES-CON-VOZ-PROPIA_1615242787.html\"> MUYERES CON VOZ PROPIA<\/a><\/td>\n<td class=\"padding-t-8 padding-b-8 font-size-ms padding-l-10 \">60 mins.<\/td>\n<td class=\"padding-t-8 padding-b-8 font-size-ms padding-l-10 \">08 mar. 2021<\/td>\n<td class=\"padding-t-8 padding-b-8 font-size-ms padding-l-10 \">457<\/td>\n<td class=\"padding-t-8 padding-b-8 td-valoracion font-size-ms padding-l-10 \"><span class=\"display-i-b margin-l-2\">4.00<\/span> (5 votos)<\/td>\n<\/tr>\n<tr class=\"border-b-1 border-solid  border-color-b-010 \">\n<td class=\"padding-t-8 padding-b-8 padding-r-5 padding-l-10 \"><a class=\"fuente-corporativa font-size-m font-weight-b\" href=\"https:\/\/www.rtpa.es\/audio:Al-Son.-CUANDO'L-FOLK-ALCUENTRA'L-POP_1614663948.html\"> CUANDO&#8217;L FOLK ALCUENTRA&#8217;L POP<\/a><\/td>\n<td class=\"padding-t-8 padding-b-8 font-size-ms padding-l-10 \">60 mins.<\/td>\n<td class=\"padding-t-8 padding-b-8 font-size-ms padding-l-10 \">01 mar. 2021<\/td>\n<td class=\"padding-t-8 padding-b-8 font-size-ms padding-l-10 \">769<\/td>\n<td class=\"padding-t-8 padding-b-8 td-valoracion font-size-ms padding-l-10 \"><span class=\"display-i-b margin-l-2\">4.33<\/span> (3 votos)<\/td>\n<\/tr>\n<tr class=\"border-b-1 border-solid  border-color-b-010 \">\n<td class=\"padding-t-8 padding-b-8 padding-r-5 padding-l-10 \"><a class=\"fuente-corporativa font-size-m font-weight-b\" href=\"https:\/\/www.rtpa.es\/audio:Al-Son.--MUSIQUES-URBANES-ASTURIANES_1614024289.html\"> M\u00daSIQUES URBANES ASTURIANES<\/a><\/td>\n<td class=\"padding-t-8 padding-b-8 font-size-ms padding-l-10 \">60 mins.<\/td>\n<td class=\"padding-t-8 padding-b-8 font-size-ms padding-l-10 \">22 feb. 2021<\/td>\n<td class=\"padding-t-8 padding-b-8 font-size-ms padding-l-10 \">1210<\/td>\n<td class=\"padding-t-8 padding-b-8 td-valoracion font-size-ms padding-l-10 \"><span class=\"display-i-b margin-l-2\">5.00<\/span> (6 votos)<\/td>\n<\/tr>\n<tr class=\"border-b-1 border-solid  border-color-b-010 \">\n<td class=\"padding-t-8 padding-b-8 padding-r-5 padding-l-10 \"><a class=\"fuente-corporativa font-size-m font-weight-b\" href=\"https:\/\/www.rtpa.es\/audio:Al-Son.-L'ASTURIANADA-CONTEMPORANEA_1613458657.html\"> L&#8217;ASTURIANADA CONTEMPOR\u00c1NEA<\/a><\/td>\n<td class=\"padding-t-8 padding-b-8 font-size-ms padding-l-10 \">60 mins.<\/td>\n<td class=\"padding-t-8 padding-b-8 font-size-ms padding-l-10 \">15 feb. 2021<\/td>\n<td class=\"padding-t-8 padding-b-8 font-size-ms padding-l-10 \">1153<\/td>\n<td class=\"padding-t-8 padding-b-8 td-valoracion font-size-ms padding-l-10 \"><span class=\"display-i-b margin-l-2\">5.00<\/span> (4 votos)<\/td>\n<\/tr>\n<tr class=\"border-b-1 border-solid  border-color-b-010 \">\n<td class=\"padding-t-8 padding-b-8 padding-r-5 padding-l-10 \"><a class=\"fuente-corporativa font-size-m font-weight-b\" href=\"https:\/\/www.rtpa.es\/audio:Al-Son.-PIONEROS-DE-LA-MUSICA-ASTURIANA_1612823294.html\"> PIONEROS DE LA M\u00daSICA ASTURIANA<\/a><\/td>\n<td class=\"padding-t-8 padding-b-8 font-size-ms padding-l-10 \">60 mins.<\/td>\n<td class=\"padding-t-8 padding-b-8 font-size-ms padding-l-10 \">08 feb. 2021<\/td>\n<td class=\"padding-t-8 padding-b-8 font-size-ms padding-l-10 \">875<\/td>\n<td class=\"padding-t-8 padding-b-8 td-valoracion font-size-ms padding-l-10 \"><span class=\"display-i-b margin-l-2\">5.00<\/span> (7 votos)<\/td>\n<\/tr>\n<tr class=\"border-b-1 border-solid  border-color-b-010 \">\n<td class=\"padding-t-8 padding-b-8 padding-r-5 padding-l-10 \"><a class=\"fuente-corporativa font-size-m font-weight-b\" href=\"https:\/\/www.rtpa.es\/audio:Al-Son.-ANUARIU-DE-LA-MUSICA-ASTURIANA-2020_1612248749.html\"> ANUARIU DE LA M\u00daSICA ASTURIANA 2020<\/a><\/td>\n<td class=\"padding-t-8 padding-b-8 font-size-ms padding-l-10 \">60 mins.<\/td>\n<td class=\"padding-t-8 padding-b-8 font-size-ms padding-l-10 \">02 feb. 2021<\/td>\n<td class=\"padding-t-8 padding-b-8 font-size-ms padding-l-10 \">1465<\/td>\n<td class=\"padding-t-8 padding-b-8 td-valoracion font-size-ms padding-l-10 \"><span class=\"display-i-b margin-l-2\">4.15<\/span> (13 votos)<\/td>\n<\/tr>\n<\/tbody>\n<\/table>\n<\/div>\n<\/div>\n<\/div>\n<\/div>\n<\/header>\n<\/div>\n<\/div>\n<div class=\"wp-block-spacer\" aria-hidden=\"true\"><\/div>\n","protected":false},"excerpt":{"rendered":"<p>El programa Al Son, dirix\u00edu y present\u00e1u por Xune Elipe, escomenzaba la so emisi\u00f3n en febreru del 2021, realizando nesi a\u00f1u 50 cap\u00edtulos; nel 2022 ser\u00eden otros 20 los cap\u00edtulos emit\u00edos. En total foron setenta les entregues d\u2019esti espaciu; cap\u00edtulos que trataron munchos y mui variaos aspectos sobre la m\u00fasica asturiana. Fonte: MusicAsturiana \/ RPA [&hellip;]<\/p>\n","protected":false},"author":117,"featured_media":0,"comment_status":"open","ping_status":"open","sticky":false,"template":"","format":"standard","meta":{"footnotes":""},"categories":[415,35,125],"tags":[],"class_list":["post-39812","post","type-post","status-publish","format-standard","hentry","category-al-son-musica","category-musica","category-musicasturiana-com"],"_links":{"self":[{"href":"https:\/\/edublog.educastur.es\/ixuxu\/wp-json\/wp\/v2\/posts\/39812","targetHints":{"allow":["GET"]}}],"collection":[{"href":"https:\/\/edublog.educastur.es\/ixuxu\/wp-json\/wp\/v2\/posts"}],"about":[{"href":"https:\/\/edublog.educastur.es\/ixuxu\/wp-json\/wp\/v2\/types\/post"}],"author":[{"embeddable":true,"href":"https:\/\/edublog.educastur.es\/ixuxu\/wp-json\/wp\/v2\/users\/117"}],"replies":[{"embeddable":true,"href":"https:\/\/edublog.educastur.es\/ixuxu\/wp-json\/wp\/v2\/comments?post=39812"}],"version-history":[{"count":6,"href":"https:\/\/edublog.educastur.es\/ixuxu\/wp-json\/wp\/v2\/posts\/39812\/revisions"}],"predecessor-version":[{"id":39818,"href":"https:\/\/edublog.educastur.es\/ixuxu\/wp-json\/wp\/v2\/posts\/39812\/revisions\/39818"}],"wp:attachment":[{"href":"https:\/\/edublog.educastur.es\/ixuxu\/wp-json\/wp\/v2\/media?parent=39812"}],"wp:term":[{"taxonomy":"category","embeddable":true,"href":"https:\/\/edublog.educastur.es\/ixuxu\/wp-json\/wp\/v2\/categories?post=39812"},{"taxonomy":"post_tag","embeddable":true,"href":"https:\/\/edublog.educastur.es\/ixuxu\/wp-json\/wp\/v2\/tags?post=39812"}],"curies":[{"name":"wp","href":"https:\/\/api.w.org\/{rel}","templated":true}]}}