{"id":39828,"date":"2025-01-09T19:05:37","date_gmt":"2025-01-09T17:05:37","guid":{"rendered":"https:\/\/edublog.educastur.es\/ixuxu\/?p=39828"},"modified":"2025-01-09T23:06:58","modified_gmt":"2025-01-09T21:06:58","slug":"39828","status":"publish","type":"post","link":"https:\/\/edublog.educastur.es\/ixuxu\/2025\/01\/39828\/","title":{"rendered":"Tr\u00edu de poemes de Marisa Mart\u00ednez P\u00e9rsico"},"content":{"rendered":"<div class=\"html-div xdj266r xat24cr x1mh8g0r xexx8yu x4uap5 x18d9i69 xkhd6sd x78zum5 x2lah0s xqtp20y x1emribx\"><\/div>\n<div class=\"html-div xdj266r x11i5rnm xat24cr x1mh8g0r xexx8yu x4uap5 x18d9i69 xkhd6sd x1iyjqo2\">\n<div class=\"x78zum5 xdt5ytf xz62fqu x16ldp7u\">\n<div class=\"xu06os2 x1ok221b\">\n<ul>\n<li class=\"html-h3 x11i5rnm xat24cr x1mh8g0r xexx8yu x4uap5 x18d9i69 xkhd6sd x1vvkbs x1heor9g x1qlqyl8 x1pd3egz x1a2a7pz x1gslohp x1yc453h\"><span class=\"xt0psk2\"><a class=\"x1i10hfl xjbqb8w x1ejq31n xd10rxx x1sy0etr x17r0tee x972fbf xcfux6l x1qhh985 xm0m39n x9f619 x1ypdohk xt0psk2 xe8uvvx xdj266r x11i5rnm xat24cr x1mh8g0r xexx8yu x4uap5 x18d9i69 xkhd6sd x16tdsg8 x1hl2dhg xggy1nq x1a2a7pz x1sur9pj xkrqix3 xzsf02u x1s688f\" role=\"link\" href=\"https:\/\/www.facebook.com\/formientu?__cft__[0]=AZVkNtpkjCL97B7YPqrAPDgbLD97sGxl8UhEaejzYck5BYevsApDZlQlbPBX9-j-ZqvcEZl5g_HRJSvykmVKt6VzaxKC3gYii13Csfme0N_mjgo98vHcGOAY_x0G__U-L45Gb-0mJdlGO6zknRXpF-Y32L_-eMGOkYjENGve_M3n6F-ny1iX_1rJ1_bCV7XVAlmTUwk76RN0o9Q3Smk3vZ03ltMnly7DZ1UGuEcwJ3cpGg&amp;__tn__=-UC%2CP-y-R\"><strong class=\"html-strong xdj266r x11i5rnm xat24cr x1mh8g0r xexx8yu x4uap5 x18d9i69 xkhd6sd x1hl2dhg x16tdsg8 x1vvkbs x1s688f\"><span class=\"html-span xdj266r x11i5rnm xat24cr x1mh8g0r xexx8yu x4uap5 x18d9i69 xkhd6sd x1hl2dhg x16tdsg8 x1vvkbs\">Formientu<\/span><\/strong><\/a><\/span><span class=\"html-span xdj266r x11i5rnm xat24cr x1mh8g0r xexx8yu x4uap5 x18d9i69 xkhd6sd x1hl2dhg x16tdsg8 x1vvkbs\"><span class=\"x4k7w5x x1h91t0o x1h9r5lt x1jfb8zj xv2umb2 x1beo9mf xaigb6o x12ejxvf x3igimt xarpa2k xedcshv x1lytzrv x1t2pt76 x7ja8zs x1qrby5j\"><span class=\"x1rg5ohu x6ikm8r x10wlt62 x16dsc37 xt0b8zv\" aria-labelledby=\":r119:\"><span class=\"xmper1u xt0psk2 xjb2p0i x1qlqyl8 x15bjb6t x1n2onr6 x17ihmo5 x1g77sc7\"><span class=\"x1r8a4m5 x1n2onr6 x17ihmo5 xv5skbt crhKlDzC drhKlDzD irhKlDD4 jrhKlDD5 odrU pdrV kdo4 ldo5\">\/ <a href=\"https:\/\/www.formientu.com\/formientudixital\/triu-de-poemes-de-marisa-martinez-persico\/?fbclid=IwZXh0bgNhZW0CMTEAAR1TY5uDTFJIykxYMAPkgYXimjNzyizHOVAeP8oSAY4M128HGuN5KyzLpZQ_aem_dkofBSVG8Zltb9hakTizZQ\"><strong>web<\/strong> <\/a>\/ <a href=\"https:\/\/www.formientu.com\/wp-content\/uploads\/2024\/12\/GcSNYW3XoAApHWo-1023x1536.jpeg\">imaxe<\/a> \/<br \/>\n<\/span><\/span><\/span><\/span><\/span><\/li>\n<\/ul>\n<\/div>\n<\/div>\n<\/div>\n<div class=\"html-div xdj266r x11i5rnm xat24cr x1mh8g0r xexx8yu x4uap5 x18d9i69 xkhd6sd\" dir=\"auto\">\n<div class=\"html-div xdj266r x11i5rnm xat24cr x1mh8g0r xexx8yu x4uap5 x18d9i69 xkhd6sd\" dir=\"auto\">\n<div class=\"html-div xdj266r x11i5rnm xat24cr x1mh8g0r xexx8yu x4uap5 x18d9i69 xkhd6sd\" data-ad-rendering-role=\"story_message\">\n<div class=\"x1l90r2v x1iorvi4 x1ye3gou xn6708d\" data-ad-comet-preview=\"message\" data-ad-preview=\"message\">\n<div class=\"x78zum5 xdt5ytf xz62fqu x16ldp7u\">\n<div class=\"xu06os2 x1ok221b\">\n<div class=\"xdj266r x11i5rnm xat24cr x1mh8g0r x1vvkbs x126k92a\">\n<div dir=\"auto\">El director de la <span class=\"html-span xdj266r x11i5rnm xat24cr x1mh8g0r xexx8yu x4uap5 x18d9i69 xkhd6sd x1hl2dhg x16tdsg8 x1vvkbs\"><a class=\"x1i10hfl xjbqb8w x1ejq31n xd10rxx x1sy0etr x17r0tee x972fbf xcfux6l x1qhh985 xm0m39n x9f619 x1ypdohk xt0psk2 xe8uvvx xdj266r x11i5rnm xat24cr x1mh8g0r xexx8yu x4uap5 x18d9i69 xkhd6sd x16tdsg8 x1hl2dhg xggy1nq x1a2a7pz x1sur9pj xkrqix3 x1fey0fg x1s688f\" role=\"link\" href=\"https:\/\/www.facebook.com\/residencialliterariaXixon?__cft__[0]=AZVkNtpkjCL97B7YPqrAPDgbLD97sGxl8UhEaejzYck5BYevsApDZlQlbPBX9-j-ZqvcEZl5g_HRJSvykmVKt6VzaxKC3gYii13Csfme0N_mjgo98vHcGOAY_x0G__U-L45Gb-0mJdlGO6zknRXpF-Y32L_-eMGOkYjENGve_M3n6F-ny1iX_1rJ1_bCV7XVAlmTUwk76RN0o9Q3Smk3vZ03ltMnly7DZ1UGuEcwJ3cpGg&amp;__tn__=-]K-y-R\"><span class=\"xt0psk2\">Residencia Lliteraria Xix\u00f3n<\/span><\/a><\/span>, <span class=\"html-span xdj266r x11i5rnm xat24cr x1mh8g0r xexx8yu x4uap5 x18d9i69 xkhd6sd x1hl2dhg x16tdsg8 x1vvkbs\"><a class=\"x1i10hfl xjbqb8w x1ejq31n xd10rxx x1sy0etr x17r0tee x972fbf xcfux6l x1qhh985 xm0m39n x9f619 x1ypdohk xt0psk2 xe8uvvx xdj266r x11i5rnm xat24cr x1mh8g0r xexx8yu x4uap5 x18d9i69 xkhd6sd x16tdsg8 x1hl2dhg xggy1nq x1a2a7pz x1sur9pj xkrqix3 x1fey0fg x1s688f\" role=\"link\" href=\"https:\/\/www.facebook.com\/Inaciugalan?__cft__[0]=AZVkNtpkjCL97B7YPqrAPDgbLD97sGxl8UhEaejzYck5BYevsApDZlQlbPBX9-j-ZqvcEZl5g_HRJSvykmVKt6VzaxKC3gYii13Csfme0N_mjgo98vHcGOAY_x0G__U-L45Gb-0mJdlGO6zknRXpF-Y32L_-eMGOkYjENGve_M3n6F-ny1iX_1rJ1_bCV7XVAlmTUwk76RN0o9Q3Smk3vZ03ltMnly7DZ1UGuEcwJ3cpGg&amp;__tn__=-]K-y-R\"><span class=\"xt0psk2\">Inaciu Gal\u00e1n<\/span><\/a><\/span>, traduz un tr\u00edu de poemes de Marisa Mart\u00ednez P\u00e9rsico, residente nel mes de payares. Dempu\u00e9s del pasu de la escritora arxentina <b>Marisa Mart\u00ednez P\u00e9rsico<\/b> (Buenos Aires, 1978)\u00a0per Asturies, dientro del programa de residencies creatives de la <a href=\"http:\/\/www.lliterariaxixon.com\" target=\"_blank\" rel=\"noopener\">Residencia Lliteraria Xix\u00f3n<\/a>, ufrimos tr\u00e9s poemes traduc\u00edos al asturianu por <strong>Inaciu Gal\u00e1n<\/strong>.<\/div>\n<div dir=\"auto\">\n<div class=\"td-post-content tagdiv-type\">\n<p class=\"p5\"><span style=\"text-decoration: underline\"><span style=\"color: #008080;font-size: 20px;text-decoration: underline\"><em><b>LES PALLABRES Y LES COSES<\/b><\/em><\/span><\/span><\/p>\n<p class=\"p6\"><span style=\"color: #008080;font-size: 20px\"><em>Visitamos, Mar\u00eda, un pa\u00eds ayenu<\/em><\/span><br \/>\n<span style=\"color: #008080;font-size: 20px\"><em>agora que sabes lleer.<\/em><\/span><br \/>\n<span style=\"color: #008080;font-size: 20px\"><em>Nun hai cartelu que nun pase l\u2019aduana los tos g\u00fceyos:<\/em><\/span><br \/>\n<span style=\"color: #008080;font-size: 20px\"><em>\u00abBistro Viena\u00bb \u00abMuzeul de Istorie\u00bb \u00abAnticariat\u00bb<\/em><\/span><\/p>\n<p class=\"p6\"><span style=\"color: #008080;font-size: 20px\"><em>Vas solletriando\u2019l mundu con sorpresa,<\/em><\/span><br \/>\n<span style=\"color: #008080;font-size: 20px\"><em>cansada y tatexante mientres fundes<\/em><\/span><br \/>\n<span style=\"color: #008080;font-size: 20px\"><em>una antigua ciud\u00e1 pola pallabra.<\/em><\/span><\/p>\n<p class=\"p6\"><span style=\"color: #008080;font-size: 20px\"><em>\u00abSa-el to \/ ma-re\u00bb \u00abBa-ia \/ ma-re\u00bb \u00abStru-del \/ me-re\u00bb<\/em><\/span><\/p>\n<p class=\"p6\"><span style=\"color: #008080;font-size: 20px\"><em>Vas sentir nel cuerpu\u2019l desenga\u00f1u,<\/em><\/span><br \/>\n<span style=\"color: #008080;font-size: 20px\"><em>que ye un arcu tend\u00edu<\/em><\/span><br \/>\n<span style=\"color: #008080;font-size: 20px\"><em>ente\u2019l verbu y la idea,<\/em><\/span><br \/>\n<span style=\"color: #008080;font-size: 20px\"><em>lo arbitrario\u00a0qu\u2019anueda los nomes a les coses<\/em><\/span><br \/>\n<span style=\"color: #008080;font-size: 20px\"><em>en futuros destinos que t\u2019aguarden.<\/em><\/span><\/p>\n<p class=\"p6\"><span style=\"color: #008080;font-size: 20px\"><em>\u00bfQu\u00e9 nos diz una imaxe ac\u00fastica d\u2019un sua\u00f1u?<\/em><\/span><br \/>\n<span style=\"color: #008080;font-size: 20px\"><em>\u00bfDe la risa?\u00a0\u00bfEl silenciu? \u00bfLes mentires?<\/em><\/span><br \/>\n<span style=\"color: #008080;font-size: 20px\"><em>\u00bfD\u2019un arume?<\/em><\/span><br \/>\n<span style=\"color: #008080;font-size: 20px\"><em>\u00bfDel color azafr\u00e1n?<\/em><\/span><\/p>\n<p class=\"p6\"><span style=\"color: #008080;font-size: 20px\"><em>\u00abBiserica\u00bb \u00abPatimilor\u00bb \u00abCatedrala\u00bb<\/em><\/span><\/p>\n<p class=\"p6\"><span style=\"color: #008080;font-size: 20px\"><em>De la mano cruciamos les esquines d\u2019un idioma estranxeru.<\/em><\/span><br \/>\n<span style=\"color: #008080;font-size: 20px\"><em>Nun basta un alfabetu<\/em><\/span><br \/>\n<span style=\"color: #008080;font-size: 20px\"><em>p\u2019atopar sent\u00edu.<\/em><\/span><\/p>\n<p><!--more--><\/p>\n<h6 class=\"p8\"><em><b>LAS PALABRAS Y LAS COSAS<\/b><\/em><\/h6>\n<h6 class=\"p8\"><em>Visitamos, Mar\u00eda, un pa\u00eds ajeno \/ ahora que sabes leer. \/ No hay cartel que no infrinja la aduana de tus ojos: \/<span class=\"Apple-converted-space\">\u00a0 <\/span>\u00abBistro Viena\u00bb \u00abMuzeul de Istorie\u00bb \u00abAnticariat\u00bb \/\/\u00a0Vas deletreando el mundo con sorpresa, \/ cansada y balbuciente mientras fundas \/<span class=\"Apple-converted-space\">\u00a0 <\/span>una antigua ciudad por la palabra. \/\/ \u00abSa-tu \/ ma-re\u00bb \u00abBa-ia \/ ma-re\u00bb \u00abStru-del \/ me-re\u00bb \/\/ Sentir\u00e1s en el cuerpo el desenga\u00f1o, \/<span class=\"Apple-converted-space\">\u00a0 <\/span>que es un arco tendido \/<span class=\"Apple-converted-space\">\u00a0 <\/span>entre el verbo y la idea, \/<span class=\"Apple-converted-space\">\u00a0 <\/span>lo arbitrario\u00a0que anuda los nombres a las cosas \/<span class=\"Apple-converted-space\">\u00a0 <\/span>en futuros destinos que te aguardan. \/\/<span class=\"Apple-converted-space\">\u00a0 <\/span>\u00bfQu\u00e9 nos dice una imagen ac\u00fastica de un sue\u00f1o? \/<span class=\"Apple-converted-space\">\u00a0 <\/span>\u00bfDe la risa?\u00a0 \u00bfEl silencio? \u00bfLas mentiras? \/<span class=\"Apple-converted-space\">\u00a0 <\/span>\u00bfDe un perfume? \/<span class=\"Apple-converted-space\">\u00a0 <\/span>\u00bfDel color azafr\u00e1n? \/\/ \u00abBiserica\u00bb \u00abPatimilor\u00bb \u00abCatedrala\u00bb \/<span class=\"Apple-converted-space\">\u00a0 <\/span>De la mano cruzamos las esquinas de un idioma extranjero. \/<span class=\"Apple-converted-space\">\u00a0 <\/span>No basta un alfabeto \/ para encontrar sentido.<\/em><\/h6>\n<p class=\"p6\"><span style=\"text-decoration: underline\"><em><span style=\"color: #008080;font-size: 20px;text-decoration: underline\"><b>LIANG KAI MEDITA SOBRE PAPEL D\u2019ARROZ<\/b><\/span><\/em><\/span><\/p>\n<p class=\"p6\"><em><span style=\"color: #008080;font-size: 20px\">Nun me presta escribir mientres te miro<br \/>\n<\/span><\/em><em><span style=\"color: #008080;font-size: 20px\">porque ent\u00f3s<br \/>\n<\/span><\/em><em><span style=\"color: #008080;font-size: 20px\">falar\u00edate de min.<\/span><\/em><\/p>\n<p class=\"p6\"><em><span style=\"color: #008080;font-size: 20px\">Lo que busco ye enllordiame col to tiempu.<br \/>\n<\/span><\/em><em><span style=\"color: #008080;font-size: 20px\">Lo que quiero contigo<br \/>\n<\/span><\/em><em><span style=\"color: #008080;font-size: 20px\">ye partir esti vidru de les hores:<br \/>\n<\/span><\/em><em><span style=\"color: #008080;font-size: 20px\">pa falar del bamb\u00fa<br \/>\n<\/span><\/em><em><span style=\"color: #008080;font-size: 20px\">ye indispensable<br \/>\n<\/span><\/em><em><span style=\"color: #008080;font-size: 20px\">convertise en bamb\u00fa.<\/span><\/em><\/p>\n<h6 class=\"p8\"><strong><em>LIANG KAI MEDITA SOBRE PAPEL DE ARROZ<\/em><\/strong><\/h6>\n<h6 class=\"p8\"><em>No me gusta escribir mientras te miro \/ porque entonces \/ te hablar\u00eda de m\u00ed. \/<span class=\"Apple-converted-space\">\u00a0 <\/span>Lo que busco es mancharme con tu tiempo. \/<span class=\"Apple-converted-space\">\u00a0 <\/span>Lo que quiero contigo \/<span class=\"Apple-converted-space\">\u00a0 <\/span>es partir este vidrio de las horas: \/\/<span class=\"Apple-converted-space\">\u00a0 <\/span>para hablar del bamb\u00fa \/ es indispensable \/ convertirse en bamb\u00fa.<\/em><\/h6>\n<p class=\"p6\"><span style=\"text-decoration: underline\"><span style=\"font-size: 20px\"><em><span style=\"color: #008080\"><b>TUTORIAL DE PE\u00d1\u00c1U<\/b><\/span><\/em><\/span><\/span><\/p>\n<p class=\"p6\"><span style=\"font-size: 20px\"><em><span style=\"color: #008080\">Mientres toco, Mar\u00eda, la to tiesta de ne\u00f1a<br \/>\n<\/span><\/em><\/span><span style=\"font-size: 20px\"><em><span style=\"color: #008080\">y pela toballa baxa<br \/>\n<\/span><\/em><\/span><span style=\"font-size: 20px\"><em><span style=\"color: #008080\">una cascada de pelos moyaos<br \/>\n<\/span><\/em><\/span><span style=\"font-size: 20px\"><em><span style=\"color: #008080\">pienso: \u00abpa qu\u2019esti amor asoceda<br \/>\n<\/span><\/em><\/span><span style=\"font-size: 20px\"><em><span style=\"color: #008080\">tuvo d\u2019esistir un home\u00bb.<\/span><\/em><\/span><\/p>\n<p class=\"p6\"><span style=\"font-size: 20px\"><em><span style=\"color: #008080\">Asina,<br \/>\n<\/span><\/em><\/span><span style=\"font-size: 20px\"><em><span style=\"color: #008080\">la estampa familiar de dos muyeres<br \/>\n<\/span><\/em><\/span><span style=\"font-size: 20px\"><em><span style=\"color: #008080\">consagraes al ritu del pe\u00f1\u00e1u<br \/>\n<\/span><\/em><\/span><span style=\"font-size: 20px\"><em><span style=\"color: #008080\">ye masculina, tami\u00e9n.<\/span><\/em><\/span><\/p>\n<p class=\"p6\"><span style=\"font-size: 20px\"><em><span style=\"color: #008080\">Y\u00e1 lo dixo Plat\u00f3n na so Llacuada.<br \/>\n<\/span><\/em><\/span><span style=\"font-size: 20px\"><em><span style=\"color: #008080\">Perdimos, Mar\u00eda, l\u2019instintu d\u2019unid\u00e1.<br \/>\n<\/span><\/em><\/span><span style=\"font-size: 20px\"><em><span style=\"color: #008080\">Basta ver los peri\u00f3dicos.<br \/>\n<\/span><\/em><\/span><span style=\"font-size: 20px\"><em><span style=\"color: #008080\">La muerte, l\u2019abusu, les faldes pel suelu.<br \/>\n<\/span><\/em><\/span><span style=\"font-size: 20px\"><em><span style=\"color: #008080\">Un d\u00eda vas saber pe\u00f1ate sola.<\/span><\/em><\/span><\/p>\n<p class=\"p6\"><span style=\"font-size: 20px\"><em><span style=\"color: #008080\">Vas saber cayer a tierra y llevantate,<br \/>\n<\/span><\/em><\/span><span style=\"font-size: 20px\"><em><span style=\"color: #008080\">como esti cepiyu.<br \/>\n<\/span><\/em><\/span><span style=\"font-size: 20px\"><em><span style=\"color: #008080\">El secador de pelo va ser se\u00f1ard\u00e1<br \/>\n<\/span><\/em><\/span><span style=\"font-size: 20px\"><em><span style=\"color: #008080\">d\u2019una madre prudente<br \/>\n<\/span><\/em><\/span><span style=\"font-size: 20px\"><em><span style=\"color: #008080\">qu\u2019escaecer cola urxencia<br \/>\n<\/span><\/em><\/span><span style=\"font-size: 20px\"><em><span style=\"color: #008080\">d\u2019una cita d\u2019amor.<\/span><\/em><\/span><\/p>\n<p class=\"p6\"><span style=\"font-size: 20px\"><em><span style=\"color: #008080\">Que\u2019l mundu del futuru te seya m\u00e1s llixeru.<br \/>\n<\/span><\/em><\/span><span style=\"font-size: 20px\"><em><span style=\"color: #008080\">Nun van ver esi reinu<br \/>\n<\/span><\/em><\/span><span style=\"font-size: 20px\"><em><span style=\"color: #008080\">los pe\u00f1es d\u2019esta casa.<\/span><\/em><\/span><\/p>\n<h6 class=\"p8\"><em><b>TUTORIAL DE PEINADO<\/b><\/em><\/h6>\n<h6 class=\"p8\"><em>Mientras toco, Mar\u00eda, tu cabeza de ni\u00f1a \/<span class=\"Apple-converted-space\">\u00a0 <\/span>y por la toalla desciende<\/em><br \/>\n<em>una cascada de cabellos mojados \/ pienso: \u00abpara que este amor suceda \/<span class=\"Apple-converted-space\">\u00a0 <\/span>debi\u00f3 existir un hombre\u00bb. \/\/ As\u00ed,<span class=\"Apple-converted-space\">\u00a0 <\/span>\/<span class=\"Apple-converted-space\">\u00a0 <\/span>la estampa familiar de dos mujeres \/ consagradas al rito del peinado \/ es masculina, tambi\u00e9n. \/\/ Ya lo dijo Plat\u00f3n en su\u00a0Banquete. \/<span class=\"Apple-converted-space\">\u00a0 <\/span>Hemos perdido, Mar\u00eda, el instinto de unidad. \/<span class=\"Apple-converted-space\">\u00a0 <\/span>Basta ver los peri\u00f3dicos. \/<span class=\"Apple-converted-space\">\u00a0 <\/span>La muerte, el abuso, las faldas por el piso. \/\/ Un d\u00eda sabr\u00e1s peinarte sola. \/<span class=\"Apple-converted-space\">\u00a0 <\/span>Sabr\u00e1s caer a tierra y levantarte, \/ como este cepillo. \/<span class=\"Apple-converted-space\">\u00a0 <\/span>El secador de pelo ser\u00e1 melancol\u00eda \/ de una madre prudente \/ que olvidar con la urgencia \/ de una cita de amor. \/\/<span class=\"Apple-converted-space\">\u00a0 <\/span>Que el mundo del futuro te sea m\u00e1s liviano. \/ No ver\u00e1n ese reino \/ los peines de esta casa.<\/em><\/h6>\n<p><em><strong>L\u2019autora<\/strong><\/em><\/p>\n<p class=\"p1\"><em><b>Marisa Mart\u00ednez P\u00e9rsico<\/b> (Buenos Aires, 1978), poeta, narradora y cr\u00edtica lliteraria arxentina. Doctora en Lliteratura Espa\u00f1ola ya Hispanoamericana pola Universid\u00e1 de Salamanca y graduada en Lletres pola Universid\u00e1 de Bonos Aires. Tien doble nacionalid\u00e1 espa\u00f1ola por orixe familiar.<\/em><\/p>\n<p class=\"p2\"><em>En 2010 asiti\u00f3se n\u2019Italia. Acreditada a profesora titular pol Ministeriu d\u2019educaci\u00f3n italianu, ense\u00f1a llingua y traducci\u00f3n espa\u00f1ola na Universit\u00e0 degli Studi di Udine y foi profesora visitante en numberoses universidaes europees (Oxford, Kragujevac, Cambridge, San Clemente de Ojrid). Espubliz\u00f3 nueve llibros de poes\u00eda: Las voces de las hojas (Argentina, Ediciones Baobab, 1998, Premio Nacional R\u00edo de la Plata II), Po\u00e9tica ambulante (Argentina, 2003, Ediciones del Gobierno de la Provincia de Buenos Aires, autora seleccionada en el Certamen Arte Joven de la Provincia), Los pliegos obtusos (Argentina, 2004, Ediciones del Gobierno de la Provincia de Buenos Aires, autora seleccionada en el Certamen Arte Joven de la Provincia), La \u00fanica puerta era la tuya (Espa\u00f1a, Verbum, 2015, finalista del II Premio Pilar Fern\u00e1ndez Labrador), El cielo entre par\u00e9ntesis (Espa\u00f1a, 2017, Valpara\u00edso Ediciones \/ USA), Finlandia (Espa\u00f1a\/Chile, RIL Editores, 2021), Principios y continuaciones (Pre-Textos, 2021), Las cosas que compramos en los viajes (XXIV Premio Latinoamericano de Poes\u00eda Ciro Mend\u00eda, Colombia, 2022) y Los parques interiores (XLVIII Premio Nacional de Poes\u00eda Rafael Morales, Espa\u00f1a, 2023 \u2013 finalista XXXV Premio Loewe).<\/em><\/p>\n<p class=\"p2\"><em>Ediciones Del Dock espubliz\u00f3 la so antolox\u00eda Peces de ojos tristes. Poes\u00eda escogida (1998-2023) na colecci\u00f3n \u00abPez N\u00e1ufrago\u00bb (declarada d\u2019inter\u00e9s cultural pola Secretar\u00eda de Cultura de la Presidencia de la Naci\u00f3n Arxentina).<\/em><\/p>\n<p class=\"p2\"><em>Como narradora espubliz\u00f3: Las manos en la madre (novela, RIL Editores, 2018); Animales blancos (RIL, 2024). Finalista del XXXV Premio Ana Mar\u00eda Matute de relato (Ediciones Torremozas, Espa\u00f1a, 2024).<\/em><\/p>\n<p class=\"p2\"><em>Obtuvo residencies d\u2019escritura en Finlandia (Nuoren Voiman Liitto Foundation), Suecia (Baltic Centre for Writers and Translators) y Portugal (Cerdeira House for Creativity) y en payares del 2024 na Residencia Lliteraria Xix\u00f3n.<\/em><\/p>\n<\/div>\n<footer>\n<div class=\"td-post-source-tags\"><\/div>\n<div class=\"td-post-sharing-bottom\">\n<div class=\"td-post-sharing-classic\"><\/div>\n<\/div>\n<\/footer>\n<\/div>\n<\/div>\n<\/div>\n<\/div>\n<\/div>\n<\/div>\n<\/div>\n<\/div>\n<p>&nbsp;<\/p>\n","protected":false},"excerpt":{"rendered":"<p>Formientu\/ web \/ imaxe \/ El director de la Residencia Lliteraria Xix\u00f3n, Inaciu Gal\u00e1n, traduz un tr\u00edu de poemes de Marisa Mart\u00ednez P\u00e9rsico, residente nel mes de payares. Dempu\u00e9s del pasu de la escritora arxentina Marisa Mart\u00ednez P\u00e9rsico (Buenos Aires, 1978)\u00a0per Asturies, dientro del programa de residencies creatives de la Residencia Lliteraria Xix\u00f3n, ufrimos tr\u00e9s [&hellip;]<\/p>\n","protected":false},"author":117,"featured_media":0,"comment_status":"open","ping_status":"open","sticky":false,"template":"","format":"standard","meta":{"footnotes":""},"categories":[322,39],"tags":[],"class_list":["post-39828","post","type-post","status-publish","format-standard","hentry","category-inaciu-galan","category-poesia"],"_links":{"self":[{"href":"https:\/\/edublog.educastur.es\/ixuxu\/wp-json\/wp\/v2\/posts\/39828","targetHints":{"allow":["GET"]}}],"collection":[{"href":"https:\/\/edublog.educastur.es\/ixuxu\/wp-json\/wp\/v2\/posts"}],"about":[{"href":"https:\/\/edublog.educastur.es\/ixuxu\/wp-json\/wp\/v2\/types\/post"}],"author":[{"embeddable":true,"href":"https:\/\/edublog.educastur.es\/ixuxu\/wp-json\/wp\/v2\/users\/117"}],"replies":[{"embeddable":true,"href":"https:\/\/edublog.educastur.es\/ixuxu\/wp-json\/wp\/v2\/comments?post=39828"}],"version-history":[{"count":6,"href":"https:\/\/edublog.educastur.es\/ixuxu\/wp-json\/wp\/v2\/posts\/39828\/revisions"}],"predecessor-version":[{"id":39834,"href":"https:\/\/edublog.educastur.es\/ixuxu\/wp-json\/wp\/v2\/posts\/39828\/revisions\/39834"}],"wp:attachment":[{"href":"https:\/\/edublog.educastur.es\/ixuxu\/wp-json\/wp\/v2\/media?parent=39828"}],"wp:term":[{"taxonomy":"category","embeddable":true,"href":"https:\/\/edublog.educastur.es\/ixuxu\/wp-json\/wp\/v2\/categories?post=39828"},{"taxonomy":"post_tag","embeddable":true,"href":"https:\/\/edublog.educastur.es\/ixuxu\/wp-json\/wp\/v2\/tags?post=39828"}],"curies":[{"name":"wp","href":"https:\/\/api.w.org\/{rel}","templated":true}]}}