{"id":39843,"date":"2025-01-09T08:35:41","date_gmt":"2025-01-09T06:35:41","guid":{"rendered":"https:\/\/edublog.educastur.es\/ixuxu\/?p=39843"},"modified":"2025-01-09T23:21:23","modified_gmt":"2025-01-09T21:21:23","slug":"el-crudu-iviernu-llega-a-espana","status":"publish","type":"post","link":"https:\/\/edublog.educastur.es\/ixuxu\/2025\/01\/el-crudu-iviernu-llega-a-espana\/","title":{"rendered":"El crudu iviernu llega a Espa\u00f1a"},"content":{"rendered":"<p style=\"text-align: center\"><a href=\"https:\/\/fotografias.larazon.es\/clipping\/cmsimages02\/2025\/01\/09\/BDAE9D0A-268A-43B6-AD7E-13095F46B7E2\/crudo-invierno-llega-espana-aemet-avisa-temperaturas-muy-bajas-heladas-nevadas_97.jpg?crop=569,320,x0,y24&amp;width=1600&amp;height=900&amp;optimize=low&amp;format=webply\"><img loading=\"lazy\" decoding=\"async\" class=\"aligncenter size-large\" src=\"https:\/\/fotografias.larazon.es\/clipping\/cmsimages02\/2025\/01\/09\/BDAE9D0A-268A-43B6-AD7E-13095F46B7E2\/crudo-invierno-llega-espana-aemet-avisa-temperaturas-muy-bajas-heladas-nevadas_97.jpg?crop=569,320,x0,y24&amp;width=1600&amp;height=900&amp;optimize=low&amp;format=webply\" width=\"1600\" height=\"900\" \/><\/a><\/p>\n<p>El crudu iviernu llega a Espa\u00f1a: l&#8217;AEMET avisa de temperatures bien baxes, xelaes y nevaes. Les m\u00e1ximes nun van superar los 10 graos mientres dellos d\u00edes. A mediaos de la pr\u00f3xima selmana podr\u00eden llegar ag\u00fces a la \u00e1rea mediterr\u00e1nea.<\/p>\n<ul>\n<li>Fonte: <a href=\"https:\/\/www.larazon.es\/el-tiempo\/crudo-invierno-llega-espana-aemet-avisa-temperaturas-muy-bajas-heladas-nevadas_20250109677fc318af217500014acd53.html?fbclid=IwZXh0bgNhZW0CMTEAAR3lW9WYO6rrlrtP_z4ShjkJxU8GAx8k0_3cwhtbZqlwX9jdUixnLe8nbOs_aem_uiF0lO8nlAT9zAYnYzrdyw\">La Raz\u00f3n<\/a> \/<\/li>\n<\/ul>\n<p><!--more--><\/p>\n<p>Una masa d&#8217;aire fr\u00edo procedente d&#8217;Europa va esbarrumbar los term\u00f3metros en gran parte d&#8217;Espa\u00f1a. Les m\u00e1ximes nun van superar los 10 graos mientres dellos d\u00edes n&#8217;amplies zones del pa\u00eds, y esp\u00e9rense xelaes nocherniegues na mayor parte del territoriu.<\/p>\n<p><strong><em>\u00abA partir del domingu va llegar una masa d&#8217;aire fr\u00edo, con un descensu t\u00e9rmicu acus\u00e1u. Habr\u00e1 xelaes xeneralizaes, inclusive abargana de la mari\u00f1a\u00bb<\/em><\/strong> avanz\u00f3 l&#8217;Axencia Estatal de Meteorolox\u00eda (AEMET) na rede social X. Coles mesmes, l&#8217;organismu estatal indica qu&#8217;a mediaos de selmana podr\u00eden llegar ag\u00fces a la \u00e1rea mediterr\u00e1neo y nevaes a los montes del este.<\/p>\n<p>Na so previsi\u00f3n para ma\u00f1ana vienres, l&#8217;AEMET anuncia l&#8217;acercamientu d&#8217;un nuevu frente atl\u00e1nticu dende&#8217;l noroeste de la pen\u00ednsula va dexar cielos nublos o cubiertos na mayor parte de les aguaes atl\u00e1ntico y cant\u00e1brico seg\u00fan nel altu Ebro, algamando&#8217;l nordeste peninsular a la fin. <strong>Les precipitaciones, avanzando d&#8217;oeste a este, van afectar a Galicia, redolada cant\u00e1brica<\/strong>, alto Ebro, norte de la Ib\u00e9rica y Pirineos, ensin refugase de forma esvalixada en zones *aleda\u00f1as al sur.<\/p>\n","protected":false},"excerpt":{"rendered":"<p>El crudu iviernu llega a Espa\u00f1a: l&#8217;AEMET avisa de temperatures bien baxes, xelaes y nevaes. Les m\u00e1ximes nun van superar los 10 graos mientres dellos d\u00edes. A mediaos de la pr\u00f3xima selmana podr\u00eden llegar ag\u00fces a la \u00e1rea mediterr\u00e1nea. Fonte: La Raz\u00f3n \/<\/p>\n","protected":false},"author":117,"featured_media":0,"comment_status":"open","ping_status":"open","sticky":false,"template":"","format":"standard","meta":{"footnotes":""},"categories":[5],"tags":[],"class_list":["post-39843","post","type-post","status-publish","format-standard","hentry","category-tiempu"],"_links":{"self":[{"href":"https:\/\/edublog.educastur.es\/ixuxu\/wp-json\/wp\/v2\/posts\/39843","targetHints":{"allow":["GET"]}}],"collection":[{"href":"https:\/\/edublog.educastur.es\/ixuxu\/wp-json\/wp\/v2\/posts"}],"about":[{"href":"https:\/\/edublog.educastur.es\/ixuxu\/wp-json\/wp\/v2\/types\/post"}],"author":[{"embeddable":true,"href":"https:\/\/edublog.educastur.es\/ixuxu\/wp-json\/wp\/v2\/users\/117"}],"replies":[{"embeddable":true,"href":"https:\/\/edublog.educastur.es\/ixuxu\/wp-json\/wp\/v2\/comments?post=39843"}],"version-history":[{"count":3,"href":"https:\/\/edublog.educastur.es\/ixuxu\/wp-json\/wp\/v2\/posts\/39843\/revisions"}],"predecessor-version":[{"id":39846,"href":"https:\/\/edublog.educastur.es\/ixuxu\/wp-json\/wp\/v2\/posts\/39843\/revisions\/39846"}],"wp:attachment":[{"href":"https:\/\/edublog.educastur.es\/ixuxu\/wp-json\/wp\/v2\/media?parent=39843"}],"wp:term":[{"taxonomy":"category","embeddable":true,"href":"https:\/\/edublog.educastur.es\/ixuxu\/wp-json\/wp\/v2\/categories?post=39843"},{"taxonomy":"post_tag","embeddable":true,"href":"https:\/\/edublog.educastur.es\/ixuxu\/wp-json\/wp\/v2\/tags?post=39843"}],"curies":[{"name":"wp","href":"https:\/\/api.w.org\/{rel}","templated":true}]}}