{"id":3985,"date":"2021-02-24T00:00:59","date_gmt":"2021-02-23T22:00:59","guid":{"rendered":"https:\/\/edublog.educastur.es\/ixuxu\/?p=3985"},"modified":"2021-03-02T02:27:38","modified_gmt":"2021-03-02T00:27:38","slug":"calendariu-astronomicu-marzu-2021-averase-la-enerxia-del-equinocciu-de-primavera","status":"publish","type":"post","link":"https:\/\/edublog.educastur.es\/ixuxu\/2021\/02\/calendariu-astronomicu-marzu-2021-averase-la-enerxia-del-equinocciu-de-primavera\/","title":{"rendered":"Calendariu astron\u00f3micu marzu 2021: av\u00e9rase la enerx\u00eda del equinocciu de primavera"},"content":{"rendered":"<p style=\"text-align: center\"><a href=\"https:\/\/ecoosfera.com\/wp-content\/imagenes\/2021\/02\/calendario-astronomico-marzo-eventos-cosmicos-2021.19-02-2021.cosmos-1536x1023.jpg\"><img loading=\"lazy\" decoding=\"async\" class=\"alignnone\" src=\"https:\/\/ecoosfera.com\/wp-content\/imagenes\/2021\/02\/calendario-astronomico-marzo-eventos-cosmicos-2021.19-02-2021.cosmos-1536x1023.jpg\" alt=\"\" width=\"433\" height=\"288\" \/><\/a><\/p>\n<ul>\n<li><strong><a href=\"https:\/\/ecoosfera.com\/calendario-astronomico-marzo-2021-luna-llena-equinoccio-primavera\/\">Art\u00edculu orixinal: ECOOSFERA<\/a><\/strong><\/li>\n<\/ul>\n<p>El 6 de marzu, Mercuriu va algamar el so mayor elongaci\u00f3n escontra l&#8217;oeste que va ser de 27,3 graos del Sol. Y ye el meyor momentu para reparalo xusto antes del amanecer.<\/p>\n<p><!--more--><\/p>\n<p><span style=\"color: #008080\"><strong>20 de marzu: Equinocciu de primavera (hemisferiu norte)<\/strong><\/span><\/p>\n<p>En 2021 la primavera oficialmente va entrar a les 09:27 UTC nel hemisferiu norte, y la seronda nel hemisferiu sur. Mientres el d\u00eda, el sol va rellumar sobre l&#8217;ecuador, arriendes d&#8217;ello, vamos tener casi les mesmes hores de lluz que d&#8217;escurid\u00e1. Ye un momentu por dem\u00e1s importante p&#8217;aquellos que t\u00e1n pindios de los eventos astron\u00f3micos, y\u00e1 que marca la entrada d&#8217;una nueva estaci\u00f3n.<\/p>\n<p><strong><span style=\"color: #008080\">20 de marzu: M\u00e1xima elongaci\u00f3n occidental de Venus<\/span><\/strong><\/p>\n<p>Na mesma situaci\u00f3n que Mercuriu, Venus va entrar na so m\u00e1xima elongaci\u00f3n occidental y con esto, va algamar el mayor allargamientu escontra l&#8217;este de la Tierra a 46,6 graos del Sol. Y ye el meyor momentu para reparar en tientes a Venus, y\u00e1 que va tar nel so puntu m\u00e1s altu sobro l&#8217;horizonte nel cielu de la ma\u00f1ana.<\/p>\n<p style=\"text-align: center\"><a href=\"https:\/\/ecoosfera.com\/wp-content\/imagenes\/2021\/02\/venus.19-02-2021.cosmos-1536x1051.jpg\"><img loading=\"lazy\" decoding=\"async\" class=\"alignnone\" src=\"https:\/\/ecoosfera.com\/wp-content\/imagenes\/2021\/02\/venus.19-02-2021.cosmos-1536x1051.jpg\" alt=\"\" width=\"1536\" height=\"1051\" \/><\/a><\/p>\n<p><span style=\"color: #008080\"><strong>28 de marzu: Lluna llena de gusanos<\/strong><\/span><\/p>\n<p>Al igual que tolos meses, marzu va tener el so plenilluniu y va ver la so lluna enllena&#8217;l d\u00eda 28, va asoceder esactamente a les 18:49 UTC, que&#8217;l Sol escondese pol oeste, ente que pel este la lluna de viermes va remanecer.<\/p>\n<p><strong>Recibe ese nome gracies a les tribus natives americanes que taben en total conex\u00f3n cola naturaleza.<\/strong> Gracies a esto sab\u00eden que dempu\u00e9s de que la nieve venciera \u00e9nte la primavera, la tierra empezar\u00eda a allandiase y los merucos remanecer\u00eden. Yera xuna se\u00f1al de que&#8217;l tiempu de llantadera hab\u00eda lleg\u00e1u.<\/p>\n<p style=\"text-align: center\">\n","protected":false},"excerpt":{"rendered":"<p>Art\u00edculu orixinal: ECOOSFERA El 6 de marzu, Mercuriu va algamar el so mayor elongaci\u00f3n escontra l&#8217;oeste que va ser de 27,3 graos del Sol. Y ye el meyor momentu para reparalo xusto antes del amanecer.<\/p>\n","protected":false},"author":117,"featured_media":0,"comment_status":"open","ping_status":"open","sticky":false,"template":"","format":"standard","meta":{"footnotes":""},"categories":[4],"tags":[],"class_list":["post-3985","post","type-post","status-publish","format-standard","hentry","category-natura"],"_links":{"self":[{"href":"https:\/\/edublog.educastur.es\/ixuxu\/wp-json\/wp\/v2\/posts\/3985","targetHints":{"allow":["GET"]}}],"collection":[{"href":"https:\/\/edublog.educastur.es\/ixuxu\/wp-json\/wp\/v2\/posts"}],"about":[{"href":"https:\/\/edublog.educastur.es\/ixuxu\/wp-json\/wp\/v2\/types\/post"}],"author":[{"embeddable":true,"href":"https:\/\/edublog.educastur.es\/ixuxu\/wp-json\/wp\/v2\/users\/117"}],"replies":[{"embeddable":true,"href":"https:\/\/edublog.educastur.es\/ixuxu\/wp-json\/wp\/v2\/comments?post=3985"}],"version-history":[{"count":2,"href":"https:\/\/edublog.educastur.es\/ixuxu\/wp-json\/wp\/v2\/posts\/3985\/revisions"}],"predecessor-version":[{"id":3987,"href":"https:\/\/edublog.educastur.es\/ixuxu\/wp-json\/wp\/v2\/posts\/3985\/revisions\/3987"}],"wp:attachment":[{"href":"https:\/\/edublog.educastur.es\/ixuxu\/wp-json\/wp\/v2\/media?parent=3985"}],"wp:term":[{"taxonomy":"category","embeddable":true,"href":"https:\/\/edublog.educastur.es\/ixuxu\/wp-json\/wp\/v2\/categories?post=3985"},{"taxonomy":"post_tag","embeddable":true,"href":"https:\/\/edublog.educastur.es\/ixuxu\/wp-json\/wp\/v2\/tags?post=3985"}],"curies":[{"name":"wp","href":"https:\/\/api.w.org\/{rel}","templated":true}]}}