{"id":39858,"date":"2025-01-11T21:50:01","date_gmt":"2025-01-11T19:50:01","guid":{"rendered":"https:\/\/edublog.educastur.es\/ixuxu\/?p=39858"},"modified":"2025-01-12T11:44:57","modified_gmt":"2025-01-12T09:44:57","slug":"espeyu","status":"publish","type":"post","link":"https:\/\/edublog.educastur.es\/ixuxu\/2025\/01\/espeyu\/","title":{"rendered":"\u00abEspeyu\u00bb"},"content":{"rendered":"<p style=\"text-align: center\">\n<!-- iframe plugin v.6.0 wordpress.org\/plugins\/iframe\/ -->\n<iframe loading=\"lazy\" src=\"https:\/\/www.instagram.com\/reel\/DEne98uu966\/embed\" width=\"460\" height=\"640\" 0=\"\/iframe\" scrolling=\"yes\" class=\"iframe-class\" frameborder=\"0\"><\/iframe>\n<\/p>\n<header class=\"_aaqw\">\n<div class=\"_aaqy _aaqz\">\n<div class=\"_aar0 _aar1\">\n<div class=\"x78zum5\">\n<div class=\"_aaqt\">\n<div class=\"x9f619 xjbqb8w x78zum5 x168nmei x13lgxp2 x5pf9jr xo71vjh x1n2onr6 x1plvlek xryxfnj x1c4vz4f x2lah0s x1q0g3np xqjyukv x6s0dn4 x1oa3qoh x1nhvcw1\">\n<ul>\n<li><a class=\"x1i10hfl xjbqb8w x1ejq31n xd10rxx x1sy0etr x17r0tee x972fbf xcfux6l x1qhh985 xm0m39n x9f619 x1ypdohk xt0psk2 xe8uvvx xdj266r x11i5rnm xat24cr x1mh8g0r xexx8yu x4uap5 x18d9i69 xkhd6sd x16tdsg8 x1hl2dhg xggy1nq x1a2a7pz _acan _acao _acat _acaw _aj1- _ap30 _a6hd\" role=\"link\" href=\"https:\/\/www.instagram.com\/asturian.words\/\">asturian.words<\/a><\/li>\n<\/ul>\n<\/div>\n<\/div>\n<\/div>\n<\/div>\n<\/div>\n<\/header>\n<ul>\n<li class=\"_ap3a _aaco _aacu _aacx _aad7 _aade\" dir=\"auto\">?\ufe0f Palabra Asturiana: \u201cEspeyu\u201d\/\u00a0 Castellano: \u201cEspejo\u201d \/ English: \u201cMirror\u201d<\/li>\n<li class=\"_ap3a _aaco _aacu _aacx _aad7 _aade\" dir=\"auto\">?<span style=\"color: #008080\"><strong><em> \u201cEspeyu\u201d ye un oxetu con una superficie pernidia que reflexa les im\u00e1xenes de manera clara. Tami\u00e9n se utiliza na espresi\u00f3n como un espeyu pa describir algo mui llimpiu o brillosu.<\/em><\/strong><\/span><\/li>\n<li class=\"_ap3a _aaco _aacu _aacx _aad7 _aade\" dir=\"auto\">? \u2022 \u201cEl suelu ta como un espeyu dempu\u00e9s de fregalu.\u201d<br \/>\n\u2022 \u201cMira qu\u00e9 espeyu m\u00e1s guapu pa la entrada.\u201d<br \/>\n\u2022 \u201cNecesito un espeyu pa pe\u00f1ame.\u201d<\/li>\n<\/ul>\n","protected":false},"excerpt":{"rendered":"<p>asturian.words ?\ufe0f Palabra Asturiana: \u201cEspeyu\u201d\/\u00a0 Castellano: \u201cEspejo\u201d \/ English: \u201cMirror\u201d ? \u201cEspeyu\u201d ye un oxetu con una superficie pernidia que reflexa les im\u00e1xenes de manera clara. Tami\u00e9n se utiliza na espresi\u00f3n como un espeyu pa describir algo mui llimpiu o brillosu. ? \u2022 \u201cEl suelu ta como un espeyu dempu\u00e9s de fregalu.\u201d \u2022 \u201cMira qu\u00e9 [&hellip;]<\/p>\n","protected":false},"author":117,"featured_media":0,"comment_status":"open","ping_status":"open","sticky":false,"template":"","format":"standard","meta":{"footnotes":""},"categories":[356],"tags":[],"class_list":["post-39858","post","type-post","status-publish","format-standard","hentry","category-asturian-words"],"_links":{"self":[{"href":"https:\/\/edublog.educastur.es\/ixuxu\/wp-json\/wp\/v2\/posts\/39858","targetHints":{"allow":["GET"]}}],"collection":[{"href":"https:\/\/edublog.educastur.es\/ixuxu\/wp-json\/wp\/v2\/posts"}],"about":[{"href":"https:\/\/edublog.educastur.es\/ixuxu\/wp-json\/wp\/v2\/types\/post"}],"author":[{"embeddable":true,"href":"https:\/\/edublog.educastur.es\/ixuxu\/wp-json\/wp\/v2\/users\/117"}],"replies":[{"embeddable":true,"href":"https:\/\/edublog.educastur.es\/ixuxu\/wp-json\/wp\/v2\/comments?post=39858"}],"version-history":[{"count":2,"href":"https:\/\/edublog.educastur.es\/ixuxu\/wp-json\/wp\/v2\/posts\/39858\/revisions"}],"predecessor-version":[{"id":39906,"href":"https:\/\/edublog.educastur.es\/ixuxu\/wp-json\/wp\/v2\/posts\/39858\/revisions\/39906"}],"wp:attachment":[{"href":"https:\/\/edublog.educastur.es\/ixuxu\/wp-json\/wp\/v2\/media?parent=39858"}],"wp:term":[{"taxonomy":"category","embeddable":true,"href":"https:\/\/edublog.educastur.es\/ixuxu\/wp-json\/wp\/v2\/categories?post=39858"},{"taxonomy":"post_tag","embeddable":true,"href":"https:\/\/edublog.educastur.es\/ixuxu\/wp-json\/wp\/v2\/tags?post=39858"}],"curies":[{"name":"wp","href":"https:\/\/api.w.org\/{rel}","templated":true}]}}