{"id":39869,"date":"2025-01-11T08:30:44","date_gmt":"2025-01-11T06:30:44","guid":{"rendered":"https:\/\/edublog.educastur.es\/ixuxu\/?p=39869"},"modified":"2025-01-11T22:30:49","modified_gmt":"2025-01-11T20:30:49","slug":"estau-del-tiempu-sabadu-11-de-xineru-2025","status":"publish","type":"post","link":"https:\/\/edublog.educastur.es\/ixuxu\/2025\/01\/estau-del-tiempu-sabadu-11-de-xineru-2025\/","title":{"rendered":"Est\u00e1u del tiempu: s\u00e1badu 11 de xineru 2025"},"content":{"rendered":"<div class=\"html-div xdj266r xat24cr x1mh8g0r xexx8yu x4uap5 x18d9i69 xkhd6sd x78zum5 x2lah0s xqtp20y x1emribx\" style=\"text-align: center\"><a href=\"https:\/\/www.facebook.com\/eltiempuenasturies?__cft__[0]=AZU1-x1uG5VOQeXBEaws3OzXWvj4axTezumXXiHcydhnWxv2-EG-11LlSj8bKBvzl69M8XSSEJNck6tgI8k9vTW4Y3iGMVaaSxoVH-om0bzyeesoxcP-HgnsSAh3sKlbXkQNipRKl7L-pkm-oUkF44ygnOro9UYfC_YmE0N7U2-b0h3vC9SsjlTy1uXoAQBenP4&amp;__tn__=-UC%2CP-R\"><img loading=\"lazy\" decoding=\"async\" class=\"aligncenter wp-image-36071\" src=\"http:\/\/edublog.educastur.es\/ixuxu\/files\/2024\/11\/467747825_894074599540617_1227988172354431857_n.jpg\" alt=\"\" width=\"263\" height=\"182\" srcset=\"https:\/\/edublog.educastur.es\/ixuxu\/files\/2024\/11\/467747825_894074599540617_1227988172354431857_n.jpg 450w, https:\/\/edublog.educastur.es\/ixuxu\/files\/2024\/11\/467747825_894074599540617_1227988172354431857_n-300x208.jpg 300w, https:\/\/edublog.educastur.es\/ixuxu\/files\/2024\/11\/467747825_894074599540617_1227988172354431857_n-433x300.jpg 433w\" sizes=\"auto, (max-width: 263px) 100vw, 263px\" \/><\/a><\/div>\n<div class=\"html-div xdj266r x11i5rnm xat24cr x1mh8g0r xexx8yu x4uap5 x18d9i69 xkhd6sd x1iyjqo2\">\n<div class=\"x78zum5 xdt5ytf xz62fqu x16ldp7u\">\n<div class=\"xu06os2 x1ok221b\">\n<div class=\"html-div xdj266r x11i5rnm xat24cr x1mh8g0r xexx8yu x4uap5 x18d9i69 xkhd6sd\" data-ad-rendering-role=\"profile_name\">\n<ul>\n<li id=\":r1ic:\" class=\"html-h2 x11i5rnm xat24cr x1mh8g0r xexx8yu x4uap5 x18d9i69 xkhd6sd x1vvkbs x1heor9g x1qlqyl8 x1pd3egz x1a2a7pz x1gslohp x1yc453h\"><span class=\"xt0psk2\"><span class=\"xjp7ctv\"><a class=\"x1i10hfl xjbqb8w x1ejq31n xd10rxx x1sy0etr x17r0tee x972fbf xcfux6l x1qhh985 xm0m39n x9f619 x1ypdohk xt0psk2 xe8uvvx xdj266r x11i5rnm xat24cr x1mh8g0r xexx8yu x4uap5 x18d9i69 xkhd6sd x16tdsg8 x1hl2dhg xggy1nq x1a2a7pz x1sur9pj xkrqix3 xzsf02u x1s688f\" role=\"link\" href=\"https:\/\/www.facebook.com\/eltiempuenasturies?__cft__[0]=AZU1-x1uG5VOQeXBEaws3OzXWvj4axTezumXXiHcydhnWxv2-EG-11LlSj8bKBvzl69M8XSSEJNck6tgI8k9vTW4Y3iGMVaaSxoVH-om0bzyeesoxcP-HgnsSAh3sKlbXkQNipRKl7L-pkm-oUkF44ygnOro9UYfC_YmE0N7U2-b0h3vC9SsjlTy1uXoAQBenP4&amp;__tn__=-UC%2CP-R\" aria-describedby=\":r1ik:\"><strong class=\"html-strong xdj266r x11i5rnm xat24cr x1mh8g0r xexx8yu x4uap5 x18d9i69 xkhd6sd x1hl2dhg x16tdsg8 x1vvkbs x1s688f\"><span class=\"html-span xdj266r x11i5rnm xat24cr x1mh8g0r xexx8yu x4uap5 x18d9i69 xkhd6sd x1hl2dhg x16tdsg8 x1vvkbs\">El Tiempu n&#8217;Asturies.<\/span><\/strong><\/a><\/span><\/span><\/li>\n<\/ul>\n<\/div>\n<\/div>\n<div class=\"xu06os2 x1ok221b\"><\/div>\n<\/div>\n<\/div>\n<div class=\"html-div xdj266r x11i5rnm xat24cr x1mh8g0r xexx8yu x4uap5 x18d9i69 xkhd6sd\" dir=\"auto\">\n<div class=\"html-div xdj266r x11i5rnm xat24cr x1mh8g0r xexx8yu x4uap5 x18d9i69 xkhd6sd\" data-ad-rendering-role=\"story_message\">\n<div id=\":r1ie:\" class=\"x1l90r2v x1iorvi4 x1ye3gou xn6708d\" data-ad-comet-preview=\"message\" data-ad-preview=\"message\">\n<div class=\"x78zum5 xdt5ytf xz62fqu x16ldp7u\">\n<div class=\"xu06os2 x1ok221b\">\n<div class=\"x11i5rnm xat24cr x1mh8g0r x1vvkbs xtlvy1s x126k92a\">\n<div dir=\"auto\" style=\"text-align: center\"><em><span style=\"font-size: 24px;color: #008080\"><strong>\u00abEntamen a baxar les temperatures<br \/>\ny remiten les precipitaciones\u00bb<\/strong><\/span><\/em><\/div>\n<\/div>\n<div class=\"x11i5rnm xat24cr x1mh8g0r x1vvkbs xtlvy1s x126k92a\">\n<ul>\n<li dir=\"auto\"><strong><span style=\"color: #008080\">Alborecemos<\/span><\/strong> con intervalos nubosos entemecios ente dellos claros o abancios, dempu\u00e9s d&#8217;una nueche pasada per agua con unes temperatures que tan alrodiu de los 13\u00baC, rexistr\u00e1ndose nel puirtu Payares 6,7\u00baC.<\/li>\n<\/ul>\n<\/div>\n<div class=\"x11i5rnm xat24cr x1mh8g0r x1vvkbs xtlvy1s x126k92a\">\n<ul>\n<li dir=\"auto\"><strong><span style=\"color: #008080\">G\u00fcei<\/span><\/strong> remitir\u00e1n les precipitaciones ya tendremos intervalos nubosos entemecios ente dalg\u00fan claru o abanciu cola posibilid\u00e1 de que surdan nublines ya borrinos al escurecer no fonderu los valles. Les temperatures m\u00e1simes en descensu y l&#8217;aire sedr\u00e1 sele ya variable con predominiu de la componente norte.<\/li>\n<\/ul>\n<p><!--more--><\/p>\n<\/div>\n<div class=\"x11i5rnm xat24cr x1mh8g0r x1vvkbs xtlvy1s x126k92a\">\n<ul>\n<li dir=\"auto\"><strong><span style=\"color: #008080\">Ma\u00f1ana domingu<\/span><\/strong> lo m\u00e1s destac\u00e1u va ser el vientu nord\u00e9s que pue ser cafiante na costa am\u00e1s de baxar la sensaci\u00f3n t\u00e9rmica con un descensu de les temperatures. Nel cielu predominar\u00e1n los grandes claros o abancios quedando escampl\u00e1u en munches zones, sicas\u00ed alboreceremos con nublines y borrinos no fonderu los valles.<\/li>\n<\/ul>\n<\/div>\n<div class=\"x11i5rnm xat24cr x1mh8g0r x1vvkbs xtlvy1s x126k92a\">\n<ul>\n<li dir=\"auto\"><strong><span style=\"color: #008080\">La selmana viniente<\/span> <\/strong>van ser mui destacaes les xelaes nuecherniegues por iversi\u00f3n t\u00e9rmica, pudiendo algamase los -4\u00baC o -5\u00baC nes zones m\u00e1s favoretibles y llegando a xelar en zones urbanes con isla de calor, sobre too los alboreceres del martes y mi\u00e9rcoles. Tendremos el cielu escampl\u00e1u y temperatures contenies al mediud\u00eda, sicas\u00ed ell\u00ed onde temos abellugaos y calecios pola llume del sol templar\u00e1 l&#8217;ambiente a primera hora de la tarde.<\/li>\n<\/ul>\n<\/div>\n<div class=\"x11i5rnm xat24cr x1mh8g0r x1vvkbs xtlvy1s x126k92a\"><\/div>\n<div class=\"x11i5rnm xat24cr x1mh8g0r x1vvkbs xtlvy1s x126k92a\">\n<div dir=\"auto\"><\/div>\n<\/div>\n<\/div>\n<\/div>\n<\/div>\n<\/div>\n<\/div>\n<p>&nbsp;<\/p>\n","protected":false},"excerpt":{"rendered":"<p>El Tiempu n&#8217;Asturies. \u00abEntamen a baxar les temperatures y remiten les precipitaciones\u00bb Alborecemos con intervalos nubosos entemecios ente dellos claros o abancios, dempu\u00e9s d&#8217;una nueche pasada per agua con unes temperatures que tan alrodiu de los 13\u00baC, rexistr\u00e1ndose nel puirtu Payares 6,7\u00baC. G\u00fcei remitir\u00e1n les precipitaciones ya tendremos intervalos nubosos entemecios ente dalg\u00fan claru o [&hellip;]<\/p>\n","protected":false},"author":117,"featured_media":0,"comment_status":"open","ping_status":"open","sticky":false,"template":"","format":"standard","meta":{"footnotes":""},"categories":[5],"tags":[],"class_list":["post-39869","post","type-post","status-publish","format-standard","hentry","category-tiempu"],"_links":{"self":[{"href":"https:\/\/edublog.educastur.es\/ixuxu\/wp-json\/wp\/v2\/posts\/39869","targetHints":{"allow":["GET"]}}],"collection":[{"href":"https:\/\/edublog.educastur.es\/ixuxu\/wp-json\/wp\/v2\/posts"}],"about":[{"href":"https:\/\/edublog.educastur.es\/ixuxu\/wp-json\/wp\/v2\/types\/post"}],"author":[{"embeddable":true,"href":"https:\/\/edublog.educastur.es\/ixuxu\/wp-json\/wp\/v2\/users\/117"}],"replies":[{"embeddable":true,"href":"https:\/\/edublog.educastur.es\/ixuxu\/wp-json\/wp\/v2\/comments?post=39869"}],"version-history":[{"count":2,"href":"https:\/\/edublog.educastur.es\/ixuxu\/wp-json\/wp\/v2\/posts\/39869\/revisions"}],"predecessor-version":[{"id":39885,"href":"https:\/\/edublog.educastur.es\/ixuxu\/wp-json\/wp\/v2\/posts\/39869\/revisions\/39885"}],"wp:attachment":[{"href":"https:\/\/edublog.educastur.es\/ixuxu\/wp-json\/wp\/v2\/media?parent=39869"}],"wp:term":[{"taxonomy":"category","embeddable":true,"href":"https:\/\/edublog.educastur.es\/ixuxu\/wp-json\/wp\/v2\/categories?post=39869"},{"taxonomy":"post_tag","embeddable":true,"href":"https:\/\/edublog.educastur.es\/ixuxu\/wp-json\/wp\/v2\/tags?post=39869"}],"curies":[{"name":"wp","href":"https:\/\/api.w.org\/{rel}","templated":true}]}}