{"id":39873,"date":"2025-01-11T14:07:38","date_gmt":"2025-01-11T12:07:38","guid":{"rendered":"https:\/\/edublog.educastur.es\/ixuxu\/?p=39873"},"modified":"2025-01-18T11:59:13","modified_gmt":"2025-01-18T09:59:13","slug":"39873","status":"publish","type":"post","link":"https:\/\/edublog.educastur.es\/ixuxu\/2025\/01\/39873\/","title":{"rendered":"Congresu Mundial de Cultura Asturiana"},"content":{"rendered":"<div class=\"x78zum5 xdt5ytf xz62fqu x16ldp7u\">\n<div class=\"xu06os2 x1ok221b\">\n<div class=\"html-div xdj266r x11i5rnm xat24cr x1mh8g0r xexx8yu x4uap5 x18d9i69 xkhd6sd\" data-ad-rendering-role=\"profile_name\">\n<ul>\n<li class=\"html-h3 x11i5rnm xat24cr x1mh8g0r xexx8yu x4uap5 x18d9i69 xkhd6sd x1vvkbs x1heor9g x1qlqyl8 x1pd3egz x1a2a7pz x1gslohp x1yc453h\"><span class=\"x1lliihq x6ikm8r x10wlt62 x1n2onr6\"><span class=\"xt0psk2\"><span class=\"xjp7ctv\"><a class=\"x1i10hfl xjbqb8w x1ejq31n xd10rxx x1sy0etr x17r0tee x972fbf xcfux6l x1qhh985 xm0m39n x9f619 x1ypdohk xt0psk2 xe8uvvx xdj266r x11i5rnm xat24cr x1mh8g0r xexx8yu x4uap5 x18d9i69 xkhd6sd x16tdsg8 x1hl2dhg xggy1nq x1a2a7pz x1sur9pj xkrqix3 xzsf02u x1s688f\" role=\"link\" href=\"https:\/\/www.facebook.com\/AcademiadelaLlinguaAsturiana?__cft__[0]=AZV5OhhBNEk5XzAWS_JJCr8YDMJGa1-rIw6gFcgiEgkih4NpaGwymaw5ohFewTGZfwG88j3NagHdPnCuT8iO7du6qDMDVLcfvlIZf1SWsxc8sRcKcLczzlwTjGxVV1lFFn3DpWqheGiH6DVjhRNEDnPVWcb_LJ0w-3V9tMQv5Use-Gtj-OBKDTbhOwNPJQXfuPkaYrdoKmkmYh3R0uTbNx3cSOCTWfB7Pnp8yy1krhP8Ew&amp;__tn__=-UC%2CP-y-R\" aria-describedby=\":r1cm:\"><strong class=\"html-strong xdj266r x11i5rnm xat24cr x1mh8g0r xexx8yu x4uap5 x18d9i69 xkhd6sd x1hl2dhg x16tdsg8 x1vvkbs x1s688f\"><span class=\"html-span xdj266r x11i5rnm xat24cr x1mh8g0r xexx8yu x4uap5 x18d9i69 xkhd6sd x1hl2dhg x16tdsg8 x1vvkbs\">Academia de la Llingua Asturiana<\/span><\/strong><\/a><\/span><\/span><\/span>\/<a href=\"https:\/\/scontent-mad1-1.xx.fbcdn.net\/v\/t39.30808-6\/472504726_1016463777182101_6681431010002350551_n.jpg?_nc_cat=106&amp;ccb=1-7&amp;_nc_sid=127cfc&amp;_nc_ohc=pyrSHoRwnaUQ7kNvgHMbZjj&amp;_nc_oc=AdhqGlUtnNvE-lJ6ilpgaBqhr117YuRRsvkscF3aUhMUqHRqOsuqe4tT7MOCk8tW7eA&amp;_nc_zt=23&amp;_nc_ht=scontent-mad1-1.xx&amp;_nc_gid=AHcO4UihvARE5bUWb8KLId4&amp;oh=00_AYBrl3L9KMt_WAlix2lsX_yPZkhnBybR0GlJWc6chXbjFA&amp;oe=6788982B\"> cartelu<\/a><\/li>\n<li>Noticies: <a href=\"https:\/\/www.lne.es\/asturias\/2025\/01\/14\/nace-congresu-mundial-cultura-asturiana-113366388.html?fbclid=IwZXh0bgNhZW0CMTEAAR3VASMnVJ08txGCaP9wlLWN5MjW4ehyIBlBaCw24A8QLCOykBiGDSNWIUI_aem_uuyTYhoeZRS9TICciX5WEA\">LNE<\/a> \/<a href=\"https:\/\/astures.es\/cmca25-congresu-mundial-de-la-cultura-asturiana-4-al-7-de-febrero-2025\/?fbclid=IwY2xjawH4WcNleHRuA2FlbQIxMAABHbo1cr5anDxLackaVN6aDDl75RXunMi4jgd6r4hLpdPrqZ88-3LewTYk9w_aem_Mh3z6PCiFjxLobN1UFQgLA\"><strong> Astures.es<\/strong><\/a> \/<\/li>\n<\/ul>\n<p style=\"text-align: center\"><a href=\"https:\/\/astures.es\/wp-content\/uploads\/2025\/01\/cmca-768x448.jpg\"><img loading=\"lazy\" decoding=\"async\" class=\"aligncenter size-large\" src=\"https:\/\/astures.es\/wp-content\/uploads\/2025\/01\/cmca-768x448.jpg\" width=\"768\" height=\"448\" \/><\/a><\/p>\n<\/div>\n<\/div>\n<div class=\"xu06os2 x1ok221b\">\n<div><\/div>\n<\/div>\n<\/div>\n<div class=\"html-div xdj266r x11i5rnm xat24cr x1mh8g0r xexx8yu x4uap5 x18d9i69 xkhd6sd\" dir=\"auto\">\n<div class=\"html-div xdj266r x11i5rnm xat24cr x1mh8g0r xexx8yu x4uap5 x18d9i69 xkhd6sd\" dir=\"auto\">\n<div class=\"html-div xdj266r x11i5rnm xat24cr x1mh8g0r xexx8yu x4uap5 x18d9i69 xkhd6sd\" data-ad-rendering-role=\"story_message\">\n<div class=\"x1l90r2v x1iorvi4 x1ye3gou xn6708d\" data-ad-comet-preview=\"message\" data-ad-preview=\"message\">\n<div class=\"x78zum5 xdt5ytf xz62fqu x16ldp7u\">\n<div class=\"xu06os2 x1ok221b\">\n<div class=\"xdj266r x11i5rnm xat24cr x1mh8g0r x1vvkbs x126k92a\">\n<div dir=\"auto\">Naz el Congresu Mundial de Cultura Asturiana, con focu internacional na antropolox\u00eda. Esti martes, d\u00eda 14, a les 12 hores, l&#8217;Academia de la Llingua Asturiana va presentar el programa completu del <a href=\"https:\/\/scontent-mad1-1.xx.fbcdn.net\/v\/t39.30808-6\/472504726_1016463777182101_6681431010002350551_n.jpg?_nc_cat=106&amp;ccb=1-7&amp;_nc_sid=127cfc&amp;_nc_ohc=pyrSHoRwnaUQ7kNvgHMbZjj&amp;_nc_oc=AdhqGlUtnNvE-lJ6ilpgaBqhr117YuRRsvkscF3aUhMUqHRqOsuqe4tT7MOCk8tW7eA&amp;_nc_zt=23&amp;_nc_ht=scontent-mad1-1.xx&amp;_nc_gid=AHcO4UihvARE5bUWb8KLId4&amp;oh=00_AYBrl3L9KMt_WAlix2lsX_yPZkhnBybR0GlJWc6chXbjFA&amp;oe=6788982B\"><strong>Congresu Mundial de Cultura Asturiana<\/strong><\/a> , <strong>que se va celebrar del 4 al 7 de febreru de 2025.<\/strong>, nuna rueda de prensa que va tener llugar nel llar de la instituci\u00f3n. <span class=\"html-span xdj266r x11i5rnm xat24cr x1mh8g0r xexx8yu x4uap5 x18d9i69 xkhd6sd x1hl2dhg x16tdsg8 x1vvkbs\"><a class=\"x1i10hfl xjbqb8w x1ejq31n xd10rxx x1sy0etr x17r0tee x972fbf xcfux6l x1qhh985 xm0m39n x9f619 x1ypdohk xt0psk2 xe8uvvx xdj266r x11i5rnm xat24cr x1mh8g0r xexx8yu x4uap5 x18d9i69 xkhd6sd x16tdsg8 x1hl2dhg xggy1nq x1a2a7pz x1sur9pj xkrqix3 x1fey0fg x1s688f\" role=\"link\" href=\"https:\/\/www.facebook.com\/hashtag\/cmca25?__eep__=6&amp;__cft__[0]=AZV5OhhBNEk5XzAWS_JJCr8YDMJGa1-rIw6gFcgiEgkih4NpaGwymaw5ohFewTGZfwG88j3NagHdPnCuT8iO7du6qDMDVLcfvlIZf1SWsxc8sRcKcLczzlwTjGxVV1lFFn3DpWqheGiH6DVjhRNEDnPVWcb_LJ0w-3V9tMQv5Use-Gtj-OBKDTbhOwNPJQXfuPkaYrdoKmkmYh3R0uTbNx3cSOCTWfB7Pnp8yy1krhP8Ew&amp;__tn__=*NK-y-R\">#CMCA25<\/a><\/span><\/div>\n<\/div>\n<div class=\"x11i5rnm xat24cr x1mh8g0r x1vvkbs xtlvy1s x126k92a\">\n<ul>\n<li dir=\"auto\"><span class=\"html-span xdj266r x11i5rnm xat24cr x1mh8g0r xexx8yu x4uap5 x18d9i69 xkhd6sd x1hl2dhg x16tdsg8 x1vvkbs\"><a class=\"x1i10hfl xjbqb8w x1ejq31n xd10rxx x1sy0etr x17r0tee x972fbf xcfux6l x1qhh985 xm0m39n x9f619 x1ypdohk xt0psk2 xe8uvvx xdj266r x11i5rnm xat24cr x1mh8g0r xexx8yu x4uap5 x18d9i69 xkhd6sd x16tdsg8 x1hl2dhg xggy1nq x1a2a7pz x1sur9pj xkrqix3 x1fey0fg x1s688f\" role=\"link\" href=\"http:\/\/www.cmca25.alladixital.org\/?fbclid=IwZXh0bgNhZW0CMTAAAR1dEXWdmLE0oxPU7UAF5YiXl5DF2wI6EWYGSx2OjsPmqoP3zD8HZ_-wqBU_aem_vvITkoN5wWpLEZftINgu2w\" target=\"_blank\" rel=\"nofollow noopener noreferrer\">www.cmca25.alladixital.org<\/a><\/span><\/li>\n<\/ul>\n<div dir=\"auto\">\n<div class=\"brz-row__container brz-css-di1b0\" data-brz-custom-id=\"wuEbe_oELwq8\">\n<div class=\"brz-row brz-css-hUqz_\">\n<div class=\"brz-columns brz-css-yyfU0 brz-css-vGjfb\" data-brz-custom-id=\"hiLfQC_yHE6k\">\n<div class=\"brz-column__items brz-css-vfP9w\">\n<div id=\"\" class=\"brz-css-lCcSO brz-wrapper\">\n<div class=\"brz-rich-text brz-rich-text__custom brz-css-hu2fJ\" data-brz-custom-id=\"tydRdhuw3vm2\">\n<div data-brz-translate-text=\"1\">\n<ul>\n<li class=\"brz-fsft-lg-0 brz-fwdth-lg-100 brz-vfw-lg-400 brz-lh-lg-1_3 brz-ls-lg-0 brz-fw-lg-400 brz-fss-lg-px brz-fs-lg-23 brz-ft-google brz-ff-playfair_display brz-tp-lg-empty brz-text-lg-center ql-align-right brz-css-p7eQ8\" data-generated-css=\"brz-css-iOfxW\" data-uniq-id=\"elMcH\"><strong class=\"brz-cp-color3\">Edificiu Hist\u00f3ricu de la Universid\u00e1 d\u2019Uvi\u00e9u \/\u00a0<\/strong><span class=\"brz-cp-color2\">4-7 de febreru del 2025<\/span>\n<div id=\"ez-toc-container\" class=\"ez-toc-v2_0_71 counter-flat ez-toc-counter ez-toc-custom ez-toc-container-direction\">\n<nav>\n<ul class=\"ez-toc-list ez-toc-list-level-1 \">\n<li class=\"ez-toc-page-1\"><a class=\"ez-toc-link ez-toc-heading-1\" title=\"PROGRAMA\" href=\"https:\/\/astures.es\/cmca25-congresu-mundial-de-la-cultura-asturiana-4-al-7-de-febrero-2025\/?fbclid=IwY2xjawH4WcNleHRuA2FlbQIxMAABHbo1cr5anDxLackaVN6aDDl75RXunMi4jgd6r4hLpdPrqZ88-3LewTYk9w_aem_Mh3z6PCiFjxLobN1UFQgLA#PROGRAMA\">PROGRAMA<\/a><\/li>\n<li class=\"ez-toc-page-1\"><a class=\"ez-toc-link ez-toc-heading-2\" title=\"Martes 4 de febrero\" href=\"https:\/\/astures.es\/cmca25-congresu-mundial-de-la-cultura-asturiana-4-al-7-de-febrero-2025\/?fbclid=IwY2xjawH4WcNleHRuA2FlbQIxMAABHbo1cr5anDxLackaVN6aDDl75RXunMi4jgd6r4hLpdPrqZ88-3LewTYk9w_aem_Mh3z6PCiFjxLobN1UFQgLA#Martes_4_de_febrero\">Martes 4 de febrero<\/a><\/li>\n<li class=\"ez-toc-page-1\"><a class=\"ez-toc-link ez-toc-heading-3\" title=\"Mi\u00e9rcoles 5 de febrero\" href=\"https:\/\/astures.es\/cmca25-congresu-mundial-de-la-cultura-asturiana-4-al-7-de-febrero-2025\/?fbclid=IwY2xjawH4WcNleHRuA2FlbQIxMAABHbo1cr5anDxLackaVN6aDDl75RXunMi4jgd6r4hLpdPrqZ88-3LewTYk9w_aem_Mh3z6PCiFjxLobN1UFQgLA#Miercoles_5_de_febrero\">Mi\u00e9rcoles 5 de febrero<\/a><\/li>\n<li class=\"ez-toc-page-1\"><a class=\"ez-toc-link ez-toc-heading-4\" title=\"Jueves 6 de febrero\" href=\"https:\/\/astures.es\/cmca25-congresu-mundial-de-la-cultura-asturiana-4-al-7-de-febrero-2025\/?fbclid=IwY2xjawH4WcNleHRuA2FlbQIxMAABHbo1cr5anDxLackaVN6aDDl75RXunMi4jgd6r4hLpdPrqZ88-3LewTYk9w_aem_Mh3z6PCiFjxLobN1UFQgLA#Jueves_6_de_febrero\">Jueves 6 de febrero<\/a><\/li>\n<li class=\"ez-toc-page-1\"><a class=\"ez-toc-link ez-toc-heading-5\" title=\"Viernes 8 de febrero\" href=\"https:\/\/astures.es\/cmca25-congresu-mundial-de-la-cultura-asturiana-4-al-7-de-febrero-2025\/?fbclid=IwY2xjawH4WcNleHRuA2FlbQIxMAABHbo1cr5anDxLackaVN6aDDl75RXunMi4jgd6r4hLpdPrqZ88-3LewTYk9w_aem_Mh3z6PCiFjxLobN1UFQgLA#Viernes_8_de_febrero\">Viernes 8 de febrero<\/a><\/li>\n<\/ul>\n<\/nav>\n<\/div>\n<\/li>\n<\/ul>\n<p><!--more--><\/p>\n<p class=\"brz-lh-lg-1_4 brz-ls-lg-0 brz-fw-lg-400 brz-fss-lg-px brz-fs-lg-16 brz-ft-google brz-ff-overpass brz-tp-lg-empty brz-fsft-lg-0 brz-fwdth-lg-100 brz-vfw-lg-400 brz-text-lg-center ql-align-right brz-css-ytF0P\" data-generated-css=\"brz-css-pGfKd\" data-uniq-id=\"vqpRu\"><span class=\"brz-cp-color7\">Cuntando cola collaboraci\u00f3n de la Universid\u00e1 d\u2019Uvi\u00e9u y del Gobiernu del Princip\u00e1u d\u2019Asturies, l\u2019Academia de la Llingua Asturiana llanza\u2019l <\/span><strong class=\"brz-cp-color7\">Congresu Mundial de Cultura Asturiana (CMCA25)<\/strong><span class=\"brz-cp-color7\">. Un alcuentru conceb\u00edu de forma interdisciplinar y amplia: dende l\u2019antropolox\u00eda a les dem\u00e1s ciencies y estudios sociales, d\u2019Asturies a cualquiera de los sos marcos de referencia. <\/span><\/p>\n<\/div>\n<\/div>\n<\/div>\n<\/div>\n<\/div>\n<\/div>\n<\/div>\n<div id=\"\" class=\"brz-css-lCcSO brz-wrapper\">\n<div class=\"brz-rich-text brz-rich-text__custom brz-css-hu2fJ\" data-brz-custom-id=\"vcnfnixqmkffzoliuqwpfvvtbgtzhofpbvuh\">\n<div data-brz-translate-text=\"1\">\n<p class=\"brz-fsft-lg-0 brz-fwdth-lg-100 brz-vfw-lg-400 brz-lh-lg-1_8 brz-ls-lg-0 brz-fw-lg-400 brz-fss-lg-px brz-fs-lg-15 brz-ft-google brz-ff-playfair_display brz-tp-lg-empty ql-align-justify brz-text-lg-left brz-css-eXL71\" data-generated-css=\"brz-css-jTtwr\" data-uniq-id=\"uKDKo\"><span class=\"brz-cp-color7\">Poro, nel <\/span><strong class=\"brz-cp-color7\">CMCA25<\/strong><span class=\"brz-cp-color7\"> podr\u00eden trabayase cuestiones tan estremaes como\u2019l mundu rural, la familia y el parentescu, los procesos d\u2019identid\u00e1, el patrimoniu, el paisax,la tradici\u00f3n oral, la ciud\u00e1, la cultura espresiva, la pertenencia al Arcu Atl\u00e1nticu, la educaci\u00f3n o\u2019l x\u00e9neru.<\/span><\/p>\n<p class=\"brz-fsft-lg-0 brz-fwdth-lg-100 brz-vfw-lg-400 brz-lh-lg-1_8 brz-ls-lg-0 brz-fw-lg-400 brz-fss-lg-px brz-fs-lg-15 brz-ft-google brz-ff-playfair_display brz-tp-lg-empty ql-align-justify brz-bcp-color7 brz-text-lg-left brz-css-sWi5R\" data-generated-css=\"brz-css-jcD5q\" data-uniq-id=\"olyu4\"><span class=\"brz-cp-color7\">Un foru au converxer dende les metodolox\u00edes, visiones y problem\u00e1tiques m\u00e1s actuales: alredor de la minorizaci\u00f3n cultural y lling\u00fc\u00edstica; de les periferies del primer mundu nel contestu global; del desaniciu y la resistencia cultural. <\/span><\/p>\n<div class=\"html-div xdj266r xat24cr x1mh8g0r xexx8yu x4uap5 x18d9i69 xkhd6sd x78zum5 x2lah0s xqtp20y x1emribx\">\n<div class=\"xc9qbxq x1td3qas x6s0dn4 x78zum5 xl56j7k\">\n<div class=\"\" style=\"text-align: center\"><a href=\"https:\/\/estaticos-cdn.prensaiberica.es\/clip\/4aa95039-268d-4776-bb3c-1ac5fcb2d5c8_16-9-aspect-ratio_default_0.webp\"><img loading=\"lazy\" decoding=\"async\" class=\"aligncenter \" src=\"https:\/\/estaticos-cdn.prensaiberica.es\/clip\/4aa95039-268d-4776-bb3c-1ac5fcb2d5c8_16-9-aspect-ratio_default_0.webp\" width=\"649\" height=\"365\" \/><\/a><\/div>\n<div><\/div>\n<div><em>Covadonguismo frente a celtismu nel discursu identitario asturianu, les atribuciones cultural y patrimonial daes a la sidra na actualid\u00e1, el procesu de \u00abiconizaci\u00f3n\u00bb de la fabada como \u00abplatu nacional\u00bb na emigraci\u00f3n pero tami\u00e9n el mitu de la cultura festiva provenzal, la importancia d&#8217;arquivos y museos na recuperaci\u00f3n de lling\u00fces y cultures minoritaries o les identidaes ind\u00edxenes mexicanes nesti sieglu XXI.<\/em><\/div>\n<div>\n<p><em>Colos estudios sobro llingua, econom\u00eda, xeograf\u00eda o hestoria y\u00e1 consolidaos n&#8217;Asturies, Gonz\u00e1lez-Quevedo considera que&#8217;l terr\u00e9n de l&#8217;antropolox\u00eda y l&#8217;etnograf\u00eda precisaba xuna gran convenci\u00f3n como esta.<\/em><\/p>\n<p><em>Magar lo asturiano concentra la mayor\u00eda de les ponencies, los espertos internacionales, d&#8217;Arxentina, M\u00e9xico, Estaos Xun\u00edos, Provenza o restu d&#8217;Espa\u00f1a van apurrir otres idees xenerales sobro l&#8217;estudiu de la cultura, metodolox\u00eda y aproximamientos contemporaneos. Nesi sent\u00edu, adelantra Gonz\u00e1lez-Quevedo, el CMCA25 pretende tami\u00e9n ayudar a completar los estudios tradicionalmente empobinaos al \u00e1mbitu rural cola antropolox\u00eda urbana contemporanea.<\/em><\/p>\n<p><em>L&#8217;Academia estima la collaboraci\u00f3n del Princip\u00e1u d&#8217;Asturies pa poner en marcha esta cita y la de la Universid\u00e1 d&#8217;Uvi\u00e9u, qu&#8217;am\u00e1s -yos venci\u00f3 la see. Les xornaes van desenvolver del 4 al 7 de febreru nel Edificiu Hist\u00f3ricu de la instituci\u00f3n, n&#8217;Uvi\u00e9u, onde tami\u00e9n s&#8217;agospiar\u00e1 xuna esposici\u00f3n d&#8217;\u00c1stur Par\u00e9s con una visi\u00f3n bien amplia sobro patrimoniu etnogr\u00e1ficu asturianu.<\/em><\/p>\n<p style=\"text-align: center\">\n<!-- iframe plugin v.6.0 wordpress.org\/plugins\/iframe\/ -->\n<iframe loading=\"lazy\" src=\"https:\/\/www.facebook.com\/plugins\/post.php?href=https%3A%2F%2Fwww.facebook.com%2FAcademiadelaLlinguaAsturiana%2Fposts%2Fpfbid02VfzoCdQryZWwR1WKcTH3MiNjox3naHJUojT4Qc1B6cxeMydS1Lx1TL6w26X8c2FHl&#038;show_text=false&#038;width=500\" width=\"500\" height=\"498\" style=\"border:none;overflow:hidden\" scrolling=\"no\" frameborder=\"0\" allowfullscreen=\"true\" allow=\"autoplay; clipboard-write; encrypted-media; picture-in-picture; web-share\" 0=\"\/iframe\" class=\"iframe-class\"><\/iframe>\n<\/p>\n<\/div>\n<\/div>\n<\/div>\n<div class=\"x78zum5 xdt5ytf xz62fqu x16ldp7u\">\n<div class=\"xu06os2 x1ok221b\">\n<div class=\"html-div xdj266r x11i5rnm xat24cr x1mh8g0r xexx8yu x4uap5 x18d9i69 xkhd6sd\" data-ad-rendering-role=\"profile_name\">\n<ul>\n<li class=\"html-h3 x11i5rnm xat24cr x1mh8g0r xexx8yu x4uap5 x18d9i69 xkhd6sd x1vvkbs x1heor9g x1qlqyl8 x1pd3egz x1a2a7pz x1gslohp x1yc453h\"><span class=\"x1lliihq x6ikm8r x10wlt62 x1n2onr6\"><span class=\"xt0psk2\"><span class=\"xjp7ctv\"><a class=\"x1i10hfl xjbqb8w x1ejq31n xd10rxx x1sy0etr x17r0tee x972fbf xcfux6l x1qhh985 xm0m39n x9f619 x1ypdohk xt0psk2 xe8uvvx xdj266r x11i5rnm xat24cr x1mh8g0r xexx8yu x4uap5 x18d9i69 xkhd6sd x16tdsg8 x1hl2dhg xggy1nq x1a2a7pz x1sur9pj xkrqix3 xzsf02u x1s688f\" role=\"link\" href=\"https:\/\/www.facebook.com\/AcademiadelaLlinguaAsturiana?__cft__[0]=AZXRjH-kV1Mirv8e4iVuN2fwSKLelDTOZ7FLpIZ8fJoy-8Kys8VtiSi1EtdD9PvO8yEASmEa8EXIBmv1d6s6XextEpRAZxp7YyN7aYq7bUPwGmzZyIuvfk0Ush2wfvOjxc0Vf8gPA3BZAZYJDr0biHF2ujsu8-lMwHZurGE3qWpx3hddOdD4tVKfjzslhG7UkzBJeVEQnC340KOUwNBZJ4mI4-2eOl8mqyJ-vCUfPP1bQA&amp;__tn__=-UC%2CP-y-R\" aria-describedby=\":r393:\"><strong class=\"html-strong xdj266r x11i5rnm xat24cr x1mh8g0r xexx8yu x4uap5 x18d9i69 xkhd6sd x1hl2dhg x16tdsg8 x1vvkbs x1s688f\"><span class=\"html-span xdj266r x11i5rnm xat24cr x1mh8g0r xexx8yu x4uap5 x18d9i69 xkhd6sd x1hl2dhg x16tdsg8 x1vvkbs\">Academia de la Llingua Asturiana<\/span><\/strong><\/a><\/span><\/span><\/span><\/li>\n<\/ul>\n<\/div>\n<\/div>\n<div class=\"xu06os2 x1ok221b\">\n<div class=\"html-div xdj266r x11i5rnm xat24cr x1mh8g0r xexx8yu x4uap5 x18d9i69 xkhd6sd x1q0g3np\">Pres\u00e9ntase \u00e9nte los medios en rueda de prensa&#8217;l Congresu Mundial de Cultura Asturiana (CMACA),<br \/>\n<strong>que se va celebrar del 4 al 7 de febreru de 2025. <\/strong>Consulta&#8217;l programa y tola informaci\u00f3n sobre&#8217;l congresu en: <span class=\"html-span xdj266r x11i5rnm xat24cr x1mh8g0r xexx8yu x4uap5 x18d9i69 xkhd6sd x1hl2dhg x16tdsg8 x1vvkbs\"><a class=\"x1i10hfl xjbqb8w x1ejq31n xd10rxx x1sy0etr x17r0tee x972fbf xcfux6l x1qhh985 xm0m39n x9f619 x1ypdohk xt0psk2 xe8uvvx xdj266r x11i5rnm xat24cr x1mh8g0r xexx8yu x4uap5 x18d9i69 xkhd6sd x16tdsg8 x1hl2dhg xggy1nq x1a2a7pz x1sur9pj xkrqix3 x1fey0fg x1s688f\" role=\"link\" href=\"https:\/\/l.facebook.com\/l.php?u=https%3A%2F%2Falladixital.org%2Fcmca25%2F%3Ffbclid%3DIwZXh0bgNhZW0CMTAAAR2Z08iUObwPhjiR1XlSUMhSNinP8-dxnkSWa5OnUwqa7XoNIGIKRAn6qQg_aem_okc_8naDcJMemgx_tt2Ajg&amp;h=AT28ggGCJH-X_8Z-9DQfanRIp8RKsI0q84SeFn8LGcSBkwHJIZkHHZKoSUTplEw8x3fiPUDXZLZL_IhVp6gdEdJwrRrm8NFy-irpSj5rusW1aHe0akvYyoh7oxk_C2_boQ&amp;__tn__=-UK-y-R&amp;c[0]=AT16Y89SC9qfSavnwhU_iR-06LAQJbOQrP_oUk--yH4QsLxpRIzLaI_NmzqRppx2RgzfE8By-JCP12GPVv93myi81ie0oBNyEQMFbKt5yujcMiq_zKIGoHV4nVawlVIBTan4Mi7uTCbduBaZ3hNLhkSwZt7-YJOzBt4sjxdfAY8D8SWgsVPDmcDf5gSN6BHrutqQU7BZsWt2BO74O3BfGIaSbKdvOX07x__kjE8xsHW4OLQwfg\" target=\"_blank\" rel=\"nofollow noopener noreferrer\">https:\/\/alladixital.org\/cmca25\/<\/a><\/span><\/div>\n<\/div>\n<\/div>\n<div class=\"html-div xdj266r x11i5rnm xat24cr x1mh8g0r xexx8yu x4uap5 x18d9i69 xkhd6sd\" dir=\"auto\">\n<div class=\"html-div xdj266r x11i5rnm xat24cr x1mh8g0r xexx8yu x4uap5 x18d9i69 xkhd6sd\" dir=\"auto\">\n<div class=\"html-div xdj266r x11i5rnm xat24cr x1mh8g0r xexx8yu x4uap5 x18d9i69 xkhd6sd\" data-ad-rendering-role=\"story_message\">\n<div class=\"x1l90r2v x1iorvi4 x1ye3gou xn6708d\" data-ad-comet-preview=\"message\" data-ad-preview=\"message\">\n<div class=\"x78zum5 xdt5ytf xz62fqu x16ldp7u\">\n<div class=\"xu06os2 x1ok221b\">\n<div class=\"x11i5rnm xat24cr x1mh8g0r x1vvkbs xtlvy1s x126k92a\">\n<div dir=\"auto\"><\/div>\n<div dir=\"auto\" style=\"text-align: center\">\n<!-- iframe plugin v.6.0 wordpress.org\/plugins\/iframe\/ -->\n<iframe loading=\"lazy\" src=\"https:\/\/www.facebook.com\/plugins\/post.php?href=https%3A%2F%2Fwww.facebook.com%2Fphoto.php%3Ffbid%3D1018658083629337%26set%3Da.558308749664275%26type%3D3&#038;show_text=false&#038;width=500\" width=\"500\" height=\"728\" style=\"border:none;overflow:hidden\" scrolling=\"no\" frameborder=\"0\" allowfullscreen=\"true\" allow=\"autoplay; clipboard-write; encrypted-media; picture-in-picture; web-share\" 0=\"\/iframe\" class=\"iframe-class\"><\/iframe>\n<\/div>\n<\/div>\n<\/div>\n<\/div>\n<\/div>\n<\/div>\n<\/div>\n<\/div>\n<\/div>\n<\/div>\n<\/div>\n<\/div>\n<\/div>\n<\/div>\n<\/div>\n<\/div>\n<\/div>\n<\/div>\n<\/div>\n<p>&nbsp;<\/p>\n","protected":false},"excerpt":{"rendered":"<p>Academia de la Llingua Asturiana\/ cartelu Noticies: LNE \/ Astures.es \/ Naz el Congresu Mundial de Cultura Asturiana, con focu internacional na antropolox\u00eda. Esti martes, d\u00eda 14, a les 12 hores, l&#8217;Academia de la Llingua Asturiana va presentar el programa completu del Congresu Mundial de Cultura Asturiana , que se va celebrar del 4 al [&hellip;]<\/p>\n","protected":false},"author":117,"featured_media":0,"comment_status":"open","ping_status":"open","sticky":false,"template":"","format":"standard","meta":{"footnotes":""},"categories":[65,380,397],"tags":[],"class_list":["post-39873","post","type-post","status-publish","format-standard","hentry","category-alla","category-antropoloxia","category-congresu"],"_links":{"self":[{"href":"https:\/\/edublog.educastur.es\/ixuxu\/wp-json\/wp\/v2\/posts\/39873","targetHints":{"allow":["GET"]}}],"collection":[{"href":"https:\/\/edublog.educastur.es\/ixuxu\/wp-json\/wp\/v2\/posts"}],"about":[{"href":"https:\/\/edublog.educastur.es\/ixuxu\/wp-json\/wp\/v2\/types\/post"}],"author":[{"embeddable":true,"href":"https:\/\/edublog.educastur.es\/ixuxu\/wp-json\/wp\/v2\/users\/117"}],"replies":[{"embeddable":true,"href":"https:\/\/edublog.educastur.es\/ixuxu\/wp-json\/wp\/v2\/comments?post=39873"}],"version-history":[{"count":12,"href":"https:\/\/edublog.educastur.es\/ixuxu\/wp-json\/wp\/v2\/posts\/39873\/revisions"}],"predecessor-version":[{"id":40306,"href":"https:\/\/edublog.educastur.es\/ixuxu\/wp-json\/wp\/v2\/posts\/39873\/revisions\/40306"}],"wp:attachment":[{"href":"https:\/\/edublog.educastur.es\/ixuxu\/wp-json\/wp\/v2\/media?parent=39873"}],"wp:term":[{"taxonomy":"category","embeddable":true,"href":"https:\/\/edublog.educastur.es\/ixuxu\/wp-json\/wp\/v2\/categories?post=39873"},{"taxonomy":"post_tag","embeddable":true,"href":"https:\/\/edublog.educastur.es\/ixuxu\/wp-json\/wp\/v2\/tags?post=39873"}],"curies":[{"name":"wp","href":"https:\/\/api.w.org\/{rel}","templated":true}]}}