{"id":39879,"date":"2025-01-10T14:02:19","date_gmt":"2025-01-10T12:02:19","guid":{"rendered":"https:\/\/edublog.educastur.es\/ixuxu\/?p=39879"},"modified":"2025-01-11T22:23:39","modified_gmt":"2025-01-11T20:23:39","slug":"guei-entama-la-fiesta-de-los-nabos-en-morcin","status":"publish","type":"post","link":"https:\/\/edublog.educastur.es\/ixuxu\/2025\/01\/guei-entama-la-fiesta-de-los-nabos-en-morcin\/","title":{"rendered":"G\u00fcei entama la Fiesta de los Nabos en Morc\u00edn"},"content":{"rendered":"<div class=\"html-div xdj266r xat24cr x1mh8g0r xexx8yu x4uap5 x18d9i69 xkhd6sd x78zum5 x2lah0s xqtp20y x1emribx\"><\/div>\n<div class=\"x78zum5 xdt5ytf xz62fqu x16ldp7u\">\n<div class=\"xu06os2 x1ok221b\">\n<div class=\"html-div xdj266r x11i5rnm xat24cr x1mh8g0r xexx8yu x4uap5 x18d9i69 xkhd6sd\" data-ad-rendering-role=\"profile_name\">\n<p style=\"text-align: center\"><a href=\"https:\/\/cmsphoto.ww-cdn.com\/superstatic\/2973444\/art\/default\/60584202-54130816.jpg?v=1698714968&amp;force_webp=1\"><img loading=\"lazy\" decoding=\"async\" class=\"aligncenter size-large\" src=\"https:\/\/cmsphoto.ww-cdn.com\/superstatic\/2973444\/art\/default\/60584202-54130816.jpg?v=1698714968&amp;force_webp=1\" width=\"1200\" height=\"800\" \/><\/a><\/p>\n<ul>\n<li class=\"html-h3 x11i5rnm xat24cr x1mh8g0r xexx8yu x4uap5 x18d9i69 xkhd6sd x1vvkbs x1heor9g x1qlqyl8 x1pd3egz x1a2a7pz x1gslohp x1yc453h\"><span class=\"x1lliihq x6ikm8r x10wlt62 x1n2onr6\"><span class=\"xt0psk2\"><span class=\"xjp7ctv\"><a class=\"x1i10hfl xjbqb8w x1ejq31n xd10rxx x1sy0etr x17r0tee x972fbf xcfux6l x1qhh985 xm0m39n x9f619 x1ypdohk xt0psk2 xe8uvvx xdj266r x11i5rnm xat24cr x1mh8g0r xexx8yu x4uap5 x18d9i69 xkhd6sd x16tdsg8 x1hl2dhg xggy1nq x1a2a7pz x1sur9pj xkrqix3 xzsf02u x1s688f\" role=\"link\" href=\"https:\/\/www.facebook.com\/AsturiasTurismoRural?__cft__[0]=AZW3Y_bKuGqqFqdM-vCpA1Yd8MhOvSWQnkGQMDCU_I-seZ8gkPJisSbyOfPbVQehdDJffQtVToqmarzo4Xkp1voPZQ51ESVWM-yLsE-ecG1Ek0ijTTLAjD1FojL4Vq-W9rotEQAbKfumvdmQwq0Go4mEdsBCGnggwmrX0rfBhZ9CW8Eakwyry02JvY3V5AAPTgVySkgOUGuYrUuOnH_MB9502QmJFRfQdUWMsvEH7dwiaOhq45xyHX3GPWoSNASCLoRglC5exb-4QAqJ42SvYOhJ&amp;__tn__=-UC%2CP-y-y-R\" aria-describedby=\":r33f:\"><strong class=\"html-strong xdj266r x11i5rnm xat24cr x1mh8g0r xexx8yu x4uap5 x18d9i69 xkhd6sd x1hl2dhg x16tdsg8 x1vvkbs x1s688f\"><span class=\"html-span xdj266r x11i5rnm xat24cr x1mh8g0r xexx8yu x4uap5 x18d9i69 xkhd6sd x1hl2dhg x16tdsg8 x1vvkbs\">Asturias.com<\/span><\/strong><\/a><\/span><\/span><\/span>\/ <span class=\"html-span xdj266r x11i5rnm xat24cr x1mh8g0r xexx8yu x4uap5 x18d9i69 xkhd6sd x1hl2dhg x16tdsg8 x1vvkbs\"><a class=\"x1i10hfl xjbqb8w x1ejq31n xd10rxx x1sy0etr x17r0tee x972fbf xcfux6l x1qhh985 xm0m39n x9f619 x1ypdohk xt0psk2 xe8uvvx xdj266r x11i5rnm xat24cr x1mh8g0r xexx8yu x4uap5 x18d9i69 xkhd6sd x16tdsg8 x1hl2dhg xggy1nq x1a2a7pz x1sur9pj xkrqix3 x1fey0fg x1s688f\" role=\"link\" href=\"https:\/\/asturias.com\/jornadas-gastronomicas-de-los-nabos\/?fbclid=IwZXh0bgNhZW0CMTAAAR0C4uPzplXl7V5wkYvjm87mdizwrTKf2GwSZlE-7dn1WFkIV-YPQpr3dlQ_aem_iRn3JqMRfo41SSEpWvC6Sw\" target=\"_blank\" rel=\"nofollow noopener noreferrer\">https:\/\/asturias.com\/jornadas-gastronomicas-de-los-nabos\/<\/a><\/span><\/li>\n<li><a href=\"https:\/\/morcin.vivirasturias.com\/fiestas\/c\/0\/i\/60584202\/fiesta-gastronomica-nabos-la-foz-morcin\">Vivir Asturias<\/a> \/<\/li>\n<li class=\"html-h3 x11i5rnm xat24cr x1mh8g0r xexx8yu x4uap5 x18d9i69 xkhd6sd x1vvkbs x1heor9g x1qlqyl8 x1pd3egz x1a2a7pz x1gslohp x1yc453h\">\/<span class=\"html-span xdj266r x11i5rnm xat24cr x1mh8g0r xexx8yu x4uap5 x18d9i69 xkhd6sd x1hl2dhg x16tdsg8 x1vvkbs\"><a class=\"x1i10hfl xjbqb8w x1ejq31n xd10rxx x1sy0etr x17r0tee x972fbf xcfux6l x1qhh985 xm0m39n x9f619 x1ypdohk xt0psk2 xe8uvvx xdj266r x11i5rnm xat24cr x1mh8g0r xexx8yu x4uap5 x18d9i69 xkhd6sd x16tdsg8 x1hl2dhg xggy1nq x1a2a7pz x1sur9pj xkrqix3 x1fey0fg x1s688f\" role=\"link\" href=\"https:\/\/www.facebook.com\/hashtag\/fiestadelosnabos?__eep__=6&amp;__cft__[0]=AZW3Y_bKuGqqFqdM-vCpA1Yd8MhOvSWQnkGQMDCU_I-seZ8gkPJisSbyOfPbVQehdDJffQtVToqmarzo4Xkp1voPZQ51ESVWM-yLsE-ecG1Ek0ijTTLAjD1FojL4Vq-W9rotEQAbKfumvdmQwq0Go4mEdsBCGnggwmrX0rfBhZ9CW8Eakwyry02JvY3V5AAPTgVySkgOUGuYrUuOnH_MB9502QmJFRfQdUWMsvEH7dwiaOhq45xyHX3GPWoSNASCLoRglC5exb-4QAqJ42SvYOhJ&amp;__tn__=*NK-y-y-R\">#FiestaDeLosNabos<\/a><\/span>\/<span class=\"html-span xdj266r x11i5rnm xat24cr x1mh8g0r xexx8yu x4uap5 x18d9i69 xkhd6sd x1hl2dhg x16tdsg8 x1vvkbs\"><a class=\"x1i10hfl xjbqb8w x1ejq31n xd10rxx x1sy0etr x17r0tee x972fbf xcfux6l x1qhh985 xm0m39n x9f619 x1ypdohk xt0psk2 xe8uvvx xdj266r x11i5rnm xat24cr x1mh8g0r xexx8yu x4uap5 x18d9i69 xkhd6sd x16tdsg8 x1hl2dhg xggy1nq x1a2a7pz x1sur9pj xkrqix3 x1fey0fg x1s688f\" role=\"link\" href=\"https:\/\/www.facebook.com\/hashtag\/asturiaspara%C3%ADsogastron%C3%B3mico?__eep__=6&amp;__cft__[0]=AZW3Y_bKuGqqFqdM-vCpA1Yd8MhOvSWQnkGQMDCU_I-seZ8gkPJisSbyOfPbVQehdDJffQtVToqmarzo4Xkp1voPZQ51ESVWM-yLsE-ecG1Ek0ijTTLAjD1FojL4Vq-W9rotEQAbKfumvdmQwq0Go4mEdsBCGnggwmrX0rfBhZ9CW8Eakwyry02JvY3V5AAPTgVySkgOUGuYrUuOnH_MB9502QmJFRfQdUWMsvEH7dwiaOhq45xyHX3GPWoSNASCLoRglC5exb-4QAqJ42SvYOhJ&amp;__tn__=*NK-y-y-R\">#AsturiasPara\u00edsoGastron\u00f3mico<\/a><\/span><\/li>\n<li><span style=\"color: #008080\"><strong> Vienres 10 de xineru<\/strong> <\/span><br \/>\n18:00 h: Recibimos a la Confrer\u00eda portuguesa Nabos y Companhia con una templada cena d&#8217;hermand\u00e1.<br \/>\nUn men\u00fa deliciosu por solu 15 \u20ac: caldu de pita, codiyu con mazana y tarta de quesu.<\/li>\n<\/ul>\n<p>&nbsp;<\/p>\n<p><!--more--><\/p>\n<ul>\n<li><strong><span style=\"color: #008080\">S\u00e1badu 11 de xineru<\/span> <\/strong><\/li>\n<\/ul>\n<p>09:30 h: Almuerzu de mano el d\u00eda con enerx\u00eda.<br \/>\n10:30 h: Misa solemne con coru.<br \/>\n11:15 h: \u00a1Desfile de Confrer\u00edes! M\u00fasica de gaites y folclore nes cais de La Foz.<br \/>\n12:00 h: Degustaciones gratuites na Plaza del Cura: quesos, sidra, miel y m\u00e1s delicies asturianes.<br \/>\n12:45 h: Ceremonia del XIX Gran Cap\u00edtulu con premios del concursu <em>\u00abLos nabos na cocina\u00bb.<\/em><br \/>\n14:30 h: Xinta de confraternizaci\u00f3n con un men\u00fa espectacular (55 \u20ac):<br \/>\n<span style=\"color: #008080\"><em>Xam\u00f3n, quesos y crema d&#8217;andariques.<\/em><\/span><br \/>\n<span style=\"color: #008080\"><em>Pote de nabos con compangu caseru.<\/em><\/span><br \/>\n<span style=\"color: #008080\"><em>Merluza en mueyu verde.<\/em><\/span><br \/>\n<span style=\"color: #008080\"><em>Torrija brioche, casadielles y m\u00e1s.<\/em><\/span><br \/>\n\u00a1Non te pierdas esta celebraci\u00f3n qu&#8217;entemez gastronom\u00eda, m\u00fasica y cultura nuna redolada \u00fanica!<br \/>\n\u00a1Te esperamos en La Foz de Morc\u00edn!<\/p>\n<\/div>\n<\/div>\n<\/div>\n<p>&nbsp;<\/p>\n","protected":false},"excerpt":{"rendered":"<p>Asturias.com\/ https:\/\/asturias.com\/jornadas-gastronomicas-de-los-nabos\/ Vivir Asturias \/ \/#FiestaDeLosNabos\/#AsturiasPara\u00edsoGastron\u00f3mico Vienres 10 de xineru 18:00 h: Recibimos a la Confrer\u00eda portuguesa Nabos y Companhia con una templada cena d&#8217;hermand\u00e1. Un men\u00fa deliciosu por solu 15 \u20ac: caldu de pita, codiyu con mazana y tarta de quesu. &nbsp;<\/p>\n","protected":false},"author":117,"featured_media":0,"comment_status":"open","ping_status":"open","sticky":false,"template":"","format":"standard","meta":{"footnotes":""},"categories":[138,175,21],"tags":[],"class_list":["post-39879","post","type-post","status-publish","format-standard","hentry","category-alimentos","category-festival-gastronomicu","category-fiestes"],"_links":{"self":[{"href":"https:\/\/edublog.educastur.es\/ixuxu\/wp-json\/wp\/v2\/posts\/39879","targetHints":{"allow":["GET"]}}],"collection":[{"href":"https:\/\/edublog.educastur.es\/ixuxu\/wp-json\/wp\/v2\/posts"}],"about":[{"href":"https:\/\/edublog.educastur.es\/ixuxu\/wp-json\/wp\/v2\/types\/post"}],"author":[{"embeddable":true,"href":"https:\/\/edublog.educastur.es\/ixuxu\/wp-json\/wp\/v2\/users\/117"}],"replies":[{"embeddable":true,"href":"https:\/\/edublog.educastur.es\/ixuxu\/wp-json\/wp\/v2\/comments?post=39879"}],"version-history":[{"count":1,"href":"https:\/\/edublog.educastur.es\/ixuxu\/wp-json\/wp\/v2\/posts\/39879\/revisions"}],"predecessor-version":[{"id":39880,"href":"https:\/\/edublog.educastur.es\/ixuxu\/wp-json\/wp\/v2\/posts\/39879\/revisions\/39880"}],"wp:attachment":[{"href":"https:\/\/edublog.educastur.es\/ixuxu\/wp-json\/wp\/v2\/media?parent=39879"}],"wp:term":[{"taxonomy":"category","embeddable":true,"href":"https:\/\/edublog.educastur.es\/ixuxu\/wp-json\/wp\/v2\/categories?post=39879"},{"taxonomy":"post_tag","embeddable":true,"href":"https:\/\/edublog.educastur.es\/ixuxu\/wp-json\/wp\/v2\/tags?post=39879"}],"curies":[{"name":"wp","href":"https:\/\/api.w.org\/{rel}","templated":true}]}}