{"id":39881,"date":"2025-01-11T22:28:28","date_gmt":"2025-01-11T20:28:28","guid":{"rendered":"https:\/\/edublog.educastur.es\/ixuxu\/?p=39881"},"modified":"2025-01-11T22:28:28","modified_gmt":"2025-01-11T20:28:28","slug":"39881","status":"publish","type":"post","link":"https:\/\/edublog.educastur.es\/ixuxu\/2025\/01\/39881\/","title":{"rendered":""},"content":{"rendered":"<p style=\"text-align: center\"><span style=\"font-size: 24px;color: #800080\"><strong><em>\u00abPractiquemos l&#8217;arte de la vida<br \/>\ny avancemos nel humanismu, <\/em><\/strong><\/span><br \/>\n<span style=\"font-size: 24px;color: #800080\"><strong><em>cultivemos la sal\u00fa y la solidarid\u00e1<\/em><\/strong><\/span><br \/>\n<span style=\"font-size: 24px;color: #800080\"><strong><em> como mestranzos de llonxevid\u00e1<br \/>\ny bienestar emocional, <\/em><\/strong><\/span><br \/>\n<span style=\"font-size: 24px;color: #800080\"><strong><em>recordemos que lo aut\u00e9nticamente estelante<\/em><\/strong><\/span><br \/>\n<span style=\"font-size: 24px;color: #800080\"><strong><em> ye sobrevivir acald\u00eda<\/em><\/strong><\/span><br \/>\n<span style=\"font-size: 24px;color: #800080\"><strong><em> y escaezamos los imposibles sua\u00f1os<br \/>\nd&#8217;inmortalid\u00e1, <\/em><\/strong><\/span><br \/>\n<span style=\"font-size: 24px;color: #800080\"><strong><em>porque la verd\u00e1 ta na fraxilid\u00e1 <\/em><\/strong><\/span><br \/>\n<span style=\"font-size: 24px;color: #800080\"><strong><em>y en la nuesa maraviyosa capacid\u00e1 <\/em><\/strong><\/span><br \/>\n<span style=\"font-size: 24px;color: #800080\"><strong><em>de responder \u00e9nte l&#8217;adversid\u00e1\u00bb.<\/em><\/strong><\/span><\/p>\n<p style=\"text-align: center\">\nCarlos L\u00f3pez-Ot\u00edn<\/p>\n<p style=\"text-align: center\"><a href=\"https:\/\/e00-elmundo.uecdn.es\/assets\/multimedia\/imagenes\/2022\/03\/01\/16461525276209.jpg\"><img loading=\"lazy\" decoding=\"async\" class=\"aligncenter size-large\" src=\"https:\/\/e00-elmundo.uecdn.es\/assets\/multimedia\/imagenes\/2022\/03\/01\/16461525276209.jpg\" width=\"1280\" height=\"853\" \/><\/a><\/p>\n","protected":false},"excerpt":{"rendered":"<p>\u00abPractiquemos l&#8217;arte de la vida y avancemos nel humanismu, cultivemos la sal\u00fa y la solidarid\u00e1 como mestranzos de llonxevid\u00e1 y bienestar emocional, recordemos que lo aut\u00e9nticamente estelante ye sobrevivir acald\u00eda y escaezamos los imposibles sua\u00f1os d&#8217;inmortalid\u00e1, porque la verd\u00e1 ta na fraxilid\u00e1 y en la nuesa maraviyosa capacid\u00e1 de responder \u00e9nte l&#8217;adversid\u00e1\u00bb. Carlos L\u00f3pez-Ot\u00edn<\/p>\n","protected":false},"author":117,"featured_media":0,"comment_status":"open","ping_status":"open","sticky":false,"template":"","format":"quote","meta":{"footnotes":""},"categories":[1],"tags":[],"class_list":["post-39881","post","type-post","status-publish","format-quote","hentry","category-sin-categoria","post_format-post-format-quote"],"_links":{"self":[{"href":"https:\/\/edublog.educastur.es\/ixuxu\/wp-json\/wp\/v2\/posts\/39881","targetHints":{"allow":["GET"]}}],"collection":[{"href":"https:\/\/edublog.educastur.es\/ixuxu\/wp-json\/wp\/v2\/posts"}],"about":[{"href":"https:\/\/edublog.educastur.es\/ixuxu\/wp-json\/wp\/v2\/types\/post"}],"author":[{"embeddable":true,"href":"https:\/\/edublog.educastur.es\/ixuxu\/wp-json\/wp\/v2\/users\/117"}],"replies":[{"embeddable":true,"href":"https:\/\/edublog.educastur.es\/ixuxu\/wp-json\/wp\/v2\/comments?post=39881"}],"version-history":[{"count":1,"href":"https:\/\/edublog.educastur.es\/ixuxu\/wp-json\/wp\/v2\/posts\/39881\/revisions"}],"predecessor-version":[{"id":39882,"href":"https:\/\/edublog.educastur.es\/ixuxu\/wp-json\/wp\/v2\/posts\/39881\/revisions\/39882"}],"wp:attachment":[{"href":"https:\/\/edublog.educastur.es\/ixuxu\/wp-json\/wp\/v2\/media?parent=39881"}],"wp:term":[{"taxonomy":"category","embeddable":true,"href":"https:\/\/edublog.educastur.es\/ixuxu\/wp-json\/wp\/v2\/categories?post=39881"},{"taxonomy":"post_tag","embeddable":true,"href":"https:\/\/edublog.educastur.es\/ixuxu\/wp-json\/wp\/v2\/tags?post=39881"}],"curies":[{"name":"wp","href":"https:\/\/api.w.org\/{rel}","templated":true}]}}