{"id":39901,"date":"2025-01-12T11:42:52","date_gmt":"2025-01-12T09:42:52","guid":{"rendered":"https:\/\/edublog.educastur.es\/ixuxu\/?p=39901"},"modified":"2025-01-12T11:44:32","modified_gmt":"2025-01-12T09:44:32","slug":"39901","status":"publish","type":"post","link":"https:\/\/edublog.educastur.es\/ixuxu\/2025\/01\/39901\/","title":{"rendered":"Semando m\u00fasica moza n&#8217;asturianu (M\u00fasicAsturiana.com)"},"content":{"rendered":"<div class=\"html-div xdj266r x11i5rnm xat24cr x1mh8g0r xexx8yu x4uap5 x18d9i69 xkhd6sd\" dir=\"auto\">\n<div class=\"html-div xdj266r x11i5rnm xat24cr x1mh8g0r xexx8yu x4uap5 x18d9i69 xkhd6sd\" dir=\"auto\">\n<div class=\"html-div xdj266r x11i5rnm xat24cr x1mh8g0r xexx8yu x4uap5 x18d9i69 xkhd6sd\" data-ad-rendering-role=\"story_message\">\n<div class=\"x1l90r2v x1iorvi4 x1ye3gou xn6708d\" data-ad-comet-preview=\"message\" data-ad-preview=\"message\">\n<div class=\"x78zum5 xdt5ytf xz62fqu x16ldp7u\">\n<div class=\"xu06os2 x1ok221b\">\n<div class=\"xdj266r x11i5rnm xat24cr x1mh8g0r x1vvkbs x126k92a\"><\/div>\n<\/div>\n<\/div>\n<\/div>\n<\/div>\n<\/div>\n<\/div>\n<div class=\"html-div xdj266r xexx8yu x4uap5 x18d9i69 xkhd6sd x1jx94hy x8cjs6t x1ch86jh x80vd3b xckqwgs x13fuv20 xu3j5b3 x1q0q8m5 x26u7qi x178xt8z xm81vs4 xso031l xy80clv x6ikm8r x10wlt62 xod5an3 x16n37ib xq8finb xfh8nwu xoqspk4 x12v9rci x138vmkv\">\n<div>\n<div class=\"html-div xdj266r x11i5rnm xat24cr x1mh8g0r xsag5q8 xz9dl7a x1pi30zi x1swvt13 x1jx94hy\">\n<div class=\"html-div xdj266r x11i5rnm xat24cr x1mh8g0r xexx8yu x4uap5 x18d9i69 xkhd6sd x78zum5 x1q0g3np x1ba4aug\">\n<div class=\"html-div xdj266r xat24cr x1mh8g0r xexx8yu x4uap5 x18d9i69 xkhd6sd x78zum5 x2lah0s xqtp20y x1emribx\">\n<div class=\"xc9qbxq x1td3qas x6s0dn4 x78zum5 xl56j7k\">\n<div class=\"\" style=\"text-align: center\"><a href=\"https:\/\/musicasturiana.com\/wp-content\/uploads\/2025\/01\/Semando-musica-moza-nast.jpg\"><img loading=\"lazy\" decoding=\"async\" class=\"aligncenter \" src=\"https:\/\/musicasturiana.com\/wp-content\/uploads\/2025\/01\/Semando-musica-moza-nast.jpg\" width=\"678\" height=\"339\" \/><\/a><\/div>\n<\/div>\n<\/div>\n<\/div>\n<\/div>\n<\/div>\n<\/div>\n<div class=\"x78zum5 xdt5ytf xz62fqu x16ldp7u\">\n<div class=\"xu06os2 x1ok221b\">\n<ul>\n<li class=\"html-h3 x11i5rnm xat24cr x1mh8g0r xexx8yu x4uap5 x18d9i69 xkhd6sd x1vvkbs x1heor9g x1qlqyl8 x1pd3egz x1a2a7pz x1gslohp x1yc453h\"><span class=\"xt0psk2\"><span class=\"xjp7ctv\"><a class=\"x1i10hfl xjbqb8w x1ejq31n xd10rxx x1sy0etr x17r0tee x972fbf xcfux6l x1qhh985 xm0m39n x9f619 x1ypdohk xt0psk2 xe8uvvx xdj266r x11i5rnm xat24cr x1mh8g0r xexx8yu x4uap5 x18d9i69 xkhd6sd x16tdsg8 x1hl2dhg xggy1nq x1a2a7pz x1sur9pj xkrqix3 xzsf02u x1s688f\" role=\"link\" href=\"https:\/\/www.facebook.com\/musicasturiana?__cft__[0]=AZU_O_L4ARptpqXmAd59wTnUVYx-OuF0iXJpyefpzyrbcRflXIvHphso3qauV2P8M9nTiWm8kGm4YsUlZHFqWWoeADBxYZKephXbk1mfqrNsfYmTusNucXD0oxYuR7xP5r2A-EchgF-acT0gJIS9qe4ejAEwNLS6j0yi1s2FmRn8uPsgryTPHUz8A8p3gc6z1eNQO5-PZosS3TAkH2Lxu1RHNa-vtmy0FIGtizki1oiSoQ&amp;__tn__=-UC%2CP-y-y-R\" aria-describedby=\":rlb:\"><strong class=\"html-strong xdj266r x11i5rnm xat24cr x1mh8g0r xexx8yu x4uap5 x18d9i69 xkhd6sd x1hl2dhg x16tdsg8 x1vvkbs x1s688f\"><span class=\"html-span xdj266r x11i5rnm xat24cr x1mh8g0r xexx8yu x4uap5 x18d9i69 xkhd6sd x1hl2dhg x16tdsg8 x1vvkbs\">musicasturiana.com<\/span><\/strong><\/a><\/span><\/span><\/li>\n<\/ul>\n<\/div>\n<div class=\"xu06os2 x1ok221b\">\n<div class=\"html-div xdj266r x11i5rnm xat24cr x1mh8g0r xexx8yu x4uap5 x18d9i69 xkhd6sd x1q0g3np\">La m\u00fasica moza n&#8217;asturianu d&#8217;angua\u00f1o y d&#8217;anta\u00f1o protagoniza la nueva playlist que creamos col env\u00eds de celebrar la tercer edici\u00f3n del <a href=\"https:\/\/musicasturiana.com\/celebramos-la-iii-edicion-del-semando-fest-cola-playlist-semando-musica-moza-nast\/?fbclid=IwZXh0bgNhZW0CMTEAAR1rp6BjSI5j9aDiNdPgyclPFCVp9--KXePuykXWonJOTxuyd9Lm6jpqLdM_aem_9PnT4K4fQyMFNob0M0Igqg\"><strong>Semando Fest<\/strong><\/a> <span class=\"html-span xexx8yu x4uap5 x18d9i69 xkhd6sd x1hl2dhg x16tdsg8 x1vvkbs x3nfvp2 x1j61x8r x1fcty0u xdj266r xat24cr xgzva0m xhhsvwb xxymvpz xlup9mm x1kky2od\"><img loading=\"lazy\" decoding=\"async\" class=\"xz74otr\" src=\"https:\/\/static.xx.fbcdn.net\/images\/emoji.php\/v9\/t1\/1\/16\/1f3a7.png\" alt=\"?\" width=\"16\" height=\"16\" \/><\/span> Si\u00e9ntila nel nuesu perfil de Spotify.<\/div>\n<div><\/div>\n<div style=\"text-align: center\">\n<!-- iframe plugin v.6.0 wordpress.org\/plugins\/iframe\/ -->\n<iframe loading=\"lazy\" width=\"100%\" height=\"370\" src=\"https:\/\/www.youtube.com\/embed\/hfpEUfv3Uc4\" title=\"? SEMANDO FEST 2024 ? La m\u00fasica moza n&#039;asturianu XORREZ ??\" frameborder=\"0\" allow=\"accelerometer; autoplay; clipboard-write; encrypted-media; gyroscope; picture-in-picture; web-share\" referrerpolicy=\"strict-origin-when-cross-origin\" 0=\"allowfullscreen\" 1=\"\/iframe\" scrolling=\"yes\" class=\"iframe-class\"><\/iframe>\n<\/div>\n<div><!--more--><\/div>\n<div style=\"text-align: center\">\n<!-- iframe plugin v.6.0 wordpress.org\/plugins\/iframe\/ -->\n<iframe style=\"border-radius:12px\" src=\"https:\/\/open.spotify.com\/embed\/playlist\/7L1TBiHSAIRiLk7KVqe2s5?utm_source=generator\" width=\"100%\" height=\"352\" frameborder=\"0\" allowfullscreen allow=\"autoplay; clipboard-write; encrypted-media; fullscreen; picture-in-picture\" loading=\"lazy\" 0=\"\/iframe\" scrolling=\"yes\" class=\"iframe-class\"><\/iframe>\n<\/div>\n<div>\n<p>N\u2019ochobre de 2017, musicasturiana.com entam\u00f3 a facer <a href=\"https:\/\/open.spotify.com\/user\/musicasturiana?si=629e16891f4b4247\" target=\"_blank\" rel=\"noreferrer noopener\"><strong>playlists dedicaes a distintos estilos y novedaes<\/strong><\/a> de la m\u00fasica\u2019l pa\u00eds. <em>M\u00fasica Asturiana<\/em>, <em>Novedaes M\u00fasica Asturiana<\/em>, <em>Rock n\u2019asturianu,<\/em> <em>Folk Asturianu<\/em> fueron les cuatro primeres, a les que<strong> fueron amest\u00e1ndose otres tem\u00e1tiques<\/strong> como la de <em>L\u2019Asturianu Llingua Oficial<\/em>, que compila cantares en defensa de l\u2019asturianu; <em>Nuevo en Spotify<\/em> a la que se van sumando tolos llanzamientos dixitalizaos por musicasturiana.com; les de <em>Conexones<\/em>, dedicaes a otres m\u00fasiques del mundu; los sones que nun pueden faltar nuna Nueche en Danza atropaos en <em>\u00a1A Baillar!<\/em>; les de <em>La Banda Sonora De\u2026<\/em>, na que distintes persones de la escena musical asturiana escueyen los 20 cantares que m\u00e1s-y presten; o, ente otres, la incorporaci\u00f3n de les <em>Esto ye<\/em>, dedicaes a artistes y grupos clave de la historia reciente de la m\u00fasica asturiana. Agora\u2019l llist\u00e1u medra con <strong><em><a href=\"https:\/\/open.spotify.com\/playlist\/7L1TBiHSAIRiLk7KVqe2s5?si=2735b71c1e564199\" target=\"_blank\" rel=\"noreferrer noopener\" data-type=\"link\" data-id=\"https:\/\/open.spotify.com\/playlist\/7L1TBiHSAIRiLk7KVqe2s5?si=2735b71c1e564199\">Semando m\u00fasica moza n\u2019ast<\/a><\/em><\/strong>.<\/p>\n<p>Musicasturiana.com celebra la<strong> III edici\u00f3n del <a href=\"https:\/\/musicasturiana.com\/semando-fest\/\" target=\"_blank\" rel=\"noreferrer noopener\" data-type=\"link\" data-id=\"https:\/\/musicasturiana.com\/semando-fest\/\">Semando Fest<\/a><\/strong> con esta llista de <strong>30 temes en 2 hores<\/strong> na que suena la <strong>m\u00fasica moza del pa\u00eds d\u2019angua\u00f1o y d\u2019anta\u00f1o<\/strong>; una compilaci\u00f3n d\u2019<strong>estilos estremaos<\/strong> -dende\u2019l folk y l\u2019asturianada hasta\u2019l ska o\u2019l punk- qu\u2019incl\u00fai cantares de los grupos que tocaron o van tocar nel festival y, am\u00e1s, les melod\u00edes y composiciones de los grupos que foron mozos nos caberos a\u00f1os del sieglu XX y entamu de los 2000.<\/p>\n<p>El <strong><a href=\"https:\/\/musicasturiana.com\/producto\/entrada-iii-semando-fest\/\" target=\"_blank\" rel=\"noreferrer noopener\" data-type=\"link\" data-id=\"https:\/\/musicasturiana.com\/producto\/entrada-iii-semando-fest\/\">III Semando Fest<\/a><\/strong> ye una iniciativa entamada por <strong>Musicasturiana.com y Ixux\u00fa Cultura<\/strong> que nagua por puxar pol<strong>\u00a0relevu xeneracional\u00a0<\/strong>na m\u00fasica asturiana; por ufrir un festival con un\u00a0<strong>formatu orixinal\u00a0<\/strong>qu\u2019entemeza aspectos d\u2019una gala colos d\u2019un conciertu al usu; que reivindica les\u00a0<strong>sales de conciertos<\/strong>\u00a0como un espaciu afayadizu pal exposigue de la m\u00fasica de raiga\u00f1u; y qu\u2019apuesta por da-y oportunidaes a les y los\u00a0<strong>creadores x\u00f3venes<\/strong>. El viniente s\u00e1badu <strong>8 de febreru<\/strong> va sonar na sala <strong>Lata de Zinc <\/strong>d\u2019Uvi\u00e9u una mestura d\u2019estilos coles m\u00fasiques d\u2019<strong>Ab\u00e9u<\/strong>, <strong>Ferla Meg\u00eda<\/strong>, <strong>Alienda <\/strong>y <strong>Melandru<\/strong>. Les entraes y\u00e1 tan disponibles pa <a href=\"https:\/\/musicasturiana.com\/producto\/entrada-iii-semando-fest\/\" target=\"_blank\" rel=\"noreferrer noopener\" data-type=\"link\" data-id=\"https:\/\/musicasturiana.com\/producto\/entrada-iii-semando-fest\/\">mercar na tienda online<\/a>.<\/p>\n<\/div>\n<\/div>\n<\/div>\n<p>&nbsp;<\/p>\n<p>&nbsp;<\/p>\n","protected":false},"excerpt":{"rendered":"<p>musicasturiana.com La m\u00fasica moza n&#8217;asturianu d&#8217;angua\u00f1o y d&#8217;anta\u00f1o protagoniza la nueva playlist que creamos col env\u00eds de celebrar la tercer edici\u00f3n del Semando Fest Si\u00e9ntila nel nuesu perfil de Spotify.<\/p>\n","protected":false},"author":117,"featured_media":0,"comment_status":"open","ping_status":"open","sticky":false,"template":"","format":"standard","meta":{"footnotes":""},"categories":[35,125],"tags":[],"class_list":["post-39901","post","type-post","status-publish","format-standard","hentry","category-musica","category-musicasturiana-com"],"_links":{"self":[{"href":"https:\/\/edublog.educastur.es\/ixuxu\/wp-json\/wp\/v2\/posts\/39901","targetHints":{"allow":["GET"]}}],"collection":[{"href":"https:\/\/edublog.educastur.es\/ixuxu\/wp-json\/wp\/v2\/posts"}],"about":[{"href":"https:\/\/edublog.educastur.es\/ixuxu\/wp-json\/wp\/v2\/types\/post"}],"author":[{"embeddable":true,"href":"https:\/\/edublog.educastur.es\/ixuxu\/wp-json\/wp\/v2\/users\/117"}],"replies":[{"embeddable":true,"href":"https:\/\/edublog.educastur.es\/ixuxu\/wp-json\/wp\/v2\/comments?post=39901"}],"version-history":[{"count":4,"href":"https:\/\/edublog.educastur.es\/ixuxu\/wp-json\/wp\/v2\/posts\/39901\/revisions"}],"predecessor-version":[{"id":39905,"href":"https:\/\/edublog.educastur.es\/ixuxu\/wp-json\/wp\/v2\/posts\/39901\/revisions\/39905"}],"wp:attachment":[{"href":"https:\/\/edublog.educastur.es\/ixuxu\/wp-json\/wp\/v2\/media?parent=39901"}],"wp:term":[{"taxonomy":"category","embeddable":true,"href":"https:\/\/edublog.educastur.es\/ixuxu\/wp-json\/wp\/v2\/categories?post=39901"},{"taxonomy":"post_tag","embeddable":true,"href":"https:\/\/edublog.educastur.es\/ixuxu\/wp-json\/wp\/v2\/tags?post=39901"}],"curies":[{"name":"wp","href":"https:\/\/api.w.org\/{rel}","templated":true}]}}