{"id":39967,"date":"2025-01-13T17:28:15","date_gmt":"2025-01-13T15:28:15","guid":{"rendered":"https:\/\/edublog.educastur.es\/ixuxu\/?p=39967"},"modified":"2025-01-14T17:37:04","modified_gmt":"2025-01-14T15:37:04","slug":"vixil-asoleyal-so-segundu-album-de-tecnopop","status":"publish","type":"post","link":"https:\/\/edublog.educastur.es\/ixuxu\/2025\/01\/vixil-asoleyal-so-segundu-album-de-tecnopop\/","title":{"rendered":"Vixil asoleya\u2019l so segundu \u00e1lbum de tecnopop \u00abSecra\u00bb"},"content":{"rendered":"<div class=\"elementor-element elementor-element-667e3c7 elementor-widget elementor-widget-theme-post-title elementor-page-title elementor-widget-heading\" data-id=\"667e3c7\" data-element_type=\"widget\" data-widget_type=\"theme-post-title.default\">\n<div class=\"elementor-widget-container\">\n<ul>\n<li class=\"elementor-heading-title elementor-size-default\"><a href=\"https:\/\/musicasturiana.com\/vixil-asoleyal-so-segundu-album-de-tecnopop\/?fbclid=IwZXh0bgNhZW0CMTEAAR30YOEPR3o67fddaS_u7BG8ya0pT0vgHlbbudujOC3TjDVYOQZEaDmWGow_aem__BdTVB8ilTtR4sQIUlhTDA\">MusicAsturiana.com \/ Vixil asoleya\u2019l so segundu \u00e1lbum de tecnopop<\/a><\/li>\n<\/ul>\n<\/div>\n<\/div>\n<div class=\"elementor-element elementor-element-00f4678 elementor-widget elementor-widget-theme-post-excerpt\" data-id=\"00f4678\" data-element_type=\"widget\" data-widget_type=\"theme-post-excerpt.default\">\n<div class=\"elementor-widget-container\">&#8216;SECRA&#8217; ye un EP de cuatro temes qu&#8217;amiesta son\u00edos electr\u00f3nicos y ambientales con histories de llogros torgaos nun contestu pop.<\/div>\n<div><\/div>\n<div style=\"text-align: center\">\n<!-- iframe plugin v.6.0 wordpress.org\/plugins\/iframe\/ -->\n<iframe loading=\"lazy\" width=\"100%\" height=\"370\" src=\"https:\/\/www.youtube.com\/embed\/s1hTu46bknc\" title=\"Vixil - \u00d3nde ta Mino -\" frameborder=\"0\" allow=\"accelerometer; autoplay; clipboard-write; encrypted-media; gyroscope; picture-in-picture; web-share\" referrerpolicy=\"strict-origin-when-cross-origin\" 0=\"allowfullscreen\" 1=\"\/iframe\" scrolling=\"yes\" class=\"iframe-class\"><\/iframe>\n<\/div>\n<div><\/div>\n<\/div>\n<p><!--more--><\/p>\n<div>\n<p><strong>Vixil\u00a0<\/strong>ye\u2019l proyectu propiu de\u00a0<strong>tecnopop y ambient<\/strong>\u00a0que Luis S\u00e1nchez -que y\u00e1 perteneciera al grupu sierense Lavandera- entam\u00f3 va cinco a\u00f1os na busca de\u00a0<strong>nueves sonoridaes<\/strong>. En 2023 autoedit\u00f3\u2019l so primer discu\u00a0<strong><em><a href=\"https:\/\/vixil1.bandcamp.com\/album\/adulces\" target=\"_blank\" rel=\"noreferrer noopener\" data-type=\"link\" data-id=\"https:\/\/vixil1.bandcamp.com\/album\/adulces\">Adulces<\/a><\/em><\/strong>\u00a0\u00abrestolando col ru\u00edu\u00bb, como comenta\u2019l m\u00fasicu. El so \u00faltimu llanzamientu ye\u00a0<strong><em><a href=\"https:\/\/vixil1.bandcamp.com\/album\/secra-e-p\" target=\"_blank\" rel=\"noreferrer noopener\" data-type=\"link\" data-id=\"https:\/\/vixil1.bandcamp.com\/album\/secra-e-p\">SECRA<\/a><\/em><\/strong>, un EP de cuatro temes con\u00a0<strong>protagonismu de la guitarra y mayor presencia de la voz<\/strong>.<\/p>\n<p>\u00abIntent\u00e9 volver garrar la guitarra pa sacar arreglinos o dibuxinos que conformasen el\u00a0<em>late motiv<\/em>\u00a0de la canci\u00f3n, como ye\u2019l casu de la primera, \u2018\u00d3nde ta Mino\u2019\u00bb. Asina describe Luis S\u00e1nchez l\u2019entamu de\u00a0<strong><em><a href=\"https:\/\/vixil1.bandcamp.com\/album\/secra-e-p\" target=\"_blank\" rel=\"noreferrer noopener\" data-type=\"link\" data-id=\"https:\/\/vixil1.bandcamp.com\/album\/secra-e-p\">SECRA<\/a><\/em><\/strong>, un discu que destaca, no instrumental, pola\u00a0<strong>combinaci\u00f3n de la guitarra y los son\u00edos electr\u00f3nicos<\/strong>\u00a0de percusi\u00f3n de\u00a0<strong>plaques<\/strong>\u00a0y teclaos; y, no vocal, por dos temes cantaos que falen de personaxes \u00abperdedores\u00bb con\u00a0<strong>dificultaes f\u00edsiques o mentales<\/strong>\u00a0p\u2019algamar aquello polo que nag\u00fcen. \u2018<strong>\u00d3nde ta Mino<\/strong>\u2018 -acompa\u00f1\u00e1u del so videoclip- y \u2018<strong>\u00c1scora encarn\u00e1<\/strong>\u2018 son los dos cantares onde pueden sentises estes histories. Sicas\u00ed, \u2018<strong>Una triste comedia<\/strong>\u2018 y \u2018<strong>S.E.C.R.A.<\/strong>\u2018 son dos temes instrumentales y ambientales empobinaos a la pista de baille.<\/p>\n<p style=\"text-align: center\">\n<!-- iframe plugin v.6.0 wordpress.org\/plugins\/iframe\/ -->\n<iframe loading=\"lazy\" style=\"border: 0; width: 350px; height: 470px;\" src=\"https:\/\/bandcamp.com\/EmbeddedPlayer\/album=1315784676\/size=large\/bgcol=ffffff\/linkcol=7137dc\/tracklist=false\/transparent=true\/\" 0=\"seamless&gt;&lt;a\" href=\"https:\/\/vixil1.bandcamp.com\/album\/adulces\" 1=\"\/iframe\" width=\"100%\" height=\"500\" scrolling=\"yes\" class=\"iframe-class\" frameborder=\"0\"><\/iframe>\n<\/p>\n<p>Per otru llau, el so anterior trabayu,\u00a0<strong><em>Adulces<\/em><\/strong>, ye un LP d\u2019once pistes, la mayor parte d\u2019elles instrumentales, nos que les lletres manifi\u00e9stense nuna voz non cantada sin\u00f3n programada al travi\u00e9s d\u2019un\u00a0<strong>llector de testos dixital<\/strong>. Ye un exemplu de la esploraci\u00f3n que Luis S\u00e1nchez quer\u00eda entamar con\u00a0<strong>Vixil<\/strong>\u00a0y que nesti \u00faltimu EP,\u00a0<strong><em>SECRA<\/em><\/strong>, dirixe a sonoridaes menos paisax\u00edstiques y m\u00e1s cercanes al\u00a0<strong>pop<\/strong>\u00a0col qu\u2019entam\u00f3 la so andadura musical.<\/p>\n<p><img loading=\"lazy\" decoding=\"async\" class=\"alignnone \" src=\"https:\/\/f4.bcbits.com\/img\/0032456240_10.jpg\" width=\"288\" height=\"288\" \/> \/ <a href=\"https:\/\/f4.bcbits.com\/img\/0032456244_10.jpg\"><img loading=\"lazy\" decoding=\"async\" class=\"alignnone \" src=\"https:\/\/f4.bcbits.com\/img\/0032456244_10.jpg\" width=\"768\" height=\"770\" \/><\/a><\/p>\n<\/div>\n<p style=\"text-align: center\">\n<!-- iframe plugin v.6.0 wordpress.org\/plugins\/iframe\/ -->\n<iframe loading=\"lazy\" style=\"border: 0; width: 350px; height: 470px;\" src=\"https:\/\/bandcamp.com\/EmbeddedPlayer\/album=3958547311\/size=large\/bgcol=ffffff\/linkcol=0687f5\/tracklist=false\/transparent=true\/\" 0=\"seamless&gt;&lt;a\" href=\"https:\/\/vixil1.bandcamp.com\/album\/secra-e-p\" 1=\"\/iframe\" width=\"100%\" height=\"500\" scrolling=\"yes\" class=\"iframe-class\" frameborder=\"0\"><\/iframe>\n<\/p>\n<p style=\"text-align: center\"><a href=\"https:\/\/f4.bcbits.com\/img\/a0277564660_16.jpg\"><img loading=\"lazy\" decoding=\"async\" class=\"aligncenter size-large\" src=\"https:\/\/f4.bcbits.com\/img\/a0277564660_16.jpg\" width=\"700\" height=\"700\" \/><\/a><\/p>\n","protected":false},"excerpt":{"rendered":"<p>MusicAsturiana.com \/ Vixil asoleya\u2019l so segundu \u00e1lbum de tecnopop &#8216;SECRA&#8217; ye un EP de cuatro temes qu&#8217;amiesta son\u00edos electr\u00f3nicos y ambientales con histories de llogros torgaos nun contestu pop.<\/p>\n","protected":false},"author":117,"featured_media":0,"comment_status":"open","ping_status":"open","sticky":false,"template":"","format":"standard","meta":{"footnotes":""},"categories":[35,125],"tags":[],"class_list":["post-39967","post","type-post","status-publish","format-standard","hentry","category-musica","category-musicasturiana-com"],"_links":{"self":[{"href":"https:\/\/edublog.educastur.es\/ixuxu\/wp-json\/wp\/v2\/posts\/39967","targetHints":{"allow":["GET"]}}],"collection":[{"href":"https:\/\/edublog.educastur.es\/ixuxu\/wp-json\/wp\/v2\/posts"}],"about":[{"href":"https:\/\/edublog.educastur.es\/ixuxu\/wp-json\/wp\/v2\/types\/post"}],"author":[{"embeddable":true,"href":"https:\/\/edublog.educastur.es\/ixuxu\/wp-json\/wp\/v2\/users\/117"}],"replies":[{"embeddable":true,"href":"https:\/\/edublog.educastur.es\/ixuxu\/wp-json\/wp\/v2\/comments?post=39967"}],"version-history":[{"count":4,"href":"https:\/\/edublog.educastur.es\/ixuxu\/wp-json\/wp\/v2\/posts\/39967\/revisions"}],"predecessor-version":[{"id":39971,"href":"https:\/\/edublog.educastur.es\/ixuxu\/wp-json\/wp\/v2\/posts\/39967\/revisions\/39971"}],"wp:attachment":[{"href":"https:\/\/edublog.educastur.es\/ixuxu\/wp-json\/wp\/v2\/media?parent=39967"}],"wp:term":[{"taxonomy":"category","embeddable":true,"href":"https:\/\/edublog.educastur.es\/ixuxu\/wp-json\/wp\/v2\/categories?post=39967"},{"taxonomy":"post_tag","embeddable":true,"href":"https:\/\/edublog.educastur.es\/ixuxu\/wp-json\/wp\/v2\/tags?post=39967"}],"curies":[{"name":"wp","href":"https:\/\/api.w.org\/{rel}","templated":true}]}}