{"id":40021,"date":"2025-01-13T08:30:12","date_gmt":"2025-01-13T06:30:12","guid":{"rendered":"https:\/\/edublog.educastur.es\/ixuxu\/?p=40021"},"modified":"2025-01-13T20:42:11","modified_gmt":"2025-01-13T18:42:11","slug":"el-friu-enfoscase-y-pon-navisu-a-espana-munches-capitales-van-tar-baxo-cero","status":"publish","type":"post","link":"https:\/\/edublog.educastur.es\/ixuxu\/2025\/01\/el-friu-enfoscase-y-pon-navisu-a-espana-munches-capitales-van-tar-baxo-cero\/","title":{"rendered":"El fr\u00edu enf\u00f3scase y pon n&#8217;avisu a Espa\u00f1a: munches capitales van tar baxo cero"},"content":{"rendered":"<p>El fr\u00edu enf\u00f3scase y pon n&#8217;avisu a Espa\u00f1a: munches capitales van tar baxo cero. Empezamos la selmana con ambiente dafechu ivernizo y col fr\u00edu n&#8217;Espa\u00f1a enfosc\u00e1ndose y poniendo n&#8217;avisu a munches rexones. <strong>Tenemos una masa d&#8217;aire fr\u00edo y seca que lleg\u00f3 dende&#8217;l norte d&#8217;Europa y que va dexar xelaes n&#8217;amplies zones del pa\u00eds y ambiente bien fr\u00edo.<\/strong><\/p>\n<p style=\"text-align: center\"><a href=\"https:\/\/lh7-rt.googleusercontent.com\/docsz\/AD_4nXcXpzV2-coXVorlktOHxf9slBkkXwP0CIWNvpASA3ZLd3DwTxatsCbMD3f0yFgpRY_cqt7a8K-65QosX5YoFC4VKNxHPsmo7DrR_DGhTXqJCKeGLMhkjjCVko2mvJ_japdYccqz2g?key=JwHoU3PK4YLOepyCetOoLZmk\"><img loading=\"lazy\" decoding=\"async\" class=\"aligncenter size-large\" src=\"https:\/\/lh7-rt.googleusercontent.com\/docsz\/AD_4nXcXpzV2-coXVorlktOHxf9slBkkXwP0CIWNvpASA3ZLd3DwTxatsCbMD3f0yFgpRY_cqt7a8K-65QosX5YoFC4VKNxHPsmo7DrR_DGhTXqJCKeGLMhkjjCVko2mvJ_japdYccqz2g?key=JwHoU3PK4YLOepyCetOoLZmk\" width=\"1600\" height=\"900\" \/><\/a>Fonte: <a href=\"https:\/\/www.eltiempo.es\/noticias\/el-frio-se-recrudece-y-pone-en-aviso-a-espana-muchas-capitales-estaran-bajo-cero\">El Tiempu<\/a> \/<\/p>\n<p><!--more--><\/p>\n<p>A pesar de que los avisos naranxes por temperatures realmente xelices (hasta -10\u00baC) activ\u00e1ronse, nun podemos falar de que teamos \u00e9nte la primer fola de fr\u00edu del 2025 n&#8217;Espa\u00f1a. Vamos Tener ambiente bien ivernizo, pero nun se van cumplir los criterios pa denominase fola de fr\u00edu.<\/p>\n<p>Tocantes a les ag\u00fces esta selmana, tamos pindies tami\u00e9n d&#8217;una DANA que, a partir del xueves, podr\u00eda averase pol Mediterr\u00e1neu y dexar bastios y nubes localmente fuertes en puntos de la mari\u00f1a y Baleares.<strong> El fr\u00edu intensif\u00edcase: xelaes y munches capitales baxo cero.<\/strong><\/p>\n<p>Col anticicl\u00f3n al norte d&#8217;Espa\u00f1a y l&#8217;umbada F\u00e9lix nel Mediterr\u00e1neu central, lleg\u00f3 mientres el domingu xuna masa d&#8217;aire fr\u00edo y seca dende l&#8217;interior del continente qu&#8217;esbarrumb\u00f3 les temperatures.<\/p>\n","protected":false},"excerpt":{"rendered":"<p>El fr\u00edu enf\u00f3scase y pon n&#8217;avisu a Espa\u00f1a: munches capitales van tar baxo cero. Empezamos la selmana con ambiente dafechu ivernizo y col fr\u00edu n&#8217;Espa\u00f1a enfosc\u00e1ndose y poniendo n&#8217;avisu a munches rexones. Tenemos una masa d&#8217;aire fr\u00edo y seca que lleg\u00f3 dende&#8217;l norte d&#8217;Europa y que va dexar xelaes n&#8217;amplies zones del pa\u00eds y ambiente [&hellip;]<\/p>\n","protected":false},"author":117,"featured_media":0,"comment_status":"open","ping_status":"open","sticky":false,"template":"","format":"standard","meta":{"footnotes":""},"categories":[5],"tags":[],"class_list":["post-40021","post","type-post","status-publish","format-standard","hentry","category-tiempu"],"_links":{"self":[{"href":"https:\/\/edublog.educastur.es\/ixuxu\/wp-json\/wp\/v2\/posts\/40021","targetHints":{"allow":["GET"]}}],"collection":[{"href":"https:\/\/edublog.educastur.es\/ixuxu\/wp-json\/wp\/v2\/posts"}],"about":[{"href":"https:\/\/edublog.educastur.es\/ixuxu\/wp-json\/wp\/v2\/types\/post"}],"author":[{"embeddable":true,"href":"https:\/\/edublog.educastur.es\/ixuxu\/wp-json\/wp\/v2\/users\/117"}],"replies":[{"embeddable":true,"href":"https:\/\/edublog.educastur.es\/ixuxu\/wp-json\/wp\/v2\/comments?post=40021"}],"version-history":[{"count":1,"href":"https:\/\/edublog.educastur.es\/ixuxu\/wp-json\/wp\/v2\/posts\/40021\/revisions"}],"predecessor-version":[{"id":40022,"href":"https:\/\/edublog.educastur.es\/ixuxu\/wp-json\/wp\/v2\/posts\/40021\/revisions\/40022"}],"wp:attachment":[{"href":"https:\/\/edublog.educastur.es\/ixuxu\/wp-json\/wp\/v2\/media?parent=40021"}],"wp:term":[{"taxonomy":"category","embeddable":true,"href":"https:\/\/edublog.educastur.es\/ixuxu\/wp-json\/wp\/v2\/categories?post=40021"},{"taxonomy":"post_tag","embeddable":true,"href":"https:\/\/edublog.educastur.es\/ixuxu\/wp-json\/wp\/v2\/tags?post=40021"}],"curies":[{"name":"wp","href":"https:\/\/api.w.org\/{rel}","templated":true}]}}