{"id":4004,"date":"2021-03-08T08:00:23","date_gmt":"2021-03-08T06:00:23","guid":{"rendered":"https:\/\/edublog.educastur.es\/ixuxu\/?p=4004"},"modified":"2021-03-20T23:55:32","modified_gmt":"2021-03-20T21:55:32","slug":"dia-internacional-de-la-muyer-trabayadora","status":"publish","type":"post","link":"https:\/\/edublog.educastur.es\/ixuxu\/2021\/03\/dia-internacional-de-la-muyer-trabayadora\/","title":{"rendered":"D\u00eda Internacional de la Muyer"},"content":{"rendered":"<blockquote>\n<p style=\"text-align: center\"><span style=\"color: #800080\"><strong><em>\u00abPer un mundu nel que s\u00edamos socialmente iguales, humanamente distintos y totalmente llibres\u00bb<\/em><\/strong> <\/span>Rosa Luxemburgo<\/p>\n<\/blockquote>\n<p><a href=\"https:\/\/imgbox.es\/images\/2021\/03\/02\/8m04831a1a41d3008d.jpg\"><img loading=\"lazy\" decoding=\"async\" class=\"aligncenter\" src=\"https:\/\/imgbox.es\/images\/2021\/03\/02\/8m04831a1a41d3008d.jpg\" alt=\"\" width=\"322\" height=\"322\" \/><\/a><\/p>\n<p style=\"text-align: center\"><strong><span style=\"font-size: 20px;color: #800080\"><em>La iguald\u00e1 ye llogru de toos y toes<\/em><\/span><\/strong><\/p>\n<p><!--more--><\/p>\n<div class=\"kvgmc6g5 cxmmr5t8 oygrvhab hcukyx3x c1et5uql ii04i59q\">\n<div dir=\"auto\">Y\u00e1 s&#8217;estren\u00f3 la p\u00edldora virtual dedicada a Clara Peeters, l&#8217;artista con mayor presencia nel Mus\u00e9u del Prau. Estos v\u00eddeos, realizaos por <span style=\"color: #008080\"><em><strong>Cunta me un cuadru<\/strong> <\/em><\/span>en<br \/>\ncollaboraci\u00f3n cola conceyal\u00eda de Pol\u00edtiques Sociales con motivu del #8M, tienen como oxetivu visualizar a les artistes maestres del arte.<\/div>\n<div dir=\"auto\"><\/div>\n<div dir=\"auto\" style=\"text-align: center\">\n<!-- iframe plugin v.6.0 wordpress.org\/plugins\/iframe\/ -->\n<iframe loading=\"lazy\" width=\"100%\" height=\"364\" src=\"https:\/\/www.youtube.com\/embed\/TQKc70wGQ-A\" scrolling=\"yes\" class=\"iframe-class\" frameborder=\"0\"><\/iframe>\n<\/div>\n<\/div>\n<div class=\"o9v6fnle cxmmr5t8 oygrvhab hcukyx3x c1et5uql ii04i59q\">\n<ul>\n<li><span class=\"pq6dq46d tbxw36s4 knj5qynh kvgmc6g5 ditlmg2l oygrvhab nvdbi5me sf5mxxl7 gl3lb2sf hhz5lgdu\">P<\/span>rogramaci\u00f3n del 8M en <a class=\"oajrlxb2 g5ia77u1 qu0x051f esr5mh6w e9989ue4 r7d6kgcz rq0escxv nhd2j8a9 nc684nl6 p7hjln8o kvgmc6g5 cxmmr5t8 oygrvhab hcukyx3x jb3vyjys rz4wbd8a qt6c0cv9 a8nywdso i1ao9s8h esuyzwwr f1sip0of lzcic4wl py34i1dx gpro0wi8\" role=\"link\" href=\"http:\/\/www.oviedo.es\/8marzo?fbclid=IwAR3SP9I4Am4qaPI51VHPmgJ2KiXr8FtwqqlcUc_zsaFg4HfrwXfNLUa41P8\" target=\"_blank\" rel=\"nofollow noopener\">www.oviedo.es\/8marzo<\/a><\/li>\n<\/ul>\n<\/div>\n<p style=\"text-align: center\">\n<!-- iframe plugin v.6.0 wordpress.org\/plugins\/iframe\/ -->\n<iframe loading=\"lazy\" src=\"https:\/\/www.facebook.com\/plugins\/video.php?height=314&#038;href=https%3A%2F%2Fwww.facebook.com%2Fconcha.taguacarretero%2Fvideos%2F4095669030467795%2F&#038;show_text=true&#038;width=560\" width=\"560\" height=\"429\" 0=\"\/iframe\" scrolling=\"yes\" class=\"iframe-class\" frameborder=\"0\"><\/iframe>\n<\/p>\n<ul>\n<li><a href=\"https:\/\/es.wikipedia.org\/wiki\/D%C3%ADa_Internacional_de_la_Mujer\">Wiki<\/a><\/li>\n<\/ul>\n<p>El D\u00eda Internacional de la Muyer originalmente denomin\u00e1u <span style=\"color: #800080\"><strong><em>D\u00eda Internacional de la Muyer Trabayadora<\/em><\/strong><\/span>,\u200b conmemora la llucha de la muyer pola so participaci\u00f3n dientro de la socied\u00e1, de pies d&#8217;emancipaci\u00f3n de la muyer y nel so desenvolvimientu \u00edntegru como persona. Conmem\u00f3rase&#8217;l 8 de marzu y ye fiesta nacional en dellos pa\u00edses.\u200b Foi institucionaliz\u00e1u poles Naciones Xun\u00edes en 1975 col nome de <strong>D\u00eda Internacional de la Muyer.<\/strong><\/p>\n<p><!--more--><\/p>\n<p><a href=\"https:\/\/www.unwomen.org\/es\/news\/in-focus\/international-womens-day\"><img loading=\"lazy\" decoding=\"async\" class=\"alignnone size-full\" src=\"https:\/\/www.unwomen.org\/-\/media\/un%20women%20logos\/unwomen-logo-blue-transparent-background-271x70-es.gif?vs=350&amp;h=70&amp;w=271&amp;la=es&amp;hash=A2D171205202B482A93F8E82563EF3EFDF117A9A\" width=\"271\" height=\"70\" \/><\/a><\/p>\n<ul>\n<li><a href=\"https:\/\/www.unwomen.org\/es\/news\/in-focus\/international-womens-day\">ONU Muyeres<\/a><\/li>\n<\/ul>\n<p><a href=\"https:\/\/www.unwomen.org\/-\/media\/headquarters\/images\/sections\/news\/in%20focus\/iwd\/international-womens-day-banner-2021-960x450.png?la=es&amp;vs=4332\"><img loading=\"lazy\" decoding=\"async\" class=\"aligncenter\" src=\"https:\/\/www.unwomen.org\/-\/media\/headquarters\/images\/sections\/news\/in%20focus\/iwd\/international-womens-day-banner-2021-960x450.png?la=es&amp;vs=4332\" alt=\"\" width=\"467\" height=\"219\" \/><\/a><\/p>\n<p style=\"text-align: center\"><em>Credit: ONU Mujeres\/Yihui Yuan.<\/em><\/p>\n<p>Les muyeres del mundu deseyen y merecen un futuru igualitariu ensin estigma, estereotipos nin violencia; un futuru que s\u00eda sostenible, pac\u00edficu, con iguald\u00e1 de derechos y oportunidaes para toles persones. Con cuenta de llograr esti oxetivu, el mundu precisa muyeres en toles meses nes que se tomen decisiones.<\/p>\n<p>ONU Muyeres trabaya para emprestar sofitu a toles muyeres que t\u00e1n na primer ll\u00ednea de la llucha contra esta pandemia; promueve soluciones llaborales flexibles; y prioriza servicios para prevenir la violencia de x\u00e9neru contra muyeres y ne\u00f1es nel \u00e1mbitu priv\u00e1u.<\/p>\n<blockquote><p><span style=\"color: #800080\"><em><strong>\u201cMuyeres l\u00edderes: Por un futuru igualitariu nel mundu de la Covid-19\u201d<\/strong><\/em><\/span><\/p><\/blockquote>\n<p>Angua\u00f1o, la tema del D\u00eda Internacional de la Muyer (8 de marzu), <em><strong>\u201cMuyeres l\u00edderes: Por un futuru igualitariu nel mundu de la Covid-19\u201d,<\/strong><\/em> celebra los enormes esfuerzos realizaos por muyeres y ne\u00f1es de too el mundu a la de definir un futuru m\u00e1s igualitariu y la recuperaci\u00f3n \u00e9nte la pandemia de Covid-19, y resalta los defectos que persisten.<\/p>\n<p>Coles mesmes, les muyeres at\u00f3pense al mandu de la batalla contra la Covid-19, como trabayadores del sector de la sal\u00fa y en primer ll\u00ednea, y como <strong>cient\u00edfiques, m\u00e9diques y cuidadores;<\/strong> sicas\u00ed, ganen un 11 per cientu menos globalmente en comparanza colos sos hom\u00f3logos masculinos. Como se\u00f1ala un anal\u00eds d&#8217;equipos de trabayu sobro la Covid-19 de 87 pa\u00edses, solamente&#8217;l 3,5 per cientu d&#8217;estos ten\u00eden parid\u00e1 de x\u00e9neru.<\/p>\n<p><strong>Cuando les muyeres t\u00e1n al cargu, reparense resultancies positives.<\/strong> Delles de les respuestes m\u00e1s eficientes y exemplares \u00e9nte la pandemia de la Covid-19 fueron dirix\u00edes por muyeres. Y les muyeres, especialmente les nueves, son quien entamen movimientos diversos ya inclusivos en ll\u00ednea y na cai a favor de la xusticia social y l&#8217;iguald\u00e1 o la llucha contra&#8217;l camb\u00e9u clim\u00e1ticu perdayuri del mundu. Sicas\u00ed, les muyeres de menos de 30 a\u00f1os d&#8217;ed\u00e1 representen menos del 1 per cientu de los parllamentarios a escala mundial.<\/p>\n<p><strong>Por tollo, el D\u00eda Internacional de la Muyer d&#8217;angua\u00f1o ye un clamor a favor de la Xeneraci\u00f3n Iguald\u00e1, con cuenta d&#8217;actuar pa consiguir un futuru igualitariu pa toes y toos.<\/strong> El <a href=\"http:\/\/forogeneracionigualdad.mx\/\">Foru Xeneraci\u00f3n Iguald\u00e1, la xunta m\u00e1s importante pa la inversi\u00f3n y l&#8217;adopci\u00f3n de mid\u00edes pola iguald\u00e1 de x\u00e9neru, va dar empiezu en Ciud\u00e1 de M\u00e9xico ente&#8217;l 29 y el 31 de marzu,<\/a> y va clausurase en Par\u00eds en xunu de 2021. Esti eventu va rexuntar a persones l\u00edderes, visionaries y activistes de too el mundu, de manera segura nuna plataforma virtual, con cuenta d&#8217;impulsar un camb\u00e9u tresformador y duradero pa les xeneraciones vinientes.<\/p>\n<p><a href=\"http:\/\/forogeneracionigualdad.mx\/\"><img loading=\"lazy\" decoding=\"async\" class=\"alignnone size-full\" src=\"https:\/\/forogeneracionigualdad.mx\/wp-content\/uploads\/2021\/02\/foro-generacion-igualdad-mexico-logo.png\" width=\"320\" height=\"76\" \/><\/a><\/p>\n<ul>\n<li><a href=\"http:\/\/forogeneracionigualdad.mx\/\">http:\/\/forogeneracionigualdad.mx\/<\/a><\/li>\n<\/ul>\n<p>&nbsp;<\/p>\n","protected":false},"excerpt":{"rendered":"<p>\u00abPer un mundu nel que s\u00edamos socialmente iguales, humanamente distintos y totalmente llibres\u00bb Rosa Luxemburgo La iguald\u00e1 ye llogru de toos y toes<\/p>\n","protected":false},"author":117,"featured_media":0,"comment_status":"open","ping_status":"open","sticky":false,"template":"","format":"standard","meta":{"footnotes":""},"categories":[6],"tags":[],"class_list":["post-4004","post","type-post","status-publish","format-standard","hentry","category-dia-de"],"_links":{"self":[{"href":"https:\/\/edublog.educastur.es\/ixuxu\/wp-json\/wp\/v2\/posts\/4004","targetHints":{"allow":["GET"]}}],"collection":[{"href":"https:\/\/edublog.educastur.es\/ixuxu\/wp-json\/wp\/v2\/posts"}],"about":[{"href":"https:\/\/edublog.educastur.es\/ixuxu\/wp-json\/wp\/v2\/types\/post"}],"author":[{"embeddable":true,"href":"https:\/\/edublog.educastur.es\/ixuxu\/wp-json\/wp\/v2\/users\/117"}],"replies":[{"embeddable":true,"href":"https:\/\/edublog.educastur.es\/ixuxu\/wp-json\/wp\/v2\/comments?post=4004"}],"version-history":[{"count":4,"href":"https:\/\/edublog.educastur.es\/ixuxu\/wp-json\/wp\/v2\/posts\/4004\/revisions"}],"predecessor-version":[{"id":4492,"href":"https:\/\/edublog.educastur.es\/ixuxu\/wp-json\/wp\/v2\/posts\/4004\/revisions\/4492"}],"wp:attachment":[{"href":"https:\/\/edublog.educastur.es\/ixuxu\/wp-json\/wp\/v2\/media?parent=4004"}],"wp:term":[{"taxonomy":"category","embeddable":true,"href":"https:\/\/edublog.educastur.es\/ixuxu\/wp-json\/wp\/v2\/categories?post=4004"},{"taxonomy":"post_tag","embeddable":true,"href":"https:\/\/edublog.educastur.es\/ixuxu\/wp-json\/wp\/v2\/tags?post=4004"}],"curies":[{"name":"wp","href":"https:\/\/api.w.org\/{rel}","templated":true}]}}