{"id":40047,"date":"2025-01-14T11:32:31","date_gmt":"2025-01-14T09:32:31","guid":{"rendered":"https:\/\/edublog.educastur.es\/ixuxu\/?p=40047"},"modified":"2025-01-14T18:12:33","modified_gmt":"2025-01-14T16:12:33","slug":"40047","status":"publish","type":"post","link":"https:\/\/edublog.educastur.es\/ixuxu\/2025\/01\/40047\/","title":{"rendered":"D&#8217;\u00f3nde vienen los turistes que m\u00e1s gasten n&#8217;Asturies"},"content":{"rendered":"<ul>\n<li>Fonte: <a href=\"https:\/\/www.lavozdeasturias.es\/noticia\/asturias\/2025\/01\/09\/donde-vienen-turistas-gastan-asturias\/00031736438760470683496.htm?fbclid=IwZXh0bgNhZW0CMTEAAR2S92s0OrDL_MX9sJo90xx63t46JHr61I_ZyG6lSrTaolCE7GpP1kaBhU8_aem_dgA_Q_pkMVa2m9Nt28Q-GA\">La Voz<\/a> \/<\/li>\n<li><strong><em>1\u00ba Francia \/ 2\u00ba Estaos Xun\u00edos \/ 3\u00ba Alema\u00f1a \/ <\/em><\/strong><em>4\u00ba Reino U. \/ 5\u00ba B\u00e9lxica y Nerlandeses \/\u00a0 6\u00ba <\/em><em>mexicanos, irlandeses, italianos.<\/em><\/li>\n<\/ul>\n<p style=\"text-align: center\"><a href=\"https:\/\/img.lavdg.com\/sc\/0MSsZeMTaI7kmGVfVSpyOQmOODs=\/768x\/2025\/01\/09\/00121736438742996981566\/Foto\/v1.jpg\"><img loading=\"lazy\" decoding=\"async\" class=\"aligncenter size-large\" src=\"https:\/\/img.lavdg.com\/sc\/0MSsZeMTaI7kmGVfVSpyOQmOODs=\/768x\/2025\/01\/09\/00121736438742996981566\/Foto\/v1.jpg\" width=\"768\" height=\"430\" \/><\/a><\/p>\n<p>L&#8217;a\u00f1u pas\u00e1u foi un exerciciu brillosu para&#8217;l sector del turismu n&#8217;Asturies, seg\u00fan tolos datos, inclusive los del sector de la hosteler\u00eda, que present\u00f3 les sos cifres m\u00e1s actualizaes en cantu la pasada Nuechevieya, una media a\u00f1al d&#8217;ocupaci\u00f3n del 52,44%, lo que supon un puntu m\u00e1s qu&#8217;en 2023 y un picu nel mes d&#8217;agostu de 2024 nel total d&#8217;empleos xeneraos de manera directa pol sector que xubi\u00f3 a 39.126 persones.<\/p>\n<p><!--more--><\/p>\n<p>Asturies benefici\u00f3se de la meyora de les comunicaciones, sobromanera pola apertura de la Variante de Payares, y tami\u00e9n crecieron los turistes internacionales, \u00bfqui\u00e9n son, d&#8217;\u00f3nde proceden, cu\u00e1l ye&#8217;l so gastu na comunid\u00e1?<\/p>\n<p>Les respuestes a estes entrugues fueron recoy\u00edes pol <strong>Institutu Nacional d&#8217;Estad\u00edstiques (INE)<\/strong> y colos datos correspondientes al tercer trimestre del a\u00f1u pas\u00e1u, en temporada alta, <strong>Francia ye de llue\u00f1e l&#8217;orixe de la mayor parte de los viaxeros estranxeros que s&#8217;averaron al Princip\u00e1u y tami\u00e9n son los que, de forma global, m\u00e1s euros gastaren na comunid\u00e1: seg\u00fan el INE nesos tr\u00e9s meses los turistes franceses dexaren n&#8217;Asturies 19 millones d&#8217;euros.<\/strong><\/p>\n<p>A los franceses s\u00edgenlos los turistes procedentes d&#8217;<strong>Estaos Xun\u00edos<\/strong>, toos ellos nel tercer trimestre del a\u00f1u gastaren nel Princip\u00e1u una suma que supera llargamente los 16 millones d&#8217;euros. <strong>El tercer puestu ye para los alemanes,<\/strong> con 14 millones d&#8217;euros y ellos y\u00e1 los siguen <strong>brit\u00e1nicos,<\/strong> con m\u00e1s de 12 millones d&#8217;euros; <strong>belgues y neerlandeses<\/strong>, cada unu d&#8217;ellos con daqu\u00e9 m\u00e1s de 9 millones d&#8217;euros y tami\u00e9n casi empataos nun gastu d&#8217;en redol a 6 millones d&#8217;euros, <strong>mexicanos, irlandeses ya italianos<\/strong>.<\/p>\n","protected":false},"excerpt":{"rendered":"<p>Fonte: La Voz \/ 1\u00ba Francia \/ 2\u00ba Estaos Xun\u00edos \/ 3\u00ba Alema\u00f1a \/ 4\u00ba Reino U. \/ 5\u00ba B\u00e9lxica y Nerlandeses \/\u00a0 6\u00ba mexicanos, irlandeses, italianos. L&#8217;a\u00f1u pas\u00e1u foi un exerciciu brillosu para&#8217;l sector del turismu n&#8217;Asturies, seg\u00fan tolos datos, inclusive los del sector de la hosteler\u00eda, que present\u00f3 les sos cifres m\u00e1s actualizaes [&hellip;]<\/p>\n","protected":false},"author":117,"featured_media":0,"comment_status":"open","ping_status":"open","sticky":false,"template":"","format":"standard","meta":{"footnotes":""},"categories":[18],"tags":[],"class_list":["post-40047","post","type-post","status-publish","format-standard","hentry","category-turismu"],"_links":{"self":[{"href":"https:\/\/edublog.educastur.es\/ixuxu\/wp-json\/wp\/v2\/posts\/40047","targetHints":{"allow":["GET"]}}],"collection":[{"href":"https:\/\/edublog.educastur.es\/ixuxu\/wp-json\/wp\/v2\/posts"}],"about":[{"href":"https:\/\/edublog.educastur.es\/ixuxu\/wp-json\/wp\/v2\/types\/post"}],"author":[{"embeddable":true,"href":"https:\/\/edublog.educastur.es\/ixuxu\/wp-json\/wp\/v2\/users\/117"}],"replies":[{"embeddable":true,"href":"https:\/\/edublog.educastur.es\/ixuxu\/wp-json\/wp\/v2\/comments?post=40047"}],"version-history":[{"count":5,"href":"https:\/\/edublog.educastur.es\/ixuxu\/wp-json\/wp\/v2\/posts\/40047\/revisions"}],"predecessor-version":[{"id":40141,"href":"https:\/\/edublog.educastur.es\/ixuxu\/wp-json\/wp\/v2\/posts\/40047\/revisions\/40141"}],"wp:attachment":[{"href":"https:\/\/edublog.educastur.es\/ixuxu\/wp-json\/wp\/v2\/media?parent=40047"}],"wp:term":[{"taxonomy":"category","embeddable":true,"href":"https:\/\/edublog.educastur.es\/ixuxu\/wp-json\/wp\/v2\/categories?post=40047"},{"taxonomy":"post_tag","embeddable":true,"href":"https:\/\/edublog.educastur.es\/ixuxu\/wp-json\/wp\/v2\/tags?post=40047"}],"curies":[{"name":"wp","href":"https:\/\/api.w.org\/{rel}","templated":true}]}}