{"id":40051,"date":"2025-01-14T12:45:22","date_gmt":"2025-01-14T10:45:22","guid":{"rendered":"https:\/\/edublog.educastur.es\/ixuxu\/?p=40051"},"modified":"2025-01-16T13:42:36","modified_gmt":"2025-01-16T11:42:36","slug":"rodrigo-cuevas","status":"publish","type":"post","link":"https:\/\/edublog.educastur.es\/ixuxu\/2025\/01\/rodrigo-cuevas\/","title":{"rendered":"Rodrigo Cuevas, premiu Carmen Ruiz-Tilve pola Paz 2025"},"content":{"rendered":"<ul>\n<li><a href=\"https:\/\/youtu.be\/oNLqqfDvRos\">Soi de Verdiciu<\/a> \/<\/li>\n<li>Rodrigo Cuevas:\/ <a href=\"https:\/\/rodrigocuevas.sexy\/\">web<\/a> \/ <a href=\"https:\/\/www.noticiasdenavarra.com\/cultura\/2022\/01\/05\/rodrigo-cuevas-cultura-tradicional-necesita-2101814.html\">entrevista<\/a> \/ <a href=\"https:\/\/www.instagram.com\/rodrigocuevasg\/\">Instagram<\/a> \/ <a href=\"https:\/\/www.youtube.com\/embed\/oNLqqfDvRos\">Soi de Verdiciu<\/a> \/<\/li>\n<li><a href=\"https:\/\/edublog.educastur.es\/ixuxu\/2024\/11\/vii-premiu-carmen-ruiz-tilve-pola-paz\/\">Premiu Carmen Ruiz-Tilve VII edici\u00f3n<\/a> \/<\/li>\n<\/ul>\n<p style=\"text-align: center\">\n<!-- iframe plugin v.6.0 wordpress.org\/plugins\/iframe\/ -->\n<iframe loading=\"lazy\" width=\"100%\" height=\"398\" src=\"https:\/\/www.youtube.com\/embed\/FiKZaiLBgBs?list=RDKUKgMzyyBfY\" title=\"Rodrigo Cuevas - ALL\u00c1 ARRIBITA (Lyric Video)\" frameborder=\"0\" allow=\"accelerometer; autoplay; clipboard-write; encrypted-media; gyroscope; picture-in-picture; web-share\" referrerpolicy=\"strict-origin-when-cross-origin\" 0=\"allowfullscreen\" 1=\"\/iframe\" scrolling=\"yes\" class=\"iframe-class\"><\/iframe>\n<\/p>\n<p><!--more--><\/p>\n<p style=\"text-align: center\">\n<!-- iframe plugin v.6.0 wordpress.org\/plugins\/iframe\/ -->\n<iframe loading=\"lazy\" src=\"https:\/\/www.instagram.com\/reel\/DA4iIL4vloM\/embed\" width=\"460\" height=\"640\" 0=\"\/iframe\" scrolling=\"yes\" class=\"iframe-class\" frameborder=\"0\"><\/iframe>\n<\/p>\n<p style=\"text-align: center\">\n<!-- iframe plugin v.6.0 wordpress.org\/plugins\/iframe\/ -->\n<iframe loading=\"lazy\" width=\"100%\" height=\"398\" src=\"https:\/\/www.youtube.com\/embed\/e3GJ2kL3SnY\" title=\"Rozal\u00e9n y Rodrigo Cuevas interpretan &#039;Te quiero porque te quiero&#039; en el plat\u00f3 de El Intermedio\" frameborder=\"0\" allow=\"accelerometer; autoplay; clipboard-write; encrypted-media; gyroscope; picture-in-picture; web-share\" referrerpolicy=\"strict-origin-when-cross-origin\" 0=\"allowfullscreen\" 1=\"\/iframe\" scrolling=\"yes\" class=\"iframe-class\"><\/iframe>\n<\/p>\n<p style=\"text-align: center\"><a href=\"https:\/\/rodrigocuevas.sexy\/wp-content\/uploads\/2018\/10\/Rodrigo-Footer-1.jpg\"><img loading=\"lazy\" decoding=\"async\" class=\"aligncenter size-large\" src=\"https:\/\/rodrigocuevas.sexy\/wp-content\/uploads\/2018\/10\/Rodrigo-Footer-1.jpg\" width=\"1920\" height=\"739\" \/><\/a><\/p>\n<p>L&#8217;artista multidisciplinar, quien revolucion\u00f3 la m\u00fasica tradicional a ritmu de \u00abelectro cupl\u00e9\u00bb, definise a s\u00ed mesmu va un tiempu como<strong> \u00abaxitador folcl\u00f3ricu\u00bb.<\/strong><\/p>\n<p style=\"text-align: center\">\n<!-- iframe plugin v.6.0 wordpress.org\/plugins\/iframe\/ -->\n<iframe loading=\"lazy\" width=\"100%\" height=\"398\" src=\"https:\/\/www.youtube.com\/embed\/fQKdAfSZC9w\" title=\"Rodrigo Cuevas - C\u00d3MO YE?! (Lyric Video)\" frameborder=\"0\" allow=\"accelerometer; autoplay; clipboard-write; encrypted-media; gyroscope; picture-in-picture; web-share\" referrerpolicy=\"strict-origin-when-cross-origin\" 0=\"allowfullscreen\" 1=\"\/iframe\" scrolling=\"yes\" class=\"iframe-class\"><\/iframe>\n<\/p>\n<p>Unu pertenez a la so xeneraci\u00f3n, \u00abanque esperimente sensaciones que paecen individuales, son colectives\u00bb, los acontecimientos sociales, culturales y pol\u00edticos afecten igual a munches persones, opin\u00f3, polo que nun cree qu&#8217;el so estilu folcl\u00f3ricu musical s\u00eda daqu\u00e9 propiu.<\/p>\n<p>\u00abAgora hai munchos artistes esmolec\u00edos pola perda del patrimoniu inmaterial\u00bb, a\u00f1edi\u00f3, anque<strong> cree que n&#8217;Espa\u00f1a se precisen ent\u00e1 \u00abm\u00e1s defensores de la cultura tradicional, el mundu rural y, sobremanera, el caltenimientu de los oficios artesanales\u00bb.<\/strong><\/p>\n<p>Asina, reivindic\u00f3 la pervivencia de t\u00e9cniques tradicionales emplegaes na construcci\u00f3n, el caltenimientu de los alimentos y el testil, que, si se piereden, supondr\u00eden \u00abuna perda terrible de patrimoniu\u00bb.<\/p>\n<p>Cuevas estudi\u00f3 nel conservatorio d&#8217;Uvi\u00e9u y form\u00f3se mientres tr\u00e9s a\u00f1os en Sonolog\u00eda en Barcelona.<\/p>\n<p>Por ello, cree que \u00ablos chavales t\u00e1n adoctrinaos dende peque\u00f1os\u00bb, porque consideren que \u00abdir a la universid\u00e1 ye sin\u00f3nimu d&#8217;\u00e9situ, estudiar FP ye pa los tontos y nun tener estudios ye de fracasaos\u00bb, ente que dedicase a un trabayu artesanal \u00abye y\u00e1 d&#8217;outsider de la socied\u00e1 y de daqui\u00e9n ensin nenguna aspiraci\u00f3n vital\u00bb.<\/p>\n<p>Cuevas defendi\u00f3 qu&#8217;angua\u00f1o ye bien dif\u00edcil convencer a daqui\u00e9n de que trabayar nun oficiu artesanu puede apurrir la felicid\u00e1 de vivir a un ritmu m\u00e1s sele, conforme a los sos ideales, ser due\u00f1u del so trabayu y esfrutar creando daqu\u00e9 coles manos.<\/p>\n<p>\u00abNa d\u00f3mina de los nuesos g\u00fcelos, la xente probe yeren los artesanos y los ricos yeren los qu&#8217;estudiaron, pero y\u00e1 nun tien que ser asina. Nin el dineru nin la formaci\u00f3n acad\u00e9mica ye tou\u00bb, diz.<\/p>\n<p>Agora, \u00abla xente busca m\u00e1s tener sal\u00fa mental y pollo ta tornando a los pueblos\u00bb, concl\u00fai esti m\u00fasicu, quien vive nuna pequena aldega asturiana con dos burrinas, pites, gatos y una perra.<\/p>\n<p style=\"text-align: center\">\n<!-- iframe plugin v.6.0 wordpress.org\/plugins\/iframe\/ -->\n<iframe loading=\"lazy\" width=\"100%\" height=\"398\" src=\"https:\/\/www.youtube.com\/embed\/ilZrKvPRArE\" title=\"As\u00ed cautiva Rodrigo Cuevas a Thais Villas cant\u00e1ndole una jota en directo - El Intermedio\" frameborder=\"0\" allow=\"accelerometer; autoplay; clipboard-write; encrypted-media; gyroscope; picture-in-picture; web-share\" referrerpolicy=\"strict-origin-when-cross-origin\" 0=\"allowfullscreen\" 1=\"\/iframe\" scrolling=\"yes\" class=\"iframe-class\"><\/iframe>\n<\/p>\n<p style=\"text-align: center\">\n","protected":false},"excerpt":{"rendered":"<p>Soi de Verdiciu \/ Rodrigo Cuevas:\/ web \/ entrevista \/ Instagram \/ Soi de Verdiciu \/ Premiu Carmen Ruiz-Tilve VII edici\u00f3n \/<\/p>\n","protected":false},"author":117,"featured_media":0,"comment_status":"open","ping_status":"open","sticky":false,"template":"","format":"standard","meta":{"footnotes":""},"categories":[64,35,58],"tags":[],"class_list":["post-40051","post","type-post","status-publish","format-standard","hentry","category-carmen-ruiz-tilve","category-musica","category-premios"],"_links":{"self":[{"href":"https:\/\/edublog.educastur.es\/ixuxu\/wp-json\/wp\/v2\/posts\/40051","targetHints":{"allow":["GET"]}}],"collection":[{"href":"https:\/\/edublog.educastur.es\/ixuxu\/wp-json\/wp\/v2\/posts"}],"about":[{"href":"https:\/\/edublog.educastur.es\/ixuxu\/wp-json\/wp\/v2\/types\/post"}],"author":[{"embeddable":true,"href":"https:\/\/edublog.educastur.es\/ixuxu\/wp-json\/wp\/v2\/users\/117"}],"replies":[{"embeddable":true,"href":"https:\/\/edublog.educastur.es\/ixuxu\/wp-json\/wp\/v2\/comments?post=40051"}],"version-history":[{"count":14,"href":"https:\/\/edublog.educastur.es\/ixuxu\/wp-json\/wp\/v2\/posts\/40051\/revisions"}],"predecessor-version":[{"id":40240,"href":"https:\/\/edublog.educastur.es\/ixuxu\/wp-json\/wp\/v2\/posts\/40051\/revisions\/40240"}],"wp:attachment":[{"href":"https:\/\/edublog.educastur.es\/ixuxu\/wp-json\/wp\/v2\/media?parent=40051"}],"wp:term":[{"taxonomy":"category","embeddable":true,"href":"https:\/\/edublog.educastur.es\/ixuxu\/wp-json\/wp\/v2\/categories?post=40051"},{"taxonomy":"post_tag","embeddable":true,"href":"https:\/\/edublog.educastur.es\/ixuxu\/wp-json\/wp\/v2\/tags?post=40051"}],"curies":[{"name":"wp","href":"https:\/\/api.w.org\/{rel}","templated":true}]}}