{"id":40055,"date":"2025-01-14T12:49:33","date_gmt":"2025-01-14T10:49:33","guid":{"rendered":"https:\/\/edublog.educastur.es\/ixuxu\/?p=40055"},"modified":"2025-01-14T18:09:08","modified_gmt":"2025-01-14T16:09:08","slug":"40055","status":"publish","type":"post","link":"https:\/\/edublog.educastur.es\/ixuxu\/2025\/01\/40055\/","title":{"rendered":"VII Premios pola Paz Carmen Ruiz-Tilve"},"content":{"rendered":"<p>El CP Carmen Ruiz-Tilve (Uvi\u00e9u) premia, nos <strong>VII Premios pola Paz<\/strong> (abiertos a la comunid\u00e1 y empobin\u00e1u a persones ya instituciones que realicen acciones destacaes para promover y contribuyir a una cultura de paz):<\/p>\n<ul>\n<li><span style=\"color: #008080\">Persones: <\/span><strong><span style=\"color: #008080\">Rodrigo Cuevas:<\/span> <a href=\"https:\/\/rodrigocuevas.sexy\/\">web<\/a> \/\u00a0 <a href=\"https:\/\/www.instagram.com\/rodrigocuevasg\/\">IG<\/a> \/ <a href=\"https:\/\/www.instagram.com\/la_benefica_pilona\/\">La Ben\u00e9fica Pilo\u00f1a<\/a> \/<br \/>\n<\/strong><\/li>\n<li><span style=\"color: #008080\">Instituciones: <strong>M\u00e1s Paz<\/strong><\/span>: <a href=\"https:\/\/www.eapnasturias.org\/entidad\/maspaz-movimiento-asturiano-por-la-paz-fip\/\">web<\/a> \/ <a href=\"https:\/\/www.facebook.com\/movimientoasturianoporlapaz\/?locale=es_ES\">Fb<\/a> \/ <a href=\"https:\/\/www.instagram.com\/maspaz_\/?fbclid=IwZXh0bgNhZW0CMTAAAR2hbRIx-s9294_XH_zK3Tn6VfLdWL0lEcd_Dg8PXvXobObjPKo7YOhXrgE_aem_2J4RrEZZVEIuLjtPWQ0vjg\">IG<\/a> \/<\/li>\n<\/ul>\n<p><a href=\"https:\/\/www.mondosonoro.com\/wp-content\/uploads\/2018\/11\/rodrgo-cuevas.jpg\"><img loading=\"lazy\" decoding=\"async\" class=\"alignnone \" src=\"https:\/\/www.mondosonoro.com\/wp-content\/uploads\/2018\/11\/rodrgo-cuevas.jpg\" width=\"324\" height=\"216\" \/><\/a> \/ <a href=\"https:\/\/www.eapnasturias.org\/wp-content\/uploads\/2018\/09\/maspaz-logo.jpg\"><img loading=\"lazy\" decoding=\"async\" class=\"alignnone \" src=\"https:\/\/www.eapnasturias.org\/wp-content\/uploads\/2018\/09\/maspaz-logo.jpg\" width=\"301\" height=\"216\" \/><\/a><\/p>\n<p><span class=\"x193iq5w xeuugli x13faqbe x1vvkbs x1xmvt09 x1lliihq x1s928wv xhkezso x1gmr53x x1cpjm7i x1fgarty x1943h6x xudqn12 x3x7a5m x1f6kntn xvq8zen xo1l8bm xzsf02u x1yc453h\" dir=\"auto\">La entrega ser\u00e1 nel Colexu el pr\u00f3simu xueves 30 de xineru a les 17:00 hores. <\/span><\/p>\n<p><!--more--><a href=\"https:\/\/alojaweb.educastur.es\/documents\/1928318\/10832236\/CARTEL+VII+PREMIO+POR+LA+PAZ\/9b64a927-c2a3-4f6c-a988-83dbc3ec36c9?t=1731838952827\"><img loading=\"lazy\" decoding=\"async\" class=\"aligncenter \" src=\"https:\/\/alojaweb.educastur.es\/documents\/1928318\/10832236\/CARTEL+VII+PREMIO+POR+LA+PAZ\/9b64a927-c2a3-4f6c-a988-83dbc3ec36c9?t=1731838952827\" width=\"336\" height=\"479\" \/><\/a><\/p>\n<ul>\n<li><a href=\"https:\/\/www.educastur.es\/documents\/34868\/38304\/2024-11-concursos-Premio-Paz-CPCRiuzTilve-info.pdf\/19e329f9-1bac-f042-ed60-cd925aaee5f4?t=1731662462355\" target=\"_blank\" rel=\"noopener\">Bases<\/a> (pdf) \/\u00a0 Inscripci\u00f3n hasta&#8217;l 12 de xineru 2025 \/ <a href=\"https:\/\/www.educastur.es\/documents\/34868\/38304\/2024-11-concursos-Premio-Paz-CPCRiuzTilve-inscripcion.docx\/c746c56e-629a-bfd0-1120-f10ec35e5a61?t=1731662570327\">Formulariu d&#8217;inscripci\u00f3n<\/a>\u00a0(doc)<\/li>\n<li>\u00a0<a href=\"mailto:corredoria3@educastur.org\">corredoria3@educastur.org<\/a>\/ <a href=\"https:\/\/alojaweb.educastur.es\/web\/carmenruiztilve\/premio-por-la-paz-carmen-ruiz-tilve-\" target=\"_blank\" rel=\"noopener\">Web CP Carmen Ruiz-Tilve<\/a>\/ 985 28 21 88<\/li>\n<\/ul>\n<ul>\n<li><em><a href=\"https:\/\/educastur-my.sharepoint.com\/:b:\/g\/personal\/corredoria3_educastur_org\/EXD0JVwkNT9KgeLpoFKqQl4B1JxaB10qa0pV4QzSKFJ3uQ?e=aTKlez\">*Pulsa para acceder al triptico informativo del VII PREMIO POR LA PAZ.<\/a><\/em><\/li>\n<li><a href=\"https:\/\/educastur-my.sharepoint.com\/:w:\/g\/personal\/corredoria3_educastur_org\/ES2fk9oseRJJreHqbDkp1k8BAQ0-qZ__cvCJR6OK6Kreig?e=zSdduF\"><em>*Pulsa para acceder al formulario de inscripci\u00f3n en el VII PREMIO POR LA PAZ.<\/em><\/a><\/li>\n<\/ul>\n","protected":false},"excerpt":{"rendered":"<p>El CP Carmen Ruiz-Tilve (Uvi\u00e9u) premia, nos VII Premios pola Paz (abiertos a la comunid\u00e1 y empobin\u00e1u a persones ya instituciones que realicen acciones destacaes para promover y contribuyir a una cultura de paz): Persones: Rodrigo Cuevas: web \/\u00a0 IG \/ La Ben\u00e9fica Pilo\u00f1a \/ Instituciones: M\u00e1s Paz: web \/ Fb \/ IG \/ \/ [&hellip;]<\/p>\n","protected":false},"author":117,"featured_media":0,"comment_status":"open","ping_status":"open","sticky":false,"template":"","format":"standard","meta":{"footnotes":""},"categories":[64,58],"tags":[],"class_list":["post-40055","post","type-post","status-publish","format-standard","hentry","category-carmen-ruiz-tilve","category-premios"],"_links":{"self":[{"href":"https:\/\/edublog.educastur.es\/ixuxu\/wp-json\/wp\/v2\/posts\/40055","targetHints":{"allow":["GET"]}}],"collection":[{"href":"https:\/\/edublog.educastur.es\/ixuxu\/wp-json\/wp\/v2\/posts"}],"about":[{"href":"https:\/\/edublog.educastur.es\/ixuxu\/wp-json\/wp\/v2\/types\/post"}],"author":[{"embeddable":true,"href":"https:\/\/edublog.educastur.es\/ixuxu\/wp-json\/wp\/v2\/users\/117"}],"replies":[{"embeddable":true,"href":"https:\/\/edublog.educastur.es\/ixuxu\/wp-json\/wp\/v2\/comments?post=40055"}],"version-history":[{"count":8,"href":"https:\/\/edublog.educastur.es\/ixuxu\/wp-json\/wp\/v2\/posts\/40055\/revisions"}],"predecessor-version":[{"id":40139,"href":"https:\/\/edublog.educastur.es\/ixuxu\/wp-json\/wp\/v2\/posts\/40055\/revisions\/40139"}],"wp:attachment":[{"href":"https:\/\/edublog.educastur.es\/ixuxu\/wp-json\/wp\/v2\/media?parent=40055"}],"wp:term":[{"taxonomy":"category","embeddable":true,"href":"https:\/\/edublog.educastur.es\/ixuxu\/wp-json\/wp\/v2\/categories?post=40055"},{"taxonomy":"post_tag","embeddable":true,"href":"https:\/\/edublog.educastur.es\/ixuxu\/wp-json\/wp\/v2\/tags?post=40055"}],"curies":[{"name":"wp","href":"https:\/\/api.w.org\/{rel}","templated":true}]}}