{"id":40105,"date":"2025-01-14T15:21:08","date_gmt":"2025-01-14T13:21:08","guid":{"rendered":"https:\/\/edublog.educastur.es\/ixuxu\/?p=40105"},"modified":"2025-01-14T15:25:55","modified_gmt":"2025-01-14T13:25:55","slug":"40105","status":"publish","type":"post","link":"https:\/\/edublog.educastur.es\/ixuxu\/2025\/01\/40105\/","title":{"rendered":""},"content":{"rendered":"<div class=\"html-div xdj266r xat24cr x1mh8g0r xexx8yu x4uap5 x18d9i69 xkhd6sd x78zum5 x2lah0s xqtp20y x1emribx\">\n<div class=\"xc9qbxq x14qfxbe x6s0dn4 x78zum5 xl56j7k\">\n<div class=\"\" style=\"text-align: center\"><a href=\"https:\/\/actualidad.asturias.es\/documents\/537115\/2328045\/2025_01_14+Presentacion+Coeducastur+2.jpg\/a13a8820-9807-dfd4-e9af-36b15bc3ec6c?t=1736856456881\"><img loading=\"lazy\" decoding=\"async\" class=\"aligncenter size-large\" src=\"https:\/\/actualidad.asturias.es\/documents\/537115\/2328045\/2025_01_14+Presentacion+Coeducastur+2.jpg\/a13a8820-9807-dfd4-e9af-36b15bc3ec6c?t=1736856456881\" width=\"1580\" height=\"1015\" \/><\/a><\/div>\n<\/div>\n<\/div>\n<div class=\"x78zum5 xdt5ytf xz62fqu x16ldp7u\">\n<div class=\"xu06os2 x1ok221b\">\n<div class=\"html-div xdj266r x11i5rnm xat24cr x1mh8g0r xexx8yu x4uap5 x18d9i69 xkhd6sd\" data-ad-rendering-role=\"profile_name\">\n<ul>\n<li class=\"html-h3 x11i5rnm xat24cr x1mh8g0r xexx8yu x4uap5 x18d9i69 xkhd6sd x1vvkbs x1heor9g x1qlqyl8 x1pd3egz x1a2a7pz x1gslohp x1yc453h\"><span class=\"x1lliihq x6ikm8r x10wlt62 x1n2onr6\"><span class=\"xt0psk2\"><span class=\"xjp7ctv\"><a class=\"x1i10hfl xjbqb8w x1ejq31n xd10rxx x1sy0etr x17r0tee x972fbf xcfux6l x1qhh985 xm0m39n x9f619 x1ypdohk xt0psk2 xe8uvvx xdj266r x11i5rnm xat24cr x1mh8g0r xexx8yu x4uap5 x18d9i69 xkhd6sd x16tdsg8 x1hl2dhg xggy1nq x1a2a7pz x1sur9pj xkrqix3 xzsf02u x1s688f\" role=\"link\" href=\"https:\/\/www.facebook.com\/gobiernodeasturias?__cft__[0]=AZXeceb2ReXV3VRnyWzr9W2G-DBral9FstwTEKF7BMPGCzBvflWCy8r0WpsYGpNLDd9Uim1y6zBl4fAiQqfXhnbxqbubf3CrRJjDAQlM0WMEg3Jf7z28waGGhTQ939GaCZiD9uZ6N606s5Md6bDbhnzENvZCwTlhah92hc-o2um8x425wPsqAdRjQV5EzLfwHViU-DD-R3ytCsWfRaVdeqn8q-Cz4cTXfckRnoGE4I3tdQ&amp;__tn__=-UC%2CP-y-R\" aria-describedby=\":rd9:\"><strong class=\"html-strong xdj266r x11i5rnm xat24cr x1mh8g0r xexx8yu x4uap5 x18d9i69 xkhd6sd x1hl2dhg x16tdsg8 x1vvkbs x1s688f\"><span class=\"html-span xdj266r x11i5rnm xat24cr x1mh8g0r xexx8yu x4uap5 x18d9i69 xkhd6sd x1hl2dhg x16tdsg8 x1vvkbs\">Principado de Asturias<\/span><\/strong><\/a><\/span><\/span> <\/span><span class=\"html-span xexx8yu x4uap5 x18d9i69 xkhd6sd x1hl2dhg x16tdsg8 x1vvkbs x3nfvp2 x1j61x8r x1fcty0u xdj266r xat24cr xgzva0m xhhsvwb xxymvpz xlup9mm x1kky2od\">\/ <a href=\"https:\/\/actualidad.asturias.es\/-\/el-gobierno-de-asturias-da-un-nuevo-impulso-a-la-educaci%C3%B3n-en-igualdad-y-extiende-el-programa-coeducastur-a-50-centros-de-primaria?redirect=%2Finicio\">Actualidad Asturias<\/a> \/ <img loading=\"lazy\" decoding=\"async\" class=\"xz74otr\" src=\"https:\/\/static.xx.fbcdn.net\/images\/emoji.php\/v9\/t8e\/1\/16\/2139.png\" alt=\"\u2139\" width=\"16\" height=\"16\" \/><\/span><span class=\"html-span xexx8yu x4uap5 x18d9i69 xkhd6sd x1hl2dhg x16tdsg8 x1vvkbs x3nfvp2 x1j61x8r x1fcty0u xdj266r xat24cr xgzva0m xhhsvwb xxymvpz xlup9mm x1kky2od\"><img loading=\"lazy\" decoding=\"async\" class=\"xz74otr\" src=\"https:\/\/static.xx.fbcdn.net\/images\/emoji.php\/v9\/t51\/1\/16\/1f449.png\" alt=\"?\" width=\"16\" height=\"16\" \/><\/span> <span class=\"html-span xdj266r x11i5rnm xat24cr x1mh8g0r xexx8yu x4uap5 x18d9i69 xkhd6sd x1hl2dhg x16tdsg8 x1vvkbs\"><a class=\"x1i10hfl xjbqb8w x1ejq31n xd10rxx x1sy0etr x17r0tee x972fbf xcfux6l x1qhh985 xm0m39n x9f619 x1ypdohk xt0psk2 xe8uvvx xdj266r x11i5rnm xat24cr x1mh8g0r xexx8yu x4uap5 x18d9i69 xkhd6sd x16tdsg8 x1hl2dhg xggy1nq x1a2a7pz x1sur9pj xkrqix3 x1fey0fg x1s688f\" role=\"link\" href=\"https:\/\/l.facebook.com\/l.php?u=https%3A%2F%2Fgoo.su%2FhQrP%3Ffbclid%3DIwZXh0bgNhZW0CMTAAAR3m7leO_jHOCkH5zw8sw5QPuMgyfzGYbusR0EAKO_o_oLy3BEI6fixuzDQ_aem_BTTNY5r4moOGFXsnfmnrqw&amp;h=AT0SXF0vNd03eh_u0X6KGmc50cUzgpyoZjkZqpyQFQnjxd0RDN5VM-ThL2y5Y0KdHPvDuc1p56fjZYjm7_egUmjG9yzTvdQHbU_ZPGCBr1gy6tK4BzqDWDbTz-k_N_nS6A&amp;__tn__=-UK-y-R&amp;c[0]=AT3Jx56ntNeiFhqXDPIrOLYDHW2CqAxsj9-gvO6c0-y1it0aStOvnUjGFQffVi-f5kR8HsGtq0uLYUONmPRKTJ8iLEzMAt_UdQUP2qYt6UtSx3Za9U7lYOM5EktNIyTJR6Jq4H_6Idfv2gjjr-8PpTP0LKmu4YIg6soETnKWIFuzeLu0GRyao9VrUgs1PwvRxJJ6CtvYoq3zCiaR-AnE44hJg3djNSHaLHaNEc79JzusOaaAKA\" target=\"_blank\" rel=\"nofollow noopener noreferrer\">https:\/\/goo.su\/hQrP<\/a><\/span><\/li>\n<\/ul>\n<p>El Gobiernu d&#8217;Asturies da un nuevu impulsu a la educaci\u00f3n n&#8217;iguald\u00e1 y estiende el programa Coeducastur a 50 centros de Primaria. La vicepresidenta Gimena Llamedo considera prioritaria esta iniciativa,<em> \u201cque xune a les conseyer\u00edes de Presidencia y Educaci\u00f3n nun esfuerzu coordin\u00e1u para avanzar nesta materia dende les edaes m\u00e1s tempranes\u201d<\/em><\/p>\n<p>La formaci\u00f3n va desenvolvese de febreru a mayu y los colexos que lu rematen van poder recibir ayudes de mil euros para proyectos propios que tendr\u00e1n de poner en marcha&#8217;l pr\u00f3ximu cursu<\/p>\n<\/div>\n<\/div>\n<\/div>\n<div class=\"html-div xdj266r x11i5rnm xat24cr x1mh8g0r xexx8yu x4uap5 x18d9i69 xkhd6sd\" dir=\"auto\">\n<div class=\"html-div xdj266r x11i5rnm xat24cr x1mh8g0r xexx8yu x4uap5 x18d9i69 xkhd6sd\" dir=\"auto\">\n<div class=\"html-div xdj266r x11i5rnm xat24cr x1mh8g0r xexx8yu x4uap5 x18d9i69 xkhd6sd\" data-ad-rendering-role=\"story_message\">\n<div class=\"x1l90r2v x1iorvi4 x1ye3gou xn6708d\" data-ad-comet-preview=\"message\" data-ad-preview=\"message\">\n<div class=\"x78zum5 xdt5ytf xz62fqu x16ldp7u\">\n<div class=\"xu06os2 x1ok221b\">\n<div class=\"x11i5rnm xat24cr x1mh8g0r x1vvkbs xtlvy1s x126k92a\">\n<div dir=\"auto\"><span class=\"html-span xexx8yu x4uap5 x18d9i69 xkhd6sd x1hl2dhg x16tdsg8 x1vvkbs x3nfvp2 x1j61x8r x1fcty0u xdj266r xat24cr xgzva0m xhhsvwb xxymvpz xlup9mm x1kky2od\"><img loading=\"lazy\" decoding=\"async\" class=\"xz74otr\" src=\"https:\/\/static.xx.fbcdn.net\/images\/emoji.php\/v9\/t1d\/1\/16\/1f4d5.png\" alt=\"?\" width=\"16\" height=\"16\" \/><\/span><span class=\"html-span xexx8yu x4uap5 x18d9i69 xkhd6sd x1hl2dhg x16tdsg8 x1vvkbs x3nfvp2 x1j61x8r x1fcty0u xdj266r xat24cr xgzva0m xhhsvwb xxymvpz xlup9mm x1kky2od\"><img loading=\"lazy\" decoding=\"async\" class=\"xz74otr\" src=\"https:\/\/static.xx.fbcdn.net\/images\/emoji.php\/v9\/tb7\/1\/16\/1f58b.png\" alt=\"?\" width=\"16\" height=\"16\" \/><\/span>\u00a0 <span class=\"html-span xdj266r x11i5rnm xat24cr x1mh8g0r xexx8yu x4uap5 x18d9i69 xkhd6sd x1hl2dhg x16tdsg8 x1vvkbs\"><a class=\"x1i10hfl xjbqb8w x1ejq31n xd10rxx x1sy0etr x17r0tee x972fbf xcfux6l x1qhh985 xm0m39n x9f619 x1ypdohk xt0psk2 xe8uvvx xdj266r x11i5rnm xat24cr x1mh8g0r xexx8yu x4uap5 x18d9i69 xkhd6sd x16tdsg8 x1hl2dhg xggy1nq x1a2a7pz x1sur9pj xkrqix3 x1fey0fg x1s688f\" role=\"link\" href=\"https:\/\/www.facebook.com\/hashtag\/coeducastur?__eep__=6&amp;__cft__[0]=AZXeceb2ReXV3VRnyWzr9W2G-DBral9FstwTEKF7BMPGCzBvflWCy8r0WpsYGpNLDd9Uim1y6zBl4fAiQqfXhnbxqbubf3CrRJjDAQlM0WMEg3Jf7z28waGGhTQ939GaCZiD9uZ6N606s5Md6bDbhnzENvZCwTlhah92hc-o2um8x425wPsqAdRjQV5EzLfwHViU-DD-R3ytCsWfRaVdeqn8q-Cz4cTXfckRnoGE4I3tdQ&amp;__tn__=*NK-y-R\">#Coeducastur<\/a><\/span> \/<span class=\"html-span xexx8yu x4uap5 x18d9i69 xkhd6sd x1hl2dhg x16tdsg8 x1vvkbs x3nfvp2 x1j61x8r x1fcty0u xdj266r xat24cr xgzva0m xhhsvwb xxymvpz xlup9mm x1kky2od\"><img loading=\"lazy\" decoding=\"async\" class=\"xz74otr\" src=\"https:\/\/static.xx.fbcdn.net\/images\/emoji.php\/v9\/t1d\/1\/16\/1f4d5.png\" alt=\"?\" width=\"16\" height=\"16\" \/><\/span><span class=\"html-span xexx8yu x4uap5 x18d9i69 xkhd6sd x1hl2dhg x16tdsg8 x1vvkbs x3nfvp2 x1j61x8r x1fcty0u xdj266r xat24cr xgzva0m xhhsvwb xxymvpz xlup9mm x1kky2od\"><img loading=\"lazy\" decoding=\"async\" class=\"xz74otr\" src=\"https:\/\/static.xx.fbcdn.net\/images\/emoji.php\/v9\/tb7\/1\/16\/1f58b.png\" alt=\"?\" width=\"16\" height=\"16\" \/><\/span> <span class=\"html-span xdj266r x11i5rnm xat24cr x1mh8g0r xexx8yu x4uap5 x18d9i69 xkhd6sd x1hl2dhg x16tdsg8 x1vvkbs\"><a class=\"x1i10hfl xjbqb8w x1ejq31n xd10rxx x1sy0etr x17r0tee x972fbf xcfux6l x1qhh985 xm0m39n x9f619 x1ypdohk xt0psk2 xe8uvvx xdj266r x11i5rnm xat24cr x1mh8g0r xexx8yu x4uap5 x18d9i69 xkhd6sd x16tdsg8 x1hl2dhg xggy1nq x1a2a7pz x1sur9pj xkrqix3 x1fey0fg x1s688f\" role=\"link\" href=\"https:\/\/www.facebook.com\/educastur?__cft__[0]=AZXeceb2ReXV3VRnyWzr9W2G-DBral9FstwTEKF7BMPGCzBvflWCy8r0WpsYGpNLDd9Uim1y6zBl4fAiQqfXhnbxqbubf3CrRJjDAQlM0WMEg3Jf7z28waGGhTQ939GaCZiD9uZ6N606s5Md6bDbhnzENvZCwTlhah92hc-o2um8x425wPsqAdRjQV5EzLfwHViU-DD-R3ytCsWfRaVdeqn8q-Cz4cTXfckRnoGE4I3tdQ&amp;__tn__=-]K-y-R\"><span class=\"xt0psk2\"><span class=\"xjp7ctv\"><span aria-describedby=\":rhj:\">Consejer\u00eda de Educaci\u00f3n del Principado<\/span><\/span><\/span><\/a><\/span> <span class=\"html-span xdj266r x11i5rnm xat24cr x1mh8g0r xexx8yu x4uap5 x18d9i69 xkhd6sd x1hl2dhg x16tdsg8 x1vvkbs\"><a class=\"x1i10hfl xjbqb8w x1ejq31n xd10rxx x1sy0etr x17r0tee x972fbf xcfux6l x1qhh985 xm0m39n x9f619 x1ypdohk xt0psk2 xe8uvvx xdj266r x11i5rnm xat24cr x1mh8g0r xexx8yu x4uap5 x18d9i69 xkhd6sd x16tdsg8 x1hl2dhg xggy1nq x1a2a7pz x1sur9pj xkrqix3 x1fey0fg x1s688f\" role=\"link\" href=\"https:\/\/www.facebook.com\/hashtag\/igualdad?__eep__=6&amp;__cft__[0]=AZXeceb2ReXV3VRnyWzr9W2G-DBral9FstwTEKF7BMPGCzBvflWCy8r0WpsYGpNLDd9Uim1y6zBl4fAiQqfXhnbxqbubf3CrRJjDAQlM0WMEg3Jf7z28waGGhTQ939GaCZiD9uZ6N606s5Md6bDbhnzENvZCwTlhah92hc-o2um8x425wPsqAdRjQV5EzLfwHViU-DD-R3ytCsWfRaVdeqn8q-Cz4cTXfckRnoGE4I3tdQ&amp;__tn__=*NK-y-R\">#Igualdad<\/a><\/span> <span class=\"html-span xdj266r x11i5rnm xat24cr x1mh8g0r xexx8yu x4uap5 x18d9i69 xkhd6sd x1hl2dhg x16tdsg8 x1vvkbs\"><a class=\"x1i10hfl xjbqb8w x1ejq31n xd10rxx x1sy0etr x17r0tee x972fbf xcfux6l x1qhh985 xm0m39n x9f619 x1ypdohk xt0psk2 xe8uvvx xdj266r x11i5rnm xat24cr x1mh8g0r xexx8yu x4uap5 x18d9i69 xkhd6sd x16tdsg8 x1hl2dhg xggy1nq x1a2a7pz x1sur9pj xkrqix3 x1fey0fg x1s688f\" role=\"link\" href=\"https:\/\/www.facebook.com\/hashtag\/consejer%C3%ADadepresidencia?__eep__=6&amp;__cft__[0]=AZXeceb2ReXV3VRnyWzr9W2G-DBral9FstwTEKF7BMPGCzBvflWCy8r0WpsYGpNLDd9Uim1y6zBl4fAiQqfXhnbxqbubf3CrRJjDAQlM0WMEg3Jf7z28waGGhTQ939GaCZiD9uZ6N606s5Md6bDbhnzENvZCwTlhah92hc-o2um8x425wPsqAdRjQV5EzLfwHViU-DD-R3ytCsWfRaVdeqn8q-Cz4cTXfckRnoGE4I3tdQ&amp;__tn__=*NK-y-R\">#Consejer\u00edaDePresidencia<\/a><\/span><\/div>\n<div dir=\"auto\"><!--more--><\/div>\n<\/div>\n<div dir=\"auto\">\n<p>La vicepresidenta del Princip\u00e1u, Gimena Llamedo, y la conseyera d&#8217;Educaci\u00f3n, Lydia Epina, presentaron g\u00fcei los materiales espec\u00edficos para&#8217;l desenvolvimientu d&#8217;esta iniciativa, cola que&#8217;l Princip\u00e1u avanza nel <strong>oxetivu de prevenir la violencia sexista y combatir la desiguald\u00e1 dende la escuela.<\/strong><\/p>\n<p><em>\u201cQueremos que la coeducaci\u00f3n s\u00eda muncho m\u00e1s qu&#8217;acciones puntuales; tien de convertise nuna exa vertebrador de la educaci\u00f3n asturiana y esti cursu y los sos materiales constit\u00fain un nuevu impulsu para llogralo\u201d, destac\u00f3 Llamedo.<\/em><\/p>\n<p>Con una inversi\u00f3n de cien mil euros angua\u00f1o, la formaci\u00f3n prevista nel programa va impartise de febreru a mayu, con una duraci\u00f3n de 60 hores. El plazu d&#8217;inscripci\u00f3n y\u00e1 ta abiertu y los materiales van tar disponibles de forma gratuita y online por que toos los colexos que lu deseyen puedan incorporalos a los sos proyectos educativos.<\/p>\n<p><strong>El cursu ta estructurado en nueve m\u00f3dulos qu&#8217;enceten dende los conceutos b\u00e1sicos de coeducaci\u00f3n hasta la so integraci\u00f3n en competencies clave (lling\u00fc\u00edstica, dixital, matem\u00e1tica o ciudadana, ente otres).<\/strong><\/p>\n<p>Los centros que rematen esta formaci\u00f3n <strong>van poder optar a ayudes de mil euros<\/strong> pa desenvolver proyectos propios, que van deber que tendr\u00e1n d&#8217;enllantase nel cursu 2025-2026.<\/p>\n<p>Paralelamente, va trabayase nel <strong>Sellu calidable d&#8217;excelencia coeducativa<\/strong>, una marca que se va crear pa los centros que cumplan xuna serie de requisitos y adquieran el compromisu de la promoci\u00f3n y caltenimientu de la iguald\u00e1. Ente otres condiciones, va valorase qu&#8217;incluyan esti conceutu de manera tresversal nel curr\u00edculu de toles materies y n&#8217;el mesmu centru, qu&#8217;apliquen la perspectiva de x\u00e9neru a les cuestiones de convivencia escolar y a la prevenci\u00f3n del acoso y la violencia contra muyeres y ne\u00f1es, y que tresmitan la iguald\u00e1 a tola comunid\u00e1 educativa. Tami\u00e9n se va tener en cuenta&#8217;l trabayu sobro les principales pilastres de la coeducaci\u00f3n, tanto n&#8217;actividaes lectives como extraescolares y complementaries.<\/p>\n<p><strong>Coeducastur ye una pieza clave na estratexa d&#8217;iguald\u00e1 del Gobiernu d&#8217;Asturies<\/strong>. \u201c<em>Ye un proyectu prioritariu, que xune a les conseyer\u00edes de Presidencia y Educaci\u00f3n nun esfuerzu coordin\u00e1u por tresformar el sistema educativu y, con \u00e9l, la socied\u00e1 asturiana. Constit\u00fai xuna ferramienta de camb\u00e9u social pa erradicar les desigualdaes y garantizar un futuru llibre de violencies machistes\u201d<\/em>, valor\u00f3 la vicepresidenta.<\/p>\n<p>El programa foise estendiendo nos postreros tr\u00e9s a\u00f1os a aules de nueve colexos p\u00fablicos de Primaria: CRA de L.lena, Montevil (Xix\u00f3n), Marcelo Gago (Avil\u00e9s), Regino Men\u00e9ndez *Antu\u00f1a (Llangr\u00e9u), Versalles (Avil\u00e9s), Gloria Rodr\u00edguez (Sotu&#8217;l Barcu), La Plaza (Teberga), Prieto B\u00e1rganos (Candamo) y Pr\u00edncipe d&#8217;Asturies (Les Regueres). Tami\u00e9n lleg\u00f3 a profesor\u00e1u de Secundaria de los institutos de La Fresneda (Siero), Carre\u00f1o Miranda (Avil\u00e9s), La Er\u00eda (Uvi\u00e9u), Bernaldo de Quir\u00f3s (Mieres) y Do\u00f1a Jimena (Xix\u00f3n), seg\u00fan del Centru P\u00fablicu d&#8217;Educaci\u00f3n B\u00e1sica Les Arenas (Cabrales). Nesti cursu ta introduci\u00e9ndose tami\u00e9n n&#8217;Infantil, na escuela de Proaza, y en Formaci\u00f3n Profesional, nel centru integr\u00e1u de FP d&#8217;Avil\u00e9s. Am\u00e1s, dende va tr\u00e9s a\u00f1os ta aplic\u00e1ndose, de forma pionera, nel centru d&#8217;educaci\u00f3n especial San Crist\u00f3bal, d&#8217;Avil\u00e9s.<\/p>\n<p><strong>Primer a\u00f1u del Plan de Coeducaci\u00f3n<\/strong><\/p>\n<p>La conseyera d&#8217;Educaci\u00f3n, pela so parte, consider\u00f3 \u201cbien positivu\u201d el primer a\u00f1u d&#8217;implantaci\u00f3n del Plan de Coeducaci\u00f3n del Princip\u00e1u, qu&#8217;aspira a <em>\u201cllograr la implicaci\u00f3n de tola comunid\u00e1 educativa, incluy\u00edes les families; a estremar la coeducaci\u00f3n de la polarizaci\u00f3n, a xenerar proyectos tresversales y duraderos y a pasar de la escuela mista a la escuela coeducativa\u201d.<\/em><\/p>\n<p>Am\u00e1s, imparti\u00f3se formaci\u00f3n a los distintos axentes implicaos. Casi 700 docentes participaron nes distintes xornaes sobre coeducaci\u00f3n, iguald\u00e1 y violencia de x\u00e9neru. Tami\u00e9n s&#8217;entamaron cursos destinaos a mediu centenar de miembros d&#8217;asesor\u00edes de formaci\u00f3n permanente y 25 integrantes del Serviciu d&#8217;Inspecci\u00f3n Educativa.<\/p>\n<p>Tocantes a los centros, llevaron a cabu una evaluaci\u00f3n de diagn\u00f3sticu, constituyeron les comisiones d&#8217;iguald\u00e1 y nomaron a un docente coordinador, de la que trabayaron nos sos propios planes de coeducaci\u00f3n.<\/p>\n<\/div>\n<\/div>\n<\/div>\n<\/div>\n<\/div>\n<\/div>\n<\/div>\n<p>&nbsp;<\/p>\n","protected":false},"excerpt":{"rendered":"<p>Principado de Asturias \/ Actualidad Asturias \/ https:\/\/goo.su\/hQrP El Gobiernu d&#8217;Asturies da un nuevu impulsu a la educaci\u00f3n n&#8217;iguald\u00e1 y estiende el programa Coeducastur a 50 centros de Primaria. La vicepresidenta Gimena Llamedo considera prioritaria esta iniciativa, \u201cque xune a les conseyer\u00edes de Presidencia y Educaci\u00f3n nun esfuerzu coordin\u00e1u para avanzar nesta materia dende les [&hellip;]<\/p>\n","protected":false},"author":117,"featured_media":0,"comment_status":"open","ping_status":"open","sticky":false,"template":"","format":"standard","meta":{"footnotes":""},"categories":[373,132],"tags":[],"class_list":["post-40105","post","type-post","status-publish","format-standard","hentry","category-coeducastur","category-educastur"],"_links":{"self":[{"href":"https:\/\/edublog.educastur.es\/ixuxu\/wp-json\/wp\/v2\/posts\/40105","targetHints":{"allow":["GET"]}}],"collection":[{"href":"https:\/\/edublog.educastur.es\/ixuxu\/wp-json\/wp\/v2\/posts"}],"about":[{"href":"https:\/\/edublog.educastur.es\/ixuxu\/wp-json\/wp\/v2\/types\/post"}],"author":[{"embeddable":true,"href":"https:\/\/edublog.educastur.es\/ixuxu\/wp-json\/wp\/v2\/users\/117"}],"replies":[{"embeddable":true,"href":"https:\/\/edublog.educastur.es\/ixuxu\/wp-json\/wp\/v2\/comments?post=40105"}],"version-history":[{"count":4,"href":"https:\/\/edublog.educastur.es\/ixuxu\/wp-json\/wp\/v2\/posts\/40105\/revisions"}],"predecessor-version":[{"id":40109,"href":"https:\/\/edublog.educastur.es\/ixuxu\/wp-json\/wp\/v2\/posts\/40105\/revisions\/40109"}],"wp:attachment":[{"href":"https:\/\/edublog.educastur.es\/ixuxu\/wp-json\/wp\/v2\/media?parent=40105"}],"wp:term":[{"taxonomy":"category","embeddable":true,"href":"https:\/\/edublog.educastur.es\/ixuxu\/wp-json\/wp\/v2\/categories?post=40105"},{"taxonomy":"post_tag","embeddable":true,"href":"https:\/\/edublog.educastur.es\/ixuxu\/wp-json\/wp\/v2\/tags?post=40105"}],"curies":[{"name":"wp","href":"https:\/\/api.w.org\/{rel}","templated":true}]}}