{"id":40110,"date":"2025-01-14T15:51:41","date_gmt":"2025-01-14T13:51:41","guid":{"rendered":"https:\/\/edublog.educastur.es\/ixuxu\/?p=40110"},"modified":"2025-01-14T17:48:00","modified_gmt":"2025-01-14T15:48:00","slug":"40110","status":"publish","type":"post","link":"https:\/\/edublog.educastur.es\/ixuxu\/2025\/01\/40110\/","title":{"rendered":"La OSPA estrena n\u2019A Coru\u00f1a\u2019l so tercer conciertu d\u2019abonu Rusia Sieglu XX"},"content":{"rendered":"<h1 style=\"text-align: center\"><a href=\"https:\/\/actualidad.asturias.es\/documents\/537115\/2328217\/OSPA+24-25_WEB_NOTICIA_ABONO+3.jpg\/d5aace79-3b37-53db-37a2-f1cfb321f1dd?t=1736857000336\"><img loading=\"lazy\" decoding=\"async\" class=\"aligncenter \" src=\"https:\/\/actualidad.asturias.es\/documents\/537115\/2328217\/OSPA+24-25_WEB_NOTICIA_ABONO+3.jpg\/d5aace79-3b37-53db-37a2-f1cfb321f1dd?t=1736857000336\" width=\"910\" height=\"512\" \/><\/a><\/h1>\n<p><em><strong>&#8211; La orquesta asturiana tami\u00e9n va actuar el d\u00eda 17 de xineru nel Auditoriu Pr\u00edncipe Felipe d&#8217;Uvi\u00e9u<\/strong><\/em><\/p>\n<p><em><strong>&#8211; El programa musical de la orquesta asturiana combina la riqueza mel\u00f3dica de Grieg cola intensid\u00e1 de Shostakovich.<\/strong><\/em><\/p>\n<p>La<strong> Orquesta Sinf\u00f3nica del Princip\u00e1u d\u2019Asturies (OSPA)<\/strong> va interpretar esta selmana\u2019l so tercer conciertu d\u2019abonu de la temporada 2024-2025 col programa <em>Rusia Sieglu XX<\/em>. La actuaci\u00f3n va facese\u2019l\u00a0 17 de xineru nel Auditoriu <em>Pr\u00edncipe Felipe<\/em> d\u2019Uvi\u00e9u.<\/p>\n<ul>\n<li>Fonte: <a href=\"https:\/\/actualidad.asturias.es\/-\/la-ospa-estrena-el-jueves-en-a-coru%C3%B1a-su-tercer-concierto-de-abono-rusia-siglo-xx?redirect=%2Fnoticias\">Actualidad Asturias<\/a> \/ <a href=\"https:\/\/ospa.es\"><strong>OSPA<\/strong>: web<\/a> \/ <a href=\"https:\/\/www.facebook.com\/OSPAorquesta\">Facebook<\/a> \/ <a href=\"https:\/\/www.instagram.com\/ospa_orquesta\/\">Instagram<\/a> \/<\/li>\n<\/ul>\n<p><!--more--><\/p>\n<ul>\n<li><strong>Nuno Coelho,<\/strong> director <a class=\"x1i10hfl xjbqb8w x1ejq31n xd10rxx x1sy0etr x17r0tee x972fbf xcfux6l x1qhh985 xm0m39n x9f619 x1ypdohk xt0psk2 xe8uvvx xdj266r x11i5rnm xat24cr x1mh8g0r xexx8yu x4uap5 x18d9i69 xkhd6sd x16tdsg8 x1hl2dhg xggy1nq x1a2a7pz notranslate _a6hd\" role=\"link\" href=\"https:\/\/www.instagram.com\/nunocoelhoconductor\/\">@nunocoelhoconductor<\/a>\u00a0 \/ <strong>Sir Stephen Hough,<\/strong> piano<\/li>\n<li><strong>Grieg<\/strong> Concierto para piano en la menor, op. 16 \/ <strong>Shostakovich<\/strong>\u00a0Sinfon\u00eda n\u00ba10 en mi menor, op. 93<\/li>\n<\/ul>\n<p style=\"text-align: center\"><a href=\"https:\/\/ospa.es\/wp-content\/uploads\/2024\/08\/Stephen-Hough-2_0.jpg\"><img loading=\"lazy\" decoding=\"async\" class=\"aligncenter \" src=\"https:\/\/ospa.es\/wp-content\/uploads\/2024\/08\/Stephen-Hough-2_0.jpg\" width=\"836\" height=\"836\" \/><\/a><\/p>\n<p>Cola batuta del director titular y art\u00edsticu de la OSPA, Nuno Coelho, los conciertos van cuntar cola participaci\u00f3n del reconoc\u00edu pianista Sir Stephen Hough, con una carrera internacional destacada qu\u2019abarca la interpretaci\u00f3n, la composici\u00f3n y la escritura.<\/p>\n<p>El programa pa Uvi\u00e9u y A Coru\u00f1a incluye\u2019l Conciertu pa pianu en la menor, op. 16 d\u2019Edvard Grieg, una obra famosa pola so riqueza mel\u00f3dica y les sos referencies evocadores al folclor noruegu. La segunda parte va tar dedicada a la Sinfon\u00eda n.u 10 en mi menor, op. 93 de Dmitri Shostakovich, una composici\u00f3n de gran fondura emocional que reflexa los desaf\u00edos y les esperances del sieglu XX.<\/p>\n<p>Primero del conciertu na capital asturiana, Nuno Coelho va tener un alcuentru col p\u00fablicu na sala de C\u00e1mara del Auditoriu Pr\u00edncipe Felipe. Va ser esti vienres, 17 de xineru, a les 19.15 hores.<\/p>\n<p>N\u2019Uvi\u00e9u, les entraes van tar disponibles na taquilla del Auditoriu <em>Pr\u00edncipe Felipe<\/em>, de 09.30 a 14.00 hores, y el d\u00eda del conciertu, de 17.00 a 20.00 hores. Los precios son de 24 \u20ac pal patiu y 21 \u20ac pal anfiteatru.<\/p>\n<p style=\"text-align: center\"><a href=\"https:\/\/ospa.es\/wp-content\/uploads\/2021\/04\/Blancoynegro-1024x683-1-768x512.jpg\"><img loading=\"lazy\" decoding=\"async\" class=\"aligncenter size-large\" src=\"https:\/\/ospa.es\/wp-content\/uploads\/2021\/04\/Blancoynegro-1024x683-1-768x512.jpg\" width=\"768\" height=\"512\" \/><\/a><\/p>\n","protected":false},"excerpt":{"rendered":"<p>&#8211; La orquesta asturiana tami\u00e9n va actuar el d\u00eda 17 de xineru nel Auditoriu Pr\u00edncipe Felipe d&#8217;Uvi\u00e9u &#8211; El programa musical de la orquesta asturiana combina la riqueza mel\u00f3dica de Grieg cola intensid\u00e1 de Shostakovich. La Orquesta Sinf\u00f3nica del Princip\u00e1u d\u2019Asturies (OSPA) va interpretar esta selmana\u2019l so tercer conciertu d\u2019abonu de la temporada 2024-2025 col [&hellip;]<\/p>\n","protected":false},"author":117,"featured_media":0,"comment_status":"open","ping_status":"open","sticky":false,"template":"","format":"standard","meta":{"footnotes":""},"categories":[35],"tags":[],"class_list":["post-40110","post","type-post","status-publish","format-standard","hentry","category-musica"],"_links":{"self":[{"href":"https:\/\/edublog.educastur.es\/ixuxu\/wp-json\/wp\/v2\/posts\/40110","targetHints":{"allow":["GET"]}}],"collection":[{"href":"https:\/\/edublog.educastur.es\/ixuxu\/wp-json\/wp\/v2\/posts"}],"about":[{"href":"https:\/\/edublog.educastur.es\/ixuxu\/wp-json\/wp\/v2\/types\/post"}],"author":[{"embeddable":true,"href":"https:\/\/edublog.educastur.es\/ixuxu\/wp-json\/wp\/v2\/users\/117"}],"replies":[{"embeddable":true,"href":"https:\/\/edublog.educastur.es\/ixuxu\/wp-json\/wp\/v2\/comments?post=40110"}],"version-history":[{"count":12,"href":"https:\/\/edublog.educastur.es\/ixuxu\/wp-json\/wp\/v2\/posts\/40110\/revisions"}],"predecessor-version":[{"id":40124,"href":"https:\/\/edublog.educastur.es\/ixuxu\/wp-json\/wp\/v2\/posts\/40110\/revisions\/40124"}],"wp:attachment":[{"href":"https:\/\/edublog.educastur.es\/ixuxu\/wp-json\/wp\/v2\/media?parent=40110"}],"wp:term":[{"taxonomy":"category","embeddable":true,"href":"https:\/\/edublog.educastur.es\/ixuxu\/wp-json\/wp\/v2\/categories?post=40110"},{"taxonomy":"post_tag","embeddable":true,"href":"https:\/\/edublog.educastur.es\/ixuxu\/wp-json\/wp\/v2\/tags?post=40110"}],"curies":[{"name":"wp","href":"https:\/\/api.w.org\/{rel}","templated":true}]}}