{"id":4012,"date":"2021-03-01T10:00:12","date_gmt":"2021-03-01T08:00:12","guid":{"rendered":"https:\/\/edublog.educastur.es\/ixuxu\/?p=4012"},"modified":"2021-03-05T20:08:45","modified_gmt":"2021-03-05T18:08:45","slug":"ilusion-ecoloxica","status":"publish","type":"post","link":"https:\/\/edublog.educastur.es\/ixuxu\/2021\/03\/ilusion-ecoloxica\/","title":{"rendered":"Ilusi\u00f3n ecol\u00f3xica&#8230;"},"content":{"rendered":"<div class=\"dati1w0a hv4rvrfc osnr6wyh\">\n<div class=\"btwxx1t3 j83agx80 cwj9ozl2\">\n<div dir=\"auto\" style=\"text-align: center\"><a href=\"https:\/\/imgbox.es\/images\/2021\/03\/05\/ecoloxica80f57de93413a01d.jpg\"><img loading=\"lazy\" decoding=\"async\" class=\"alignnone\" src=\"https:\/\/imgbox.es\/images\/2021\/03\/05\/ecoloxica80f57de93413a01d.jpg\" alt=\"\" width=\"546\" height=\"546\" \/><\/a><\/div>\n<div dir=\"auto\"><\/div>\n<div dir=\"auto\">En <span style=\"color: #008080\"><strong>COPAE<\/strong> <strong>Asturies<\/strong><\/span>, los productores t\u00e1n trabayando de cutio para poder ufiertavos en cada d\u00f3mina, gran varied\u00e1 de productos frescos y calidable. MARZU, Mes de poner la tierra a funcionar, semar y llantar. Tami\u00e9n de collechar verduras, perexil o los primeros arbeyos.<br \/>\nMarzu tami\u00e9n ye mes de freses, quivis o aguacates. Gole a primavera&#8230;<\/div>\n<\/div>\n<\/div>\n<div class=\"\" dir=\"auto\">\n<div class=\"\" dir=\"auto\">\n<div class=\"ecm0bbzt hv4rvrfc ihqw7lf3 dati1w0a\" data-ad-comet-preview=\"message\" data-ad-preview=\"message\">\n<div class=\"j83agx80 cbu4d94t ew0dbk1b irj2b8pg\">\n<div class=\"qzhwtbm6 knvmm38d\">\n<div class=\"kvgmc6g5 cxmmr5t8 oygrvhab hcukyx3x c1et5uql ii04i59q\"><\/div>\n<div class=\"o9v6fnle cxmmr5t8 oygrvhab hcukyx3x c1et5uql ii04i59q\">\n<div dir=\"auto\"><\/div>\n<\/div>\n<div class=\"o9v6fnle cxmmr5t8 oygrvhab hcukyx3x c1et5uql ii04i59q\">\n<div dir=\"auto\"><span class=\"pq6dq46d tbxw36s4 knj5qynh kvgmc6g5 ditlmg2l oygrvhab nvdbi5me sf5mxxl7 gl3lb2sf hhz5lgdu\"><img loading=\"lazy\" decoding=\"async\" src=\"https:\/\/static.xx.fbcdn.net\/images\/emoji.php\/v9\/tde\/1\/16\/1f4f8.png\" alt=\"?\" width=\"16\" height=\"16\" \/><\/span> Imagen <a class=\"oajrlxb2 g5ia77u1 qu0x051f esr5mh6w e9989ue4 r7d6kgcz rq0escxv nhd2j8a9 nc684nl6 p7hjln8o kvgmc6g5 cxmmr5t8 oygrvhab hcukyx3x jb3vyjys rz4wbd8a qt6c0cv9 a8nywdso i1ao9s8h esuyzwwr f1sip0of lzcic4wl q66pz984 gpro0wi8 b1v8xokw\" role=\"link\" href=\"https:\/\/www.facebook.com\/hashtag\/calendariocopae2021?__eep__=6&amp;__cft__[0]=AZWYNh5DIlShwEEOWCuyw31NQX__j0NJKeyJn7l1a3gz_vtqgeRAWvcuGzB6s1shAvaQoU4VF5gkCEfPnu6jegmA0_DUoNmeSbAQSKWub4k2utbZ4swAos2vd6RJbblo1_fQbF8ptusFmnYvAzkAlkXKcjRLPThIy_KTnmat9LEwTpec5qCdCxjcirU50DvUt1S6opu0FCkSh1XVZrnWUTxT&amp;__tn__=*NK-y-R\">#CalendarioCopae2021<\/a><\/div>\n<div dir=\"auto\">Semeya <strong><em><span style=\"color: #008080\">\u00abIlusi\u00f3n ecol\u00f3xica\u00bb<\/span><\/em><\/strong>de <strong>Jos\u00e9 Mosquera Barrettino<\/strong> @huerta_desol \/<a href=\"https:\/\/www.facebook.com\/jose.mosquerabarettino\"> facebook<\/a> \/ <a href=\"https:\/\/www.instagram.com\/huerta_desol\/?hl=es\">Instagram<\/a> \/ <a href=\"https:\/\/www.instagram.com\/huertadesol_2020\/\">Huerta de sol 2020<\/a> \/\u00a0 N\u00b0 operador 902F ( Llavandera\\Xix\u00f3n)<\/div>\n<ul>\n<li><a href=\"https:\/\/www.facebook.com\/CopaeAsturias\/posts\/4558559514173371\">Fonte: COPAE Asturias<\/a><\/li>\n<\/ul>\n<\/div>\n<div class=\"o9v6fnle cxmmr5t8 oygrvhab hcukyx3x c1et5uql ii04i59q\">\n<div dir=\"auto\"><\/div>\n<\/div>\n<\/div>\n<\/div>\n<\/div>\n<\/div>\n<\/div>\n","protected":false},"excerpt":{"rendered":"<p>En COPAE Asturies, los productores t\u00e1n trabayando de cutio para poder ufiertavos en cada d\u00f3mina, gran varied\u00e1 de productos frescos y calidable. MARZU, Mes de poner la tierra a funcionar, semar y llantar. Tami\u00e9n de collechar verduras, perexil o los primeros arbeyos. Marzu tami\u00e9n ye mes de freses, quivis o aguacates. Gole a primavera&#8230; Imagen [&hellip;]<\/p>\n","protected":false},"author":117,"featured_media":0,"comment_status":"open","ping_status":"open","sticky":false,"template":"","format":"image","meta":{"footnotes":""},"categories":[73],"tags":[],"class_list":["post-4012","post","type-post","status-publish","format-image","hentry","category-calendariu","post_format-post-format-image"],"_links":{"self":[{"href":"https:\/\/edublog.educastur.es\/ixuxu\/wp-json\/wp\/v2\/posts\/4012","targetHints":{"allow":["GET"]}}],"collection":[{"href":"https:\/\/edublog.educastur.es\/ixuxu\/wp-json\/wp\/v2\/posts"}],"about":[{"href":"https:\/\/edublog.educastur.es\/ixuxu\/wp-json\/wp\/v2\/types\/post"}],"author":[{"embeddable":true,"href":"https:\/\/edublog.educastur.es\/ixuxu\/wp-json\/wp\/v2\/users\/117"}],"replies":[{"embeddable":true,"href":"https:\/\/edublog.educastur.es\/ixuxu\/wp-json\/wp\/v2\/comments?post=4012"}],"version-history":[{"count":2,"href":"https:\/\/edublog.educastur.es\/ixuxu\/wp-json\/wp\/v2\/posts\/4012\/revisions"}],"predecessor-version":[{"id":4017,"href":"https:\/\/edublog.educastur.es\/ixuxu\/wp-json\/wp\/v2\/posts\/4012\/revisions\/4017"}],"wp:attachment":[{"href":"https:\/\/edublog.educastur.es\/ixuxu\/wp-json\/wp\/v2\/media?parent=4012"}],"wp:term":[{"taxonomy":"category","embeddable":true,"href":"https:\/\/edublog.educastur.es\/ixuxu\/wp-json\/wp\/v2\/categories?post=4012"},{"taxonomy":"post_tag","embeddable":true,"href":"https:\/\/edublog.educastur.es\/ixuxu\/wp-json\/wp\/v2\/tags?post=4012"}],"curies":[{"name":"wp","href":"https:\/\/api.w.org\/{rel}","templated":true}]}}