{"id":40160,"date":"2025-01-15T08:18:24","date_gmt":"2025-01-15T06:18:24","guid":{"rendered":"https:\/\/edublog.educastur.es\/ixuxu\/?p=40160"},"modified":"2025-01-15T11:20:11","modified_gmt":"2025-01-15T09:20:11","slug":"estau-del-tiempu-miercoles-15-de-xineru-2025","status":"publish","type":"post","link":"https:\/\/edublog.educastur.es\/ixuxu\/2025\/01\/estau-del-tiempu-miercoles-15-de-xineru-2025\/","title":{"rendered":"Est\u00e1u del tiempu: mi\u00e9rcoles 15 de xineru 2025"},"content":{"rendered":"<div class=\"html-div xdj266r x11i5rnm xat24cr x1mh8g0r xexx8yu x4uap5 x18d9i69 xkhd6sd\">\n<div class=\"html-div xdj266r x11i5rnm x1mh8g0r x18d9i69 x1cy8zhl x78zum5 x1q0g3np xod5an3 xz9dl7a x1ye3gou xn6708d\">\n<div class=\"html-div xdj266r x11i5rnm xat24cr x1mh8g0r xexx8yu x4uap5 x18d9i69 xkhd6sd x1iyjqo2\">\n<div class=\"x78zum5 xdt5ytf xz62fqu x16ldp7u\">\n<div class=\"xu06os2 x1ok221b\">\n<div class=\"html-div xdj266r x11i5rnm xat24cr x1mh8g0r xexx8yu x4uap5 x18d9i69 xkhd6sd\" data-ad-rendering-role=\"profile_name\">\n<ul>\n<li id=\":ris:\" class=\"html-h2 x11i5rnm xat24cr x1mh8g0r xexx8yu x4uap5 x18d9i69 xkhd6sd x1vvkbs x1heor9g x1qlqyl8 x1pd3egz x1a2a7pz x1gslohp x1yc453h\"><span class=\"xt0psk2\"><a class=\"x1i10hfl xjbqb8w x1ejq31n xd10rxx x1sy0etr x17r0tee x972fbf xcfux6l x1qhh985 xm0m39n x9f619 x1ypdohk xt0psk2 xe8uvvx xdj266r x11i5rnm xat24cr x1mh8g0r xexx8yu x4uap5 x18d9i69 xkhd6sd x16tdsg8 x1hl2dhg xggy1nq x1a2a7pz x1sur9pj xkrqix3 xzsf02u x1s688f\" role=\"link\" href=\"https:\/\/www.facebook.com\/eltiempuenasturies?__cft__[0]=AZWWqqdmFxzxETWA-Kt1W_g5XhV77lGTyXC-JwezTzTLGArtVVoxA-fzydqZ81RmzJH7zQvMYezu5BhntBkpfsoYS6qi6DU6xNNrUnVIN1r5STpstYM3S0qDv0f_Jd3ImL1mLnWQC7UTd1LklStIVfhkOWz0ZEG-JZp4CJnQG9j1-V3MpjzcFlN2EdEQBXHHIN0&amp;__tn__=-UC%2CP-R\" aria-describedby=\":rj4:\"><strong class=\"html-strong xdj266r x11i5rnm xat24cr x1mh8g0r xexx8yu x4uap5 x18d9i69 xkhd6sd x1hl2dhg x16tdsg8 x1vvkbs x1s688f\"><span class=\"html-span xdj266r x11i5rnm xat24cr x1mh8g0r xexx8yu x4uap5 x18d9i69 xkhd6sd x1hl2dhg x16tdsg8 x1vvkbs\">El Tiempu n&#8217;Asturies.<\/span><\/strong><\/a><\/span><\/li>\n<\/ul>\n<p style=\"text-align: center\"><a href=\"http:\/\/edublog.educastur.es\/ixuxu\/files\/2024\/11\/467747825_894074599540617_1227988172354431857_n.jpg\"><img loading=\"lazy\" decoding=\"async\" class=\"aligncenter  wp-image-36071\" src=\"http:\/\/edublog.educastur.es\/ixuxu\/files\/2024\/11\/467747825_894074599540617_1227988172354431857_n.jpg\" alt=\"\" width=\"338\" height=\"234\" srcset=\"https:\/\/edublog.educastur.es\/ixuxu\/files\/2024\/11\/467747825_894074599540617_1227988172354431857_n.jpg 450w, https:\/\/edublog.educastur.es\/ixuxu\/files\/2024\/11\/467747825_894074599540617_1227988172354431857_n-300x208.jpg 300w, https:\/\/edublog.educastur.es\/ixuxu\/files\/2024\/11\/467747825_894074599540617_1227988172354431857_n-433x300.jpg 433w\" sizes=\"auto, (max-width: 338px) 100vw, 338px\" \/><\/a><\/p>\n<\/div>\n<\/div>\n<div class=\"xu06os2 x1ok221b\"><\/div>\n<\/div>\n<\/div>\n<\/div>\n<\/div>\n<div class=\"html-div xdj266r x11i5rnm xat24cr x1mh8g0r xexx8yu x4uap5 x18d9i69 xkhd6sd\">\n<div class=\"html-div xdj266r x11i5rnm xat24cr x1mh8g0r xexx8yu x4uap5 x18d9i69 xkhd6sd\" dir=\"auto\">\n<div class=\"html-div xdj266r x11i5rnm xat24cr x1mh8g0r xexx8yu x4uap5 x18d9i69 xkhd6sd\" data-ad-rendering-role=\"story_message\">\n<div id=\":riu:\" class=\"x1l90r2v x1iorvi4 x1ye3gou xn6708d\" data-ad-comet-preview=\"message\" data-ad-preview=\"message\">\n<div class=\"x78zum5 xdt5ytf xz62fqu x16ldp7u\">\n<div class=\"xu06os2 x1ok221b\">\n<div class=\"x11i5rnm xat24cr x1mh8g0r x1vvkbs xtlvy1s x126k92a\">\n<div dir=\"auto\" style=\"text-align: center\"><span style=\"font-size: 24px;color: #008080\"><strong><em>\u00abInversiones t\u00e9rmiques, <\/em><\/strong><\/span><br \/>\n<span style=\"font-size: 24px;color: #008080\"><strong><em>m\u00e1s fr\u00edu no fonderu los valles que&#8217;n los puertos \u00ab<\/em><\/strong><\/span><\/div>\n<div dir=\"auto\"><\/div>\n<\/div>\n<div class=\"x11i5rnm xat24cr x1mh8g0r x1vvkbs xtlvy1s x126k92a\">\n<ul>\n<li dir=\"auto\"><strong><span style=\"color: #008080\">Alborecemos<\/span><\/strong> col cielu poco nuboso o escampl\u00e1u, sicas\u00ed na fastera ocidental tenemos dalgo de nubosid\u00e1 alta con unes temperatures que tan alrodiu de los 0\u00baC, rexistr\u00e1ndose nel puirtu Payares 2,2\u00baC.<\/li>\n<\/ul>\n<\/div>\n<div class=\"x11i5rnm xat24cr x1mh8g0r x1vvkbs xtlvy1s x126k92a\">\n<ul>\n<li dir=\"auto\"><strong><span style=\"color: #008080\">G\u00fcei<\/span> <\/strong>vamos tener escasa nubosid\u00e1 que mos dexar\u00e1 un d\u00eda mui soleyeru, sobre too nes zones altes, onde la llume del sol fadr\u00e1 que suban abondu les temperatures a partir del mediud\u00eda, mentantu no fonderu los valles, el escasu movimientu atmosf\u00e9ricu por mor del anticicl\u00f3n va dexar atrap\u00e1u l&#8217;aire fr\u00edu m\u00e1s pes\u00e1u con unes temperatures m\u00e1simes muncho m\u00e1s contenies que malpenes sobrepasar\u00e1n los 10\u00baC a primera hora de la tarde faciendo que tengamos iversiones t\u00e9rmiques importantes.<\/li>\n<\/ul>\n<p><!--more--><\/p>\n<\/div>\n<div class=\"x11i5rnm xat24cr x1mh8g0r x1vvkbs xtlvy1s x126k92a\">\n<ul>\n<li dir=\"auto\"><strong><span style=\"color: #008080\">Ma\u00f1ana xueves<\/span> <\/strong>como noved\u00e1 tendremos dalgo de nord\u00e9s pela costa que baxar\u00e1 entov\u00eda m\u00e1s la sensaci\u00f3n t\u00e9rmica con unes temperatures que van camudar poco, acentu\u00e1ndose les iversiones t\u00e9rmiques, muncho m\u00e1s fr\u00edu no fonderu los valles que nes zones altes ventilaes.<\/li>\n<\/ul>\n<\/div>\n<div class=\"x11i5rnm xat24cr x1mh8g0r x1vvkbs xtlvy1s x126k92a\">\n<ul>\n<li dir=\"auto\"><strong><span style=\"color: #008080\">El vienres y s\u00e1badu<\/span><\/strong> seguiremos con escasa nubosid\u00e1 y xelaes nes zones baxes por iversi\u00f3n t\u00e9rmica ya&#8217;l domingu paez qu&#8217;aumentar\u00e1 la nubosid\u00e1 ya entamar\u00e1n a rompese les piscines d&#8217;aire fr\u00edu de lo fonderu los valles.<\/li>\n<\/ul>\n<\/div>\n<\/div>\n<\/div>\n<\/div>\n<\/div>\n<\/div>\n<\/div>\n<p>&nbsp;<\/p>\n","protected":false},"excerpt":{"rendered":"<p>El Tiempu n&#8217;Asturies. \u00abInversiones t\u00e9rmiques, m\u00e1s fr\u00edu no fonderu los valles que&#8217;n los puertos \u00ab Alborecemos col cielu poco nuboso o escampl\u00e1u, sicas\u00ed na fastera ocidental tenemos dalgo de nubosid\u00e1 alta con unes temperatures que tan alrodiu de los 0\u00baC, rexistr\u00e1ndose nel puirtu Payares 2,2\u00baC. G\u00fcei vamos tener escasa nubosid\u00e1 que mos dexar\u00e1 un d\u00eda [&hellip;]<\/p>\n","protected":false},"author":117,"featured_media":0,"comment_status":"open","ping_status":"open","sticky":false,"template":"","format":"standard","meta":{"footnotes":""},"categories":[5],"tags":[],"class_list":["post-40160","post","type-post","status-publish","format-standard","hentry","category-tiempu"],"_links":{"self":[{"href":"https:\/\/edublog.educastur.es\/ixuxu\/wp-json\/wp\/v2\/posts\/40160","targetHints":{"allow":["GET"]}}],"collection":[{"href":"https:\/\/edublog.educastur.es\/ixuxu\/wp-json\/wp\/v2\/posts"}],"about":[{"href":"https:\/\/edublog.educastur.es\/ixuxu\/wp-json\/wp\/v2\/types\/post"}],"author":[{"embeddable":true,"href":"https:\/\/edublog.educastur.es\/ixuxu\/wp-json\/wp\/v2\/users\/117"}],"replies":[{"embeddable":true,"href":"https:\/\/edublog.educastur.es\/ixuxu\/wp-json\/wp\/v2\/comments?post=40160"}],"version-history":[{"count":2,"href":"https:\/\/edublog.educastur.es\/ixuxu\/wp-json\/wp\/v2\/posts\/40160\/revisions"}],"predecessor-version":[{"id":40162,"href":"https:\/\/edublog.educastur.es\/ixuxu\/wp-json\/wp\/v2\/posts\/40160\/revisions\/40162"}],"wp:attachment":[{"href":"https:\/\/edublog.educastur.es\/ixuxu\/wp-json\/wp\/v2\/media?parent=40160"}],"wp:term":[{"taxonomy":"category","embeddable":true,"href":"https:\/\/edublog.educastur.es\/ixuxu\/wp-json\/wp\/v2\/categories?post=40160"},{"taxonomy":"post_tag","embeddable":true,"href":"https:\/\/edublog.educastur.es\/ixuxu\/wp-json\/wp\/v2\/tags?post=40160"}],"curies":[{"name":"wp","href":"https:\/\/api.w.org\/{rel}","templated":true}]}}