{"id":40169,"date":"2025-01-15T08:55:00","date_gmt":"2025-01-15T06:55:00","guid":{"rendered":"https:\/\/edublog.educastur.es\/ixuxu\/?p=40169"},"modified":"2025-01-15T15:12:27","modified_gmt":"2025-01-15T13:12:27","slug":"nivel-dalerta-1-por-baxes-temperatures","status":"publish","type":"post","link":"https:\/\/edublog.educastur.es\/ixuxu\/2025\/01\/nivel-dalerta-1-por-baxes-temperatures\/","title":{"rendered":"Nivel d&#8217;alerta 1 por baxes temperatures"},"content":{"rendered":"<p style=\"text-align: center\">\n<!-- iframe plugin v.6.0 wordpress.org\/plugins\/iframe\/ -->\n<iframe loading=\"lazy\" src=\"https:\/\/www.instagram.com\/reel\/DE0ItgaN93j\/embed\" width=\"460\" height=\"640\" 0=\"\/iframe\" scrolling=\"yes\" class=\"iframe-class\" frameborder=\"0\"><\/iframe>\n<\/p>\n<div class=\"x3nfvp2 x193iq5w\">\n<ul>\n<li class=\"x6ikm8r x10wlt62\"><a href=\"https:\/\/l.instagram.com\/?u=http%3A%2F%2Fwww.oviedo.es%2F%3Ffbclid%3DPAZXh0bgNhZW0CMTEAAabh0ekE8ub8tbRaD06ELmBCfYToPDZ77FXkg2cQlWMCJkH8t_LwSs9Vyvs_aem_mcRHsnqj3UMtZjkyljXwTw&amp;e=AT2IMo6Kl_jvzqP1wFfuweuh-lmaBV5bIX8v0kWjlYpbnbkz3FVA4p1nT_Tya-c-K-DcQYz-72BKJp06gMA0kGbkAZiZNm0k30yMqQ\" target=\"_blank\" rel=\"me nofollow noopener noreferrer\"><span class=\"x1lliihq x1plvlek xryxfnj x1n2onr6 x1ji0vk5 x18bv5gf x193iq5w xeuugli x1fj9vlw x13faqbe x1vvkbs x1s928wv xhkezso x1gmr53x x1cpjm7i x1fgarty x1943h6x x1i0vuye xvs91rp x1s688f x7l2uk3 x10wh9bi x1wdrske x8viiok x18hxmgj\" dir=\"auto\"><span class=\"x1lliihq x193iq5w x6ikm8r x10wlt62 xlyipyv xuxw1ft\">www.oviedo.es<\/span><\/span><\/a>\/\u00a0 \u00a0<a href=\"https:\/\/www.instagram.com\/p\/DE0ItgaN93j\/\">cartelu<\/a>\u00a0 \/<a class=\"x1i10hfl xjbqb8w x1ejq31n xd10rxx x1sy0etr x17r0tee x972fbf xcfux6l x1qhh985 xm0m39n x9f619 x1ypdohk xt0psk2 xe8uvvx xdj266r x11i5rnm xat24cr x1mh8g0r xexx8yu x4uap5 x18d9i69 xkhd6sd x16tdsg8 x1hl2dhg xggy1nq x1a2a7pz _acan _acao _acat _acaw _aj1- _ap30 _a6hd\" role=\"link\" href=\"https:\/\/www.instagram.com\/aytoviedo\/?e=992c37cc-7c77-43af-ae10-9c03ca2e6e77&amp;g=5\">aytoviedo<\/a><\/li>\n<li><a href=\"https:\/\/obsaludasturias.com\/obsa\/actuaciones-preventivas-por-bajas-temperaturas\">https:\/\/obsaludasturias.com\/obsa\/actuaciones-preventivas-por-bajas-temperaturas<\/a> \/<\/li>\n<li>Activu dende&#8217;l 1 d&#8217;avientu 2024 al 31 de marzu 2025<\/li>\n<\/ul>\n<\/div>\n<div class=\"_aasi\">\n<div class=\"x9f619 xjbqb8w x78zum5 x168nmei x13lgxp2 x5pf9jr xo71vjh x1n2onr6 x1plvlek xryxfnj x1c4vz4f x2lah0s x1q0g3np xqjyukv x6s0dn4 x1oa3qoh x1qughib\">\n<header class=\"_aaqw\">\n<div class=\"_aaqy _aaqz\">\n<div class=\"_aar0 _aar1\">\n<div class=\"x78zum5\">\n<div class=\"_aaqt\">\n<div class=\"x9f619 xjbqb8w x78zum5 x168nmei x13lgxp2 x5pf9jr xo71vjh x1n2onr6 x1plvlek xryxfnj x1c4vz4f x2lah0s x1q0g3np xqjyukv x6s0dn4 x1oa3qoh x1nhvcw1\">\n<p class=\"x9f619 xjbqb8w x78zum5 x168nmei x13lgxp2 x5pf9jr xo71vjh xsgj6o6 x1n2onr6 x1plvlek xryxfnj x1c4vz4f x2lah0s xdt5ytf xqjyukv x1qjc9v5 x1oa3qoh x1nhvcw1\">El <strong>Serviciu de Vixilancia Epidemiol\u00f3xica de la Conseyer\u00eda de Sal\u00fa<\/strong> del Princip\u00e1u d&#8217;Asturies sollerta de qu&#8217;estos d\u00edes activar\u00e1se&#8217;l nivel d&#8217;alerta 1 por baxes temperatures y tresmite una serie d&#8217;encamientos xenerales para prevenir los sos sobro la sal\u00fa.<\/p>\n<\/div>\n<\/div>\n<\/div>\n<\/div>\n<\/div>\n<\/header>\n<\/div>\n<\/div>\n","protected":false},"excerpt":{"rendered":"<p>www.oviedo.es\/\u00a0 \u00a0cartelu\u00a0 \/aytoviedo https:\/\/obsaludasturias.com\/obsa\/actuaciones-preventivas-por-bajas-temperaturas \/ Activu dende&#8217;l 1 d&#8217;avientu 2024 al 31 de marzu 2025 El Serviciu de Vixilancia Epidemiol\u00f3xica de la Conseyer\u00eda de Sal\u00fa del Princip\u00e1u d&#8217;Asturies sollerta de qu&#8217;estos d\u00edes activar\u00e1se&#8217;l nivel d&#8217;alerta 1 por baxes temperatures y tresmite una serie d&#8217;encamientos xenerales para prevenir los sos sobro la sal\u00fa.<\/p>\n","protected":false},"author":117,"featured_media":0,"comment_status":"open","ping_status":"open","sticky":false,"template":"","format":"standard","meta":{"footnotes":""},"categories":[48],"tags":[],"class_list":["post-40169","post","type-post","status-publish","format-standard","hentry","category-salu"],"_links":{"self":[{"href":"https:\/\/edublog.educastur.es\/ixuxu\/wp-json\/wp\/v2\/posts\/40169","targetHints":{"allow":["GET"]}}],"collection":[{"href":"https:\/\/edublog.educastur.es\/ixuxu\/wp-json\/wp\/v2\/posts"}],"about":[{"href":"https:\/\/edublog.educastur.es\/ixuxu\/wp-json\/wp\/v2\/types\/post"}],"author":[{"embeddable":true,"href":"https:\/\/edublog.educastur.es\/ixuxu\/wp-json\/wp\/v2\/users\/117"}],"replies":[{"embeddable":true,"href":"https:\/\/edublog.educastur.es\/ixuxu\/wp-json\/wp\/v2\/comments?post=40169"}],"version-history":[{"count":3,"href":"https:\/\/edublog.educastur.es\/ixuxu\/wp-json\/wp\/v2\/posts\/40169\/revisions"}],"predecessor-version":[{"id":40189,"href":"https:\/\/edublog.educastur.es\/ixuxu\/wp-json\/wp\/v2\/posts\/40169\/revisions\/40189"}],"wp:attachment":[{"href":"https:\/\/edublog.educastur.es\/ixuxu\/wp-json\/wp\/v2\/media?parent=40169"}],"wp:term":[{"taxonomy":"category","embeddable":true,"href":"https:\/\/edublog.educastur.es\/ixuxu\/wp-json\/wp\/v2\/categories?post=40169"},{"taxonomy":"post_tag","embeddable":true,"href":"https:\/\/edublog.educastur.es\/ixuxu\/wp-json\/wp\/v2\/tags?post=40169"}],"curies":[{"name":"wp","href":"https:\/\/api.w.org\/{rel}","templated":true}]}}