{"id":4020,"date":"2021-03-07T19:16:21","date_gmt":"2021-03-07T17:16:21","guid":{"rendered":"https:\/\/edublog.educastur.es\/ixuxu\/?p=4020"},"modified":"2021-03-07T19:19:20","modified_gmt":"2021-03-07T17:19:20","slug":"fundamentos-de-asturianada","status":"publish","type":"post","link":"https:\/\/edublog.educastur.es\/ixuxu\/2021\/03\/fundamentos-de-asturianada\/","title":{"rendered":"\u201cFundamentos de Asturianada\u201d"},"content":{"rendered":"<div class=\"css-1dbjc4n\">\n<div class=\"css-1dbjc4n r-zl2h9q\">\n<div class=\"css-1dbjc4n r-k4xj1c r-18u37iz r-1wtj0ep\">\n<div class=\"css-1dbjc4n r-1d09ksm r-18u37iz r-1wbh5a2\">\n<div class=\"css-1dbjc4n r-1wbh5a2 r-dnmrzs\">\n<div id=\"tweet-user-name\" class=\"css-1dbjc4n r-1awozwy r-18u37iz r-1wbh5a2 r-dnmrzs r-1ny4l3l\">\n<div class=\"css-1dbjc4n r-1awozwy r-18u37iz r-dnmrzs\">\n<div class=\"css-901oao css-bfa6kz r-18jsvk2 r-1qd0xha r-a023e6 r-b88u0q r-ad9z0x r-bcqeeo r-3s2u2q r-qvutc0\" dir=\"auto\" style=\"text-align: center\"><span class=\"css-901oao css-16my406 r-poiln3 r-bcqeeo r-qvutc0\">Fonte: <a href=\"https:\/\/t.co\/CC6mCqozYI?amp=1\"><em><strong>H\u00e9ctor Braga<\/strong><\/em><\/a> <a href=\"https:\/\/twitter.com\/Hector_Braga\">@H\u00e9ctor Braga<\/a><\/span><\/div>\n<div dir=\"auto\"><\/div>\n<div dir=\"auto\" style=\"text-align: center\"><a href=\"https:\/\/www.rtve.es\/m\/alacarta\/audios\/taratana\/\"><img loading=\"lazy\" decoding=\"async\" class=\"alignnone\" src=\"https:\/\/pbs.twimg.com\/media\/Ev3yFTCWYAArTo9?format=jpg&amp;name=900x900\" alt=\"\" width=\"392\" height=\"518\" \/><\/a><\/div>\n<div dir=\"auto\">\n<p><!--more--><\/p>\n<\/div>\n<\/div>\n<\/div>\n<\/div>\n<\/div>\n<\/div>\n<\/div>\n<\/div>\n<div class=\"css-1dbjc4n\">\n<div id=\"tweet-text\" class=\"css-901oao r-18jsvk2 r-1qd0xha r-a023e6 r-16dba41 r-ad9z0x r-bcqeeo r-bnwqim r-qvutc0\" dir=\"auto\" lang=\"es\">\n<div class=\"css-1dbjc4n r-xoduu5\"><span class=\"r-18u37iz\"><a class=\"css-4rbku5 css-18t94o4 css-901oao css-16my406 r-1n1174f r-1loqt21 r-poiln3 r-bcqeeo r-qvutc0\" role=\"link\" href=\"https:\/\/twitter.com\/TaratanaR3\" data-focusable=\"true\"><span class=\"css-901oao css-16my406 r-poiln3 r-bcqeeo r-qvutc0\">Hoy dedican todo el programa de\u00a0 <\/span>@TaratanaR3, en radio 3,\u00a0<\/a><\/span><span class=\"css-901oao css-16my406 r-poiln3 r-bcqeeo r-qvutc0\">a mis<span style=\"font-size: 20px\"><strong><em> \u201cFundamentos de Asturianada\u201d<\/em> <\/strong><\/span><\/span><\/div>\n<div class=\"css-1dbjc4n r-xoduu5 r-1mlwlqe r-1d2f490 r-1udh08x r-u8s1d r-h9hxbl r-417010\" title=\"Aud\u00edfono\" aria-label=\"Aud\u00edfono\">\n<div class=\"css-1dbjc4n r-1niwhzg r-vvn4in r-u6sd8q r-x3cy2q r-1p0dtai r-xoduu5 r-1pi2tsx r-1d2f490 r-u8s1d r-zchlnj r-ipm5af r-13qz1uu r-1wyyakw\"><\/div>\n<\/div>\n<\/div>\n<div class=\"css-901oao r-18jsvk2 r-1qd0xha r-a023e6 r-16dba41 r-ad9z0x r-bcqeeo r-bnwqim r-qvutc0\" dir=\"auto\" lang=\"es\"><span class=\"css-901oao css-16my406 r-poiln3 r-bcqeeo r-qvutc0\">Os dejo el <strong>enlace al podcast <\/strong><\/span><span class=\"r-18u37iz\"><a class=\"css-4rbku5 css-18t94o4 css-901oao css-16my406 r-1n1174f r-1loqt21 r-poiln3 r-bcqeeo r-qvutc0\" role=\"link\" href=\"https:\/\/twitter.com\/rtve\" data-focusable=\"true\">@rtve<\/a><\/span><span class=\"css-901oao css-16my406 r-poiln3 r-bcqeeo r-qvutc0\">\u00a0a la carta para escucharlo tantas veces como quer\u00e1is. <\/span><a class=\"css-4rbku5 css-18t94o4 css-901oao css-16my406 r-1n1174f r-1loqt21 r-poiln3 r-bcqeeo r-qvutc0\" role=\"link\" href=\"https:\/\/t.co\/a7HhoEQG8l?amp=1\" target=\"_blank\" rel=\"noopener noreferrer\" data-focusable=\"true\"><span class=\"css-901oao css-16my406 r-poiln3 r-hiw28u r-bcqeeo r-qvutc0\" aria-hidden=\"true\">https:\/\/<\/span>rtve.es\/m\/alacarta\/aud<span class=\"css-901oao css-16my406 r-poiln3 r-hiw28u r-bcqeeo r-qvutc0\" aria-hidden=\"true\">ios\/taratana\/<\/span><\/a><\/div>\n<\/div>\n<div dir=\"auto\" lang=\"es\">\n<p><em>El m\u00fasico, y tantas otras cosas,\u00a0<strong>H\u00e9ctor Braga<\/strong>, acaba de publicar un exhausto y extenso trabajo discogr\u00e1fico sobre la \u201casturianada\u201d, un g\u00e9nero por el que siente pasi\u00f3n y ha dedicado su vida<\/em><\/p>\n<p><em>. Con el t\u00edtulo<strong>\u00a0\u201cFundamentos: el arte de la asturianada\u201d<\/strong>, recopila e interpreta 75 piezas con rigor historicista y lo m\u00e1s fiel posible a las fuentes, hasta con instrumentos originales, como la gaita. Cantos a capella o con sencillos acompa\u00f1amientos musicales capaces de transportarnos a otra \u00e9poca y provocarnos emociones nuevas. <\/em><\/p>\n<p><em>Le dedicamos todo el programa, pues el trabajo y su resultado merece la pena, como se intuye en este listado: <strong>H\u00e9ctor Braga<\/strong>, \u201cS\u00e1calo col garabatu\u201d, \u201cVoy pa Llanes\u201d, \u201cVengo de la romer\u00eda \/ Virgen de Covadonga\u201d, \u201cCuando sal\u00ed de Cabrales\u201d, \u201cCuando sal\u00ed de Asturies\u201d, \u201cNac\u00ed en la Pola de Lena\u201d, \u201cCarrosmateros\u201d, \u201cPaloma revoladora\u201d, \u201cDonde la neblina posa\u201d. \u201cTengo que subir al puertu\u201d, \u201cSoy pastor\u201d y \u201cCaminito de Avil\u00e9s\u201d.<\/em><\/p>\n<\/div>\n","protected":false},"excerpt":{"rendered":"<p>Fonte: H\u00e9ctor Braga @H\u00e9ctor Braga<\/p>\n","protected":false},"author":117,"featured_media":0,"comment_status":"open","ping_status":"open","sticky":false,"template":"","format":"standard","meta":{"footnotes":""},"categories":[35],"tags":[],"class_list":["post-4020","post","type-post","status-publish","format-standard","hentry","category-musica"],"_links":{"self":[{"href":"https:\/\/edublog.educastur.es\/ixuxu\/wp-json\/wp\/v2\/posts\/4020","targetHints":{"allow":["GET"]}}],"collection":[{"href":"https:\/\/edublog.educastur.es\/ixuxu\/wp-json\/wp\/v2\/posts"}],"about":[{"href":"https:\/\/edublog.educastur.es\/ixuxu\/wp-json\/wp\/v2\/types\/post"}],"author":[{"embeddable":true,"href":"https:\/\/edublog.educastur.es\/ixuxu\/wp-json\/wp\/v2\/users\/117"}],"replies":[{"embeddable":true,"href":"https:\/\/edublog.educastur.es\/ixuxu\/wp-json\/wp\/v2\/comments?post=4020"}],"version-history":[{"count":4,"href":"https:\/\/edublog.educastur.es\/ixuxu\/wp-json\/wp\/v2\/posts\/4020\/revisions"}],"predecessor-version":[{"id":4025,"href":"https:\/\/edublog.educastur.es\/ixuxu\/wp-json\/wp\/v2\/posts\/4020\/revisions\/4025"}],"wp:attachment":[{"href":"https:\/\/edublog.educastur.es\/ixuxu\/wp-json\/wp\/v2\/media?parent=4020"}],"wp:term":[{"taxonomy":"category","embeddable":true,"href":"https:\/\/edublog.educastur.es\/ixuxu\/wp-json\/wp\/v2\/categories?post=4020"},{"taxonomy":"post_tag","embeddable":true,"href":"https:\/\/edublog.educastur.es\/ixuxu\/wp-json\/wp\/v2\/tags?post=4020"}],"curies":[{"name":"wp","href":"https:\/\/api.w.org\/{rel}","templated":true}]}}