{"id":40201,"date":"2025-01-15T15:30:05","date_gmt":"2025-01-15T13:30:05","guid":{"rendered":"https:\/\/edublog.educastur.es\/ixuxu\/?p=40201"},"modified":"2025-01-20T14:39:16","modified_gmt":"2025-01-20T12:39:16","slug":"cultura-sidrera-y-paisaxes-de-suanu-tolo-quufiertal-nuevu-estand-dasturies-en-fitur","status":"publish","type":"post","link":"https:\/\/edublog.educastur.es\/ixuxu\/2025\/01\/cultura-sidrera-y-paisaxes-de-suanu-tolo-quufiertal-nuevu-estand-dasturies-en-fitur\/","title":{"rendered":"Cultura sidrera y paisaxes de sua\u00f1u: tolo qu&#8217;ufierta&#8217;l nuevu estand d&#8217;Asturies en Fitur"},"content":{"rendered":"<ul>\n<li>Fonte:<a href=\"https:\/\/www.elcomercio.es\/asturias\/nuevo-estand-asturias-fitur-cultura-sidrera-paisajes-20250115141322-nt.html\"> el Comercio<\/a> \/<a href=\"https:\/\/actualidad.asturias.es\/-\/el-principado-conmemora-en-fitur-los-40-a%C3%B1os-de-la-marca-de-promoci%C3%B3n-tur%C3%ADstica-asturias-para%C3%ADso-natural-?redirect=%2F\"> Actualidad Asturias<\/a> \/ <a href=\"https:\/\/actualidad.asturias.es\/documents\/533407\/0\/2025_01_15+Programa+FITUR+2025.pdf\/821e11ab-650f-a268-372e-72f23e5f003a?t=1736943141301\"><strong>Programa<\/strong> <\/a>\/ <a href=\"https:\/\/www.turismoasturiasprofesional.es\/fitur2025?fbclid=IwY2xjawH6IkpleHRuA2FlbQIxMQABHQRfTKs-vIYlu7IjYrCG009EBwUssz6petjSdep6CDMAzDek7wlAn89caA_aem_nJbnGTg6oQdAHClPASL_xg\">web<\/a><\/li>\n<li><a href=\"https:\/\/www.turismoasturiasprofesional.es\/fitur2025?fbclid=IwY2xjawH6IkpleHRuA2FlbQIxMQABHQRfTKs-vIYlu7IjYrCG009EBwUssz6petjSdep6CDMAzDek7wlAn89caA_aem_nJbnGTg6oQdAHClPASL_xg\">Asturias presente en FITUR 2025 Profesional (turismoasturiasprofesional.es)<\/a>\u00a0\/<\/li>\n<li><a href=\"http:\/\/www.turismoasturiasprofesional.es\/fitur2025\">www.turismoasturiasprofesional.es\/fitur2025<\/a><\/li>\n<\/ul>\n<p style=\"text-align: center\">\n<!-- iframe plugin v.6.0 wordpress.org\/plugins\/iframe\/ -->\n<iframe loading=\"lazy\" width=\"640\" height=\"360\" src=\"https:\/\/www.youtube.com\/embed\/WHVqjjztmZ8\" title=\"Asturias en Fitur 2025\" frameborder=\"0\" allow=\"accelerometer; autoplay; clipboard-write; encrypted-media; gyroscope; picture-in-picture; web-share\" referrerpolicy=\"strict-origin-when-cross-origin\" 0=\"allowfullscreen\" 1=\"\/iframe\" scrolling=\"yes\" class=\"iframe-class\"><\/iframe>\n<\/p>\n<p style=\"text-align: center\"><a href=\"https:\/\/s3.ppllstatics.com\/elcomercio\/www\/multimedia\/2025\/01\/15\/stand-fitur-asturias%20(5)-knhC-U2305410488688KE-1920x1344@El%20Comercio.jpg\"><img loading=\"lazy\" decoding=\"async\" class=\"aligncenter \" src=\"https:\/\/s3.ppllstatics.com\/elcomercio\/www\/multimedia\/2025\/01\/15\/stand-fitur-asturias%20(5)-knhC-U2305410488688KE-1920x1344@El%20Comercio.jpg\" width=\"611\" height=\"428\" \/><\/a><\/p>\n<p>L&#8217;espaciu asturianu destaca pol so dise\u00f1u innovador, con dos altores y una medr\u00eda del 14% na so superficie, que supera los mil metros cuadraos.\u00a0Tou ta llistu para celebrar otra edici\u00f3n m\u00e1s de la <span style=\"color: #008080\"><strong>Feria Internacional de Turismu (Fitur)<\/strong><\/span>. El 40\u00ba aniversariu del lema \u201cAsturies, Para\u00edsu Natural\u201d ye&#8217;l mazcar\u00f3n de proa de la propuesta que&#8217;l Princip\u00e1u presenta en FITUR 2025.<\/p>\n<p><!--more--><\/p>\n<p>La tradicional cita, que <strong>se va celebrar del 22 al 26 de xineru na see de Ifema, en Madrid<\/strong>, va cuntar con un novedosu estand asturianu, que foi present\u00e1u esti mi\u00e9rcoles pola vicepresidenta del Princip\u00e1u, Gimena Llamedo.<\/p>\n<p>&nbsp;<\/p>\n<p style=\"text-align: center\"><a href=\"https:\/\/actualidad.asturias.es\/documents\/537115\/2329953\/2025_01_15+Vicepresidenta+presentacion+stand+Fitur+1.jpg\/f5487bc9-fbd2-1ee2-0e77-2661a0b11b3d?t=1736943185026\"><img loading=\"lazy\" decoding=\"async\" class=\"aligncenter \" src=\"https:\/\/actualidad.asturias.es\/documents\/537115\/2329953\/2025_01_15+Vicepresidenta+presentacion+stand+Fitur+1.jpg\/f5487bc9-fbd2-1ee2-0e77-2661a0b11b3d?t=1736943185026\" width=\"907\" height=\"680\" \/><\/a><\/p>\n<p>Y en esta ocasi\u00f3n el Princip\u00e1u va empecipiar les <strong>actividaes conmemorativas del 40 aniversariu de la marca Asturies Para\u00edsu Natural, con una adaptaci\u00f3n del so logotipu, cre\u00e1u en 1985 por Arcadi Moradell<\/strong> y que va encabezar el gran espaciu central del estand de la comunid\u00e1. Esta versi\u00f3n, creada con motivu del aniversariu, foi supervisada por el mesmu autor.<\/p>\n<p style=\"text-align: center\"><a href=\"https:\/\/www.researchgate.net\/publication\/329287573\/figure\/fig2\/AS:698484676100098@1543543132136\/Marca-turistica-de-Asturias-como-paraiso-natural-Tourism-trademark-of-Asturias-as-a.png\"><img loading=\"lazy\" decoding=\"async\" class=\"aligncenter \" src=\"https:\/\/www.researchgate.net\/publication\/329287573\/figure\/fig2\/AS:698484676100098@1543543132136\/Marca-turistica-de-Asturias-como-paraiso-natural-Tourism-trademark-of-Asturias-as-a.png\" width=\"496\" height=\"653\" \/><\/a><\/p>\n<p style=\"text-align: center\">\n<!-- iframe plugin v.6.0 wordpress.org\/plugins\/iframe\/ -->\n<iframe loading=\"lazy\" width=\"580\" height=\"326\" src=\"https:\/\/www.youtube.com\/embed\/Hf6KrQUGyTo\" title=\"30 A\u00f1os de &amp;quot;Asturias Para\u00edso Natural&amp;quot;\" frameborder=\"0\" allow=\"accelerometer; autoplay; clipboard-write; encrypted-media; gyroscope; picture-in-picture; web-share\" referrerpolicy=\"strict-origin-when-cross-origin\" 0=\"allowfullscreen\" 1=\"\/iframe\" scrolling=\"yes\" class=\"iframe-class\"><\/iframe>\n<\/p>\n<p style=\"text-align: center\"><a href=\"https:\/\/www.turismoasturiasprofesional.es\/o\/adaptive-media\/image\/11413870\/3\/0ff607a7-a656-10d3-5a45-5a931429602a?t=1736854763013\"><img loading=\"lazy\" decoding=\"async\" class=\"aligncenter size-large\" src=\"https:\/\/www.turismoasturiasprofesional.es\/o\/adaptive-media\/image\/11413870\/3\/0ff607a7-a656-10d3-5a45-5a931429602a?t=1736854763013\" width=\"1000\" height=\"526\" \/><\/a><\/p>\n<p>Mientres la so intervenci\u00f3n, Llamedo destac\u00f3 les bones resultancies tur\u00edstiques de 2024: <em>\u00abA falta de los datos d&#8217;avientu, Asturies rexistr\u00f3 un nuevu r\u00e9cord en visitantes y estancies, con una crecedera del 2,1% pel branu y un significativu 4,9% na primer met\u00e1 del a\u00f1u. Estes cifres reflexen la descentralizaci\u00f3n y la desestacionalizaci\u00f3n del sector\u00bb.<\/em><\/p>\n<p>A\u00f1edi\u00f3 que <em>\u00absiempres dicimos qu&#8217;Asturies ye una xoya por afayar y cada vez hai m\u00e1s turistes que la afayen. L&#8217;a\u00f1u pas\u00e1u tami\u00e9n una medr\u00eda de les persones emplegaes nel sector y eso influy\u00f3 positivamente na nuesa econom\u00eda\u00bb.<\/em><\/p>\n<p style=\"text-align: center\"><a href=\"https:\/\/www.turismoasturiasprofesional.es\/documents\/39917\/f3f86d43-564d-1c7e-e191-75ee8ebbb647?t=1736498867463\"><img loading=\"lazy\" decoding=\"async\" class=\"aligncenter size-large\" src=\"https:\/\/www.turismoasturiasprofesional.es\/documents\/39917\/f3f86d43-564d-1c7e-e191-75ee8ebbb647?t=1736498867463\" width=\"1920\" height=\"550\" \/><\/a><\/p>\n<p><strong>\u00bfC\u00f3mo ye&#8217;l estand d&#8217;Asturies angua\u00f1o?\u00a0<\/strong><br \/>\nEl estand d&#8217;Asturies en Fitur, seg\u00fan esplic\u00f3 Gimena Llamedo, destaca pol so dise\u00f1u innovador, con dos altores y una medr\u00eda del 14% na so superficie, qu&#8217;algama los 1.022 metros cuadraos. \u00abEl estand va cuntar con un \u00e1rea central de 200 metros, con capacid\u00e1 para 200 persones, presidida por una pantalla LED de grandes dimensiones y el logotipu del aniversariu; una entrada monumental con triple arcada d&#8217;inspiraci\u00f3n prerrom\u00e1nica, zones d&#8217;informaci\u00f3n y atenci\u00f3n n&#8217;un \u00e1rea de 270 metros, con amosadores accesibles dedicaos al turismu urbanu y MICE. El estand tami\u00e9n incl\u00fai sales de xuntes, un \u00e1rea de prensa y la Terraza del Para\u00edsu, un puntu d&#8217;alcuentru esclusivu para axentes tur\u00edsticos que s&#8217;ampl\u00eda hasta los 200 metros\u00bb, se\u00f1al\u00f3 la titular de vicepresidencia del Princip\u00e1u.<\/p>\n<p style=\"text-align: center\"><a href=\"https:\/\/www.turismoasturiasprofesional.es\/documents\/39917\/f9a5d056-b5ac-8c0d-d242-a74c437934e5?t=1736499600311\"><img loading=\"lazy\" decoding=\"async\" class=\"aligncenter size-large\" src=\"https:\/\/www.turismoasturiasprofesional.es\/documents\/39917\/f9a5d056-b5ac-8c0d-d242-a74c437934e5?t=1736499600311\" width=\"1920\" height=\"550\" \/><\/a><\/p>\n<p>&nbsp;<\/p>\n<p style=\"text-align: center\"><a href=\"https:\/\/s3.ppllstatics.com\/elcomercio\/www\/multimedia\/2025\/01\/15\/stand-fitur-asturias%20(1)-knhC--1200x840@El%20Comercio.jpg\"><img loading=\"lazy\" decoding=\"async\" class=\"aligncenter \" src=\"https:\/\/s3.ppllstatics.com\/elcomercio\/www\/multimedia\/2025\/01\/15\/stand-fitur-asturias%20(1)-knhC--1200x840@El%20Comercio.jpg\" width=\"518\" height=\"363\" \/><\/a><\/p>\n<p style=\"text-align: center\"><a href=\"https:\/\/s2.ppllstatics.com\/elcomercio\/www\/multimedia\/2025\/01\/15\/stand-fitur-asturias%20(6)-knhC--1200x840@El%20Comercio.jpg\"><img loading=\"lazy\" decoding=\"async\" class=\"aligncenter \" src=\"https:\/\/s2.ppllstatics.com\/elcomercio\/www\/multimedia\/2025\/01\/15\/stand-fitur-asturias%20(6)-knhC--1200x840@El%20Comercio.jpg\" width=\"827\" height=\"579\" \/><\/a><\/p>\n<p style=\"text-align: center\"><a href=\"https:\/\/www.turismoasturiasprofesional.es\/o\/adaptive-media\/image\/11413887\/3\/90b74cfd-dd91-b451-79a0-0ba552d30b6f?t=1736854763495\"><img loading=\"lazy\" decoding=\"async\" class=\"aligncenter size-large\" src=\"https:\/\/www.turismoasturiasprofesional.es\/o\/adaptive-media\/image\/11413887\/3\/90b74cfd-dd91-b451-79a0-0ba552d30b6f?t=1736854763495\" width=\"1000\" height=\"526\" \/><\/a><\/p>\n","protected":false},"excerpt":{"rendered":"<p>Fonte: el Comercio \/ Actualidad Asturias \/ Programa \/ web Asturias presente en FITUR 2025 Profesional (turismoasturiasprofesional.es)\u00a0\/ www.turismoasturiasprofesional.es\/fitur2025 L&#8217;espaciu asturianu destaca pol so dise\u00f1u innovador, con dos altores y una medr\u00eda del 14% na so superficie, que supera los mil metros cuadraos.\u00a0Tou ta llistu para celebrar otra edici\u00f3n m\u00e1s de la Feria Internacional de Turismu [&hellip;]<\/p>\n","protected":false},"author":117,"featured_media":0,"comment_status":"open","ping_status":"open","sticky":false,"template":"","format":"standard","meta":{"footnotes":""},"categories":[167,18],"tags":[],"class_list":["post-40201","post","type-post","status-publish","format-standard","hentry","category-feries","category-turismu"],"_links":{"self":[{"href":"https:\/\/edublog.educastur.es\/ixuxu\/wp-json\/wp\/v2\/posts\/40201","targetHints":{"allow":["GET"]}}],"collection":[{"href":"https:\/\/edublog.educastur.es\/ixuxu\/wp-json\/wp\/v2\/posts"}],"about":[{"href":"https:\/\/edublog.educastur.es\/ixuxu\/wp-json\/wp\/v2\/types\/post"}],"author":[{"embeddable":true,"href":"https:\/\/edublog.educastur.es\/ixuxu\/wp-json\/wp\/v2\/users\/117"}],"replies":[{"embeddable":true,"href":"https:\/\/edublog.educastur.es\/ixuxu\/wp-json\/wp\/v2\/comments?post=40201"}],"version-history":[{"count":15,"href":"https:\/\/edublog.educastur.es\/ixuxu\/wp-json\/wp\/v2\/posts\/40201\/revisions"}],"predecessor-version":[{"id":40460,"href":"https:\/\/edublog.educastur.es\/ixuxu\/wp-json\/wp\/v2\/posts\/40201\/revisions\/40460"}],"wp:attachment":[{"href":"https:\/\/edublog.educastur.es\/ixuxu\/wp-json\/wp\/v2\/media?parent=40201"}],"wp:term":[{"taxonomy":"category","embeddable":true,"href":"https:\/\/edublog.educastur.es\/ixuxu\/wp-json\/wp\/v2\/categories?post=40201"},{"taxonomy":"post_tag","embeddable":true,"href":"https:\/\/edublog.educastur.es\/ixuxu\/wp-json\/wp\/v2\/tags?post=40201"}],"curies":[{"name":"wp","href":"https:\/\/api.w.org\/{rel}","templated":true}]}}