{"id":40220,"date":"2025-01-16T08:15:16","date_gmt":"2025-01-16T06:15:16","guid":{"rendered":"https:\/\/edublog.educastur.es\/ixuxu\/?p=40220"},"modified":"2025-01-16T10:19:29","modified_gmt":"2025-01-16T08:19:29","slug":"estau-del-tiempu-xueves-16-de-xineru-2025","status":"publish","type":"post","link":"https:\/\/edublog.educastur.es\/ixuxu\/2025\/01\/estau-del-tiempu-xueves-16-de-xineru-2025\/","title":{"rendered":"Est\u00e1u del tiempu: xueves 16 de xineru 2025"},"content":{"rendered":"<div class=\"html-div xdj266r x11i5rnm xat24cr x1mh8g0r xexx8yu x1a8lsjc x1swvt13 x1pi30zi\">\n<div class=\"html-div xdj266r x11i5rnm xat24cr x1mh8g0r xexx8yu x4uap5 x18d9i69 xkhd6sd x1jx94hy x78zum5 x1q0g3np\">\n<div class=\"x78zum5 xdt5ytf xz62fqu x16ldp7u\">\n<div class=\"xu06os2 x1ok221b\">\n<div class=\"html-div xdj266r x11i5rnm xat24cr x1mh8g0r xexx8yu x4uap5 x18d9i69 xkhd6sd\" data-ad-rendering-role=\"profile_name\">\n<ul>\n<li class=\"html-h3 x11i5rnm xat24cr x1mh8g0r xexx8yu x4uap5 x18d9i69 xkhd6sd x1vvkbs x1heor9g x1qlqyl8 x1pd3egz x1a2a7pz x1gslohp x1yc453h\"><span class=\"x1lliihq x6ikm8r x10wlt62 x1n2onr6\"><span class=\"xt0psk2\"><a class=\"x1i10hfl xjbqb8w x1ejq31n xd10rxx x1sy0etr x17r0tee x972fbf xcfux6l x1qhh985 xm0m39n x9f619 x1ypdohk xt0psk2 xe8uvvx xdj266r x11i5rnm xat24cr x1mh8g0r xexx8yu x4uap5 x18d9i69 xkhd6sd x16tdsg8 x1hl2dhg xggy1nq x1a2a7pz x1sur9pj xkrqix3 xzsf02u x1s688f\" role=\"link\" href=\"https:\/\/www.facebook.com\/eltiempuenasturies?__cft__[0]=AZV5M7s4-z-ADiIFZWOQYxKnv06s5aUka5AkrSmKJCLfQewuDmVn3HC1qUeZXIvBoP2rLGdxmGQ9BPx7DP2FBrq3E-EPg7zgDSRKTY0-T1U3Pqg8Ar__ZPKzD_dXENvIP5MXTXketTqPQegH7b7QWaz8ZzhJCfzZ3iyVmV1czVU9eIPJpLS1ayAEyQ-anKE7hikw5UiXovEUIFyrr5v2zkRFQZPCK-siQj-4LFQ5DpYjtA&amp;__tn__=-UC%2CP-y-R\" aria-describedby=\":re9:\"><strong class=\"html-strong xdj266r x11i5rnm xat24cr x1mh8g0r xexx8yu x4uap5 x18d9i69 xkhd6sd x1hl2dhg x16tdsg8 x1vvkbs x1s688f\"><span class=\"html-span xdj266r x11i5rnm xat24cr x1mh8g0r xexx8yu x4uap5 x18d9i69 xkhd6sd x1hl2dhg x16tdsg8 x1vvkbs\">El Tiempu n&#8217;Asturies.<\/span><\/strong><\/a><\/span><\/span><\/li>\n<li>Semeya: Tom\u00e1s Garc\u00eda Suarez<\/li>\n<\/ul>\n<\/div>\n<\/div>\n<div class=\"xu06os2 x1ok221b\"><\/div>\n<\/div>\n<\/div>\n<\/div>\n<div class=\"html-div xdj266r x11i5rnm xat24cr x1mh8g0r xexx8yu x4uap5 x18d9i69 xkhd6sd\" dir=\"auto\">\n<div class=\"html-div xdj266r x11i5rnm xat24cr x1mh8g0r xexx8yu x4uap5 x18d9i69 xkhd6sd\" dir=\"auto\">\n<div class=\"html-div xdj266r x11i5rnm xat24cr x1mh8g0r xexx8yu x4uap5 x18d9i69 xkhd6sd\" data-ad-rendering-role=\"story_message\">\n<div class=\"x1l90r2v x1iorvi4 x1ye3gou xn6708d\" data-ad-comet-preview=\"message\" data-ad-preview=\"message\">\n<div class=\"x78zum5 xdt5ytf xz62fqu x16ldp7u\">\n<div class=\"xu06os2 x1ok221b\">\n<div class=\"x11i5rnm xat24cr x1mh8g0r x1vvkbs xtlvy1s x126k92a\">\n<div dir=\"auto\" style=\"text-align: center\">\n<!-- iframe plugin v.6.0 wordpress.org\/plugins\/iframe\/ -->\n<iframe loading=\"lazy\" src=\"https:\/\/www.facebook.com\/plugins\/post.php?href=https%3A%2F%2Fwww.facebook.com%2Feltiempuenasturies%2Fposts%2Fpfbid06XGD8hKgyk6XS89BfXgXNzJa7vG3LSJzAFA4F3YiZJzV2Bf2Gae6e9HPmVRBX1TKl&#038;show_text=false&#038;width=500\" width=\"500\" height=\"332\" style=\"border:none;overflow:hidden\" scrolling=\"no\" frameborder=\"0\" allowfullscreen=\"true\" allow=\"autoplay; clipboard-write; encrypted-media; picture-in-picture; web-share\" 0=\"\/iframe\" class=\"iframe-class\"><\/iframe>\n<\/div>\n<\/div>\n<div class=\"x11i5rnm xat24cr x1mh8g0r x1vvkbs xtlvy1s x126k92a\">\n<div dir=\"auto\" style=\"text-align: center\"><span style=\"color: #008080;font-size: 20px\"><strong><em>\u00abNun s&#8217;espera lluvia<br \/>\nhasta&#8217;l domingu de tarde y poca\u00bb<\/em><\/strong><\/span><\/div>\n<div dir=\"auto\"><\/div>\n<\/div>\n<div class=\"x11i5rnm xat24cr x1mh8g0r x1vvkbs xtlvy1s x126k92a\">\n<ul>\n<li dir=\"auto\"><strong><span style=\"color: #008080\">Alborecemo<\/span><\/strong>s col cielu escampl\u00e1u ya con unes temperatures que tan alrodiu del 1\u00baC, rexistr\u00e1ndose nel puirtu Payares 2,1\u00baC.<\/li>\n<\/ul>\n<\/div>\n<div class=\"x11i5rnm xat24cr x1mh8g0r x1vvkbs xtlvy1s x126k92a\">\n<ul>\n<li dir=\"auto\"><strong><span style=\"color: #008080\">G\u00fcei<\/span><\/strong> como noved\u00e1 va dir surdiendo l&#8217;aire nord\u00e9s pel llitoral a patir del mediud\u00eda, pudiendo ser dalgo cafiante pela tarde ya empobinanos dalgo de nubosid\u00e1 de retenci\u00f3n nos cordales costeros, nel restu seguiremos con escasa nubosid\u00e1 y unes temperatures que camudar\u00e1n poco o tender\u00e1n a subir llixeramente, tando l&#8217;ambiente muncho m\u00e1s afayaizu nes zones altes y soleyeres que&#8217;n lu fonderu los valles onde seguiremos con iversiones t\u00e9rmiques.<\/li>\n<\/ul>\n<p><!--more--><\/p>\n<\/div>\n<div class=\"x11i5rnm xat24cr x1mh8g0r x1vvkbs xtlvy1s x126k92a\">\n<ul>\n<li dir=\"auto\"><strong><span style=\"color: #008080\">Ma\u00f1ana vienres y pas\u00e1u s\u00e1badu<\/span><\/strong> tar\u00e1&#8217;l cielu completamente escampl\u00e1u y ya sin malpenes nord\u00e9s nel llitoral con unes temperatures m\u00ednimes que camudar\u00e1n poco ya con tendencia a subir les m\u00e1simes llixeramente.<\/li>\n<\/ul>\n<\/div>\n<div class=\"x11i5rnm xat24cr x1mh8g0r x1vvkbs xtlvy1s x126k92a\">\n<ul>\n<li dir=\"auto\"><strong><span style=\"color: #008080\">El domingu<\/span><\/strong> aumentar\u00e1 la nubosid\u00e1 rompiendo dalgo la iversi\u00f3n t\u00e9rmica, baxando les temperatures moderadamente nes zones de monta\u00f1a y subiendo dalgo no fonderu los valles al mediud\u00eda cola posibilid\u00e1 de que pela tarde tengamos dalguna precipitaci\u00f3n feble ya dispersa que sedr\u00eda en forma de nieve perriba de los 1500m.<\/li>\n<\/ul>\n<\/div>\n<div class=\"x11i5rnm xat24cr x1mh8g0r x1vvkbs xtlvy1s x126k92a\">\n<div dir=\"auto\"><\/div>\n<\/div>\n<div class=\"x11i5rnm xat24cr x1mh8g0r x1vvkbs xtlvy1s x126k92a\">\n<div dir=\"auto\"><\/div>\n<\/div>\n<\/div>\n<\/div>\n<\/div>\n<\/div>\n<\/div>\n<\/div>\n<p>&nbsp;<\/p>\n","protected":false},"excerpt":{"rendered":"<p>El Tiempu n&#8217;Asturies. Semeya: Tom\u00e1s Garc\u00eda Suarez \u00abNun s&#8217;espera lluvia hasta&#8217;l domingu de tarde y poca\u00bb Alborecemos col cielu escampl\u00e1u ya con unes temperatures que tan alrodiu del 1\u00baC, rexistr\u00e1ndose nel puirtu Payares 2,1\u00baC. G\u00fcei como noved\u00e1 va dir surdiendo l&#8217;aire nord\u00e9s pel llitoral a patir del mediud\u00eda, pudiendo ser dalgo cafiante pela tarde ya [&hellip;]<\/p>\n","protected":false},"author":117,"featured_media":0,"comment_status":"open","ping_status":"open","sticky":false,"template":"","format":"standard","meta":{"footnotes":""},"categories":[5],"tags":[],"class_list":["post-40220","post","type-post","status-publish","format-standard","hentry","category-tiempu"],"_links":{"self":[{"href":"https:\/\/edublog.educastur.es\/ixuxu\/wp-json\/wp\/v2\/posts\/40220","targetHints":{"allow":["GET"]}}],"collection":[{"href":"https:\/\/edublog.educastur.es\/ixuxu\/wp-json\/wp\/v2\/posts"}],"about":[{"href":"https:\/\/edublog.educastur.es\/ixuxu\/wp-json\/wp\/v2\/types\/post"}],"author":[{"embeddable":true,"href":"https:\/\/edublog.educastur.es\/ixuxu\/wp-json\/wp\/v2\/users\/117"}],"replies":[{"embeddable":true,"href":"https:\/\/edublog.educastur.es\/ixuxu\/wp-json\/wp\/v2\/comments?post=40220"}],"version-history":[{"count":1,"href":"https:\/\/edublog.educastur.es\/ixuxu\/wp-json\/wp\/v2\/posts\/40220\/revisions"}],"predecessor-version":[{"id":40221,"href":"https:\/\/edublog.educastur.es\/ixuxu\/wp-json\/wp\/v2\/posts\/40220\/revisions\/40221"}],"wp:attachment":[{"href":"https:\/\/edublog.educastur.es\/ixuxu\/wp-json\/wp\/v2\/media?parent=40220"}],"wp:term":[{"taxonomy":"category","embeddable":true,"href":"https:\/\/edublog.educastur.es\/ixuxu\/wp-json\/wp\/v2\/categories?post=40220"},{"taxonomy":"post_tag","embeddable":true,"href":"https:\/\/edublog.educastur.es\/ixuxu\/wp-json\/wp\/v2\/tags?post=40220"}],"curies":[{"name":"wp","href":"https:\/\/api.w.org\/{rel}","templated":true}]}}