{"id":40236,"date":"2025-01-16T09:00:38","date_gmt":"2025-01-16T07:00:38","guid":{"rendered":"https:\/\/edublog.educastur.es\/ixuxu\/?p=40236"},"modified":"2025-01-16T14:29:30","modified_gmt":"2025-01-16T12:29:30","slug":"abrigate-bien-porquel-friu-xelizo-sigue","status":"publish","type":"post","link":"https:\/\/edublog.educastur.es\/ixuxu\/2025\/01\/abrigate-bien-porquel-friu-xelizo-sigue\/","title":{"rendered":"\u00a1Abr\u00edgate bien porque&#8217;l fr\u00edu xelizo sigue!"},"content":{"rendered":"<div class=\"html-div xdj266r x11i5rnm xat24cr x1mh8g0r xexx8yu x4uap5 x18d9i69 xkhd6sd\">\n<div class=\"html-div xdj266r x11i5rnm x1mh8g0r x18d9i69 x1cy8zhl x78zum5 x1q0g3np xod5an3 xz9dl7a x1ye3gou xn6708d\">\n<div class=\"html-div xdj266r x11i5rnm xat24cr x1mh8g0r xexx8yu x4uap5 x18d9i69 xkhd6sd x1iyjqo2\">\n<div class=\"x78zum5 xdt5ytf xz62fqu x16ldp7u\">\n<div class=\"xu06os2 x1ok221b\">\n<div class=\"html-div xdj266r x11i5rnm xat24cr x1mh8g0r xexx8yu x4uap5 x18d9i69 xkhd6sd\" data-ad-rendering-role=\"profile_name\">\n<ul>\n<li id=\":r15:\" class=\"html-h4 x11i5rnm xat24cr x1mh8g0r xexx8yu x4uap5 x18d9i69 xkhd6sd x1vvkbs x1heor9g x1qlqyl8 x1pd3egz x1a2a7pz x1gslohp x1yc453h\"><span class=\"xt0psk2\"><a class=\"x1i10hfl xjbqb8w x1ejq31n xd10rxx x1sy0etr x17r0tee x972fbf xcfux6l x1qhh985 xm0m39n x9f619 x1ypdohk xt0psk2 xe8uvvx xdj266r x11i5rnm xat24cr x1mh8g0r xexx8yu x4uap5 x18d9i69 xkhd6sd x16tdsg8 x1hl2dhg xggy1nq x1a2a7pz x1sur9pj xkrqix3 xzsf02u x1s688f\" role=\"link\" href=\"https:\/\/www.facebook.com\/eltiempoes?__cft__[0]=AZUQMOKlxnRQzKrA6IC6QcBsA0n4Vfzf1jm7i2o6tzvpq5loOrXfJgYTmtZPU9ZWAWP7J0znGFf-XPd15TCnE146EB7migcJN2WOS4fV152idjaPt64fu0pZzgp75n2zUKsmzRdhEamzTDJiX4dkhN5Np78WpWY3Bs3wLi7HiY9TY-g25ybSMDPGQak2TzcVjXcPMsTfcJAVNZq5Eunz49mFbdbvcVQ41SoCMwNFuGFkFQ&amp;__tn__=-UC%2CP-R\" aria-describedby=\":r1d:\"><strong class=\"html-strong xdj266r x11i5rnm xat24cr x1mh8g0r xexx8yu x4uap5 x18d9i69 xkhd6sd x1hl2dhg x16tdsg8 x1vvkbs x1s688f\"><span class=\"html-span xdj266r x11i5rnm xat24cr x1mh8g0r xexx8yu x4uap5 x18d9i69 xkhd6sd x1hl2dhg x16tdsg8 x1vvkbs\">Eltiempo.es<\/span><\/strong><\/a><\/span><span class=\"html-span xdj266r x11i5rnm xat24cr x1mh8g0r xexx8yu x4uap5 x18d9i69 xkhd6sd x1hl2dhg x16tdsg8 x1vvkbs x1dor1uw x1n2onr6\">\u00a0<\/span><\/li>\n<\/ul>\n<\/div>\n<\/div>\n<\/div>\n<\/div>\n<div style=\"text-align: center\"><a href=\"https:\/\/cdns3.eltiempo.es\/eltiempo\/blog\/noticias\/2025\/01\/15131315\/N.minimnas_jueves-1024x576.jpg\"><img loading=\"lazy\" decoding=\"async\" class=\"aligncenter size-large\" src=\"https:\/\/cdns3.eltiempo.es\/eltiempo\/blog\/noticias\/2025\/01\/15131315\/N.minimnas_jueves-1024x576.jpg\" width=\"1024\" height=\"576\" \/><\/a><\/div>\n<\/div>\n<\/div>\n<div class=\"html-div xdj266r x11i5rnm xat24cr x1mh8g0r xexx8yu x4uap5 x18d9i69 xkhd6sd\">\n<div class=\"html-div xdj266r x11i5rnm xat24cr x1mh8g0r xexx8yu x4uap5 x18d9i69 xkhd6sd\" dir=\"auto\">\n<div class=\"html-div xdj266r x11i5rnm xat24cr x1mh8g0r xexx8yu x4uap5 x18d9i69 xkhd6sd\" data-ad-rendering-role=\"story_message\">\n<div id=\":r17:\" class=\"x1l90r2v x1iorvi4 x1ye3gou xn6708d\" data-ad-comet-preview=\"message\" data-ad-preview=\"message\">\n<div class=\"x78zum5 xdt5ytf xz62fqu x16ldp7u\">\n<div class=\"xu06os2 x1ok221b\">\n<div class=\"xdj266r x11i5rnm xat24cr x1mh8g0r x1vvkbs x126k92a\">\n<div dir=\"auto\">\n<p>Activaos los avisos mariellos por m\u00ednimes que pueden baxar de los -4\u00baC o -6\u00baC en 19 provincies.<a href=\"https:\/\/www.eltiempo.es\/noticias\/el-frio-extremo-no-cesa-hasta-25-provincias-bajo-aviso-por-bajas-temperaturas?fbclid=IwY2xjawH1whZleHRuA2FlbQIxMQABHbfJ_XWrju04ASNM7pVu3V6ypwtVunEv-LJYmldlmIaPwBBQ74P06CW2Bg_aem_W2d3tBhp148jQPnzk8wQlg\"> Noticia<\/a><\/p>\n<p><!--more--><\/p>\n<p style=\"text-align: center\"><a href=\"https:\/\/cdns3.eltiempo.es\/eltiempo\/blog\/noticias\/2025\/01\/15113319\/N.temperatura850_viernes-21-1-1024x576.jpg\"><img loading=\"lazy\" decoding=\"async\" class=\"aligncenter size-large\" src=\"https:\/\/cdns3.eltiempo.es\/eltiempo\/blog\/noticias\/2025\/01\/15113319\/N.temperatura850_viernes-21-1-1024x576.jpg\" width=\"1024\" height=\"576\" \/><\/a><\/p>\n<p style=\"text-align: center\"><em><strong>Fonte: <a href=\"https:\/\/www.lne.es\/asturias\/2025\/01\/16\/fae-frio-pela-tineo-amanece-113433864.html?utm_campaign=Echobox&amp;utm_medium=Social&amp;utm_source=Facebook&amp;fbclid=IwY2xjawH12l1leHRuA2FlbQIxMQABHd_D64gTTGMrJsr6iY7DnSrobdI97Qw1K8dbQcf_w0oPSz4sgeZxzIbjTg_aem_5dckvm3TmvfknxBnm3TwIA#Echobox=1737024127\">LNE<\/a> \/<\/strong><\/em><\/p>\n<p style=\"text-align: center\"><span style=\"color: #008080;font-size: 24px\"><em>La fola xeliza va quedase na rex\u00f3n siquier hasta&#8217;l domingu,<\/em><\/span><br \/>\n<span style=\"color: #008080;font-size: 24px\"><em> cola llegada d&#8217;ag\u00fces y nieve a partir de los 1.400 metros.<\/em><\/span><\/p>\n<p><span style=\"font-size: 20px\"><strong>N&#8217;Asturies fae estos d\u00edes un fr\u00edu que pela.<\/strong> Tin\u00e9u amaneci\u00f3 g\u00fcei con casi 4 graos baxo cero (-3,8) y ayeri la m\u00ednima raspi\u00f3 los 5 en negativu nel mesmu conceyu (-4,8). <\/span><\/p>\n<p><span style=\"font-size: 20px\"><strong>La fola xeliza va quedase na rex\u00f3n hasta a lo menos el domingu.<\/strong> Pa esi d\u00eda, l&#8217;Aemet preve la entrada d&#8217;una umbada, que va camudar el sol peles nubes y va dexar precipitaciones d&#8217;oeste a este mientres la ma\u00f1ana. Tami\u00e9n va haber nieve. La cota va asitiase nos 1.400 metros d&#8217;altit\u00fa.<\/span><\/p>\n<p><span style=\"font-size: 20px\">Am\u00e1s de Tin\u00e9u, g\u00fcei empezaron el d\u00eda con term\u00f3metros baxo cero: L.lena y Pola de Somiedu (-2,4), Pilo\u00f1a (-2,1) y Mieres (-1,5). A los diez de la ma\u00f1ana, por casu, Mieres inda sigu\u00eda en negativu. Pela so parte, Xix\u00f3n bax\u00f3 mientres les primeres hores a los 0,6 graos baxo cero, ente que <strong>les temperatures n&#8217;Uvi\u00e9u bazcuyaron ente los 3,1 y los 0,7 graos.<\/strong> Les m\u00e1ximes pa g\u00fcei, sicas\u00ed, van siguir baxes, como n&#8217;anteriores xornaes. Esp\u00e9rense, como muncho, 14 graos de m\u00e1xima al sol en Xix\u00f3n.<\/span><\/p>\n<\/div>\n<\/div>\n<\/div>\n<\/div>\n<\/div>\n<\/div>\n<\/div>\n<\/div>\n<p>&nbsp;<\/p>\n","protected":false},"excerpt":{"rendered":"<p>Eltiempo.es\u00a0 Activaos los avisos mariellos por m\u00ednimes que pueden baxar de los -4\u00baC o -6\u00baC en 19 provincies. Noticia<\/p>\n","protected":false},"author":117,"featured_media":0,"comment_status":"open","ping_status":"open","sticky":false,"template":"","format":"standard","meta":{"footnotes":""},"categories":[5],"tags":[],"class_list":["post-40236","post","type-post","status-publish","format-standard","hentry","category-tiempu"],"_links":{"self":[{"href":"https:\/\/edublog.educastur.es\/ixuxu\/wp-json\/wp\/v2\/posts\/40236","targetHints":{"allow":["GET"]}}],"collection":[{"href":"https:\/\/edublog.educastur.es\/ixuxu\/wp-json\/wp\/v2\/posts"}],"about":[{"href":"https:\/\/edublog.educastur.es\/ixuxu\/wp-json\/wp\/v2\/types\/post"}],"author":[{"embeddable":true,"href":"https:\/\/edublog.educastur.es\/ixuxu\/wp-json\/wp\/v2\/users\/117"}],"replies":[{"embeddable":true,"href":"https:\/\/edublog.educastur.es\/ixuxu\/wp-json\/wp\/v2\/comments?post=40236"}],"version-history":[{"count":4,"href":"https:\/\/edublog.educastur.es\/ixuxu\/wp-json\/wp\/v2\/posts\/40236\/revisions"}],"predecessor-version":[{"id":40242,"href":"https:\/\/edublog.educastur.es\/ixuxu\/wp-json\/wp\/v2\/posts\/40236\/revisions\/40242"}],"wp:attachment":[{"href":"https:\/\/edublog.educastur.es\/ixuxu\/wp-json\/wp\/v2\/media?parent=40236"}],"wp:term":[{"taxonomy":"category","embeddable":true,"href":"https:\/\/edublog.educastur.es\/ixuxu\/wp-json\/wp\/v2\/categories?post=40236"},{"taxonomy":"post_tag","embeddable":true,"href":"https:\/\/edublog.educastur.es\/ixuxu\/wp-json\/wp\/v2\/tags?post=40236"}],"curies":[{"name":"wp","href":"https:\/\/api.w.org\/{rel}","templated":true}]}}