{"id":4026,"date":"2021-03-07T19:24:27","date_gmt":"2021-03-07T17:24:27","guid":{"rendered":"https:\/\/edublog.educastur.es\/ixuxu\/?p=4026"},"modified":"2021-03-07T19:52:36","modified_gmt":"2021-03-07T17:52:36","slug":"dies-especiales","status":"publish","type":"post","link":"https:\/\/edublog.educastur.es\/ixuxu\/2021\/03\/dies-especiales\/","title":{"rendered":"D\u00edes especiales"},"content":{"rendered":"<h3 style=\"text-align: center\"><img loading=\"lazy\" decoding=\"async\" class=\"alignnone \" src=\"http:\/\/llinguaviles.com\/wp-content\/uploads\/2018\/04\/Positivo_CMYK_Horizontal2-copia.png\" width=\"510\" height=\"85\" \/><\/h3>\n<h3><a href=\"http:\/\/asturnews.com\/la-estaya-de-la-llingua-programa-naviles-un-ciclu-pa-festexar-dellos-dies-especiales-del-anu\/\"><span style=\"color: #008080\"><em>La Estaya de la Llingua programa n\u2019Avil\u00e9s un ciclu pa festexar <\/em><em>dellos d\u00edes especiales del a\u00f1u.<\/em><\/span><\/a><\/h3>\n<p style=\"text-align: center\"><a href=\"http:\/\/llinguaviles.com\/wp-content\/uploads\/2021\/03\/8_marzu.jpg\"><img loading=\"lazy\" decoding=\"async\" class=\"alignnone\" src=\"http:\/\/llinguaviles.com\/wp-content\/uploads\/2021\/03\/8_marzu.jpg\" alt=\"\" width=\"519\" height=\"734\" \/><\/a><\/p>\n<p style=\"text-align: center\">\n<!-- iframe plugin v.6.0 wordpress.org\/plugins\/iframe\/ -->\n<iframe loading=\"lazy\" width=\"560\" height=\"315\" src=\"https:\/\/www.youtube.com\/embed\/gfYpGde71PE\" 0=\"\/iframe\" scrolling=\"yes\" class=\"iframe-class\" frameborder=\"0\"><\/iframe>\n<\/p>\n<ul>\n<li><a href=\"http:\/\/llinguaviles.com\/eventu\/dia-internacional-de-la-muyer\/\"><strong>8 de marzu,<\/strong> D\u00eda Internacional de la muyer<\/a><\/li>\n<li><strong>22 d\u2019abril,<\/strong> D\u00eda Internacional de la Madre Tierra<\/li>\n<li><strong>7 de mayu<\/strong>, D\u00eda de les Lletres Asturianes<\/li>\n<li><strong>5 de xunu,<\/strong> D\u00eda Mundial del Mediu Ambiente<\/li>\n<li><a href=\"http:\/\/www.llinguaviles.com\"><strong>llinguaviles.com<\/strong><\/a><\/li>\n<li><a href=\"http:\/\/www.avilescultura.com\"><strong>avilescultura.com<\/strong><\/a><\/li>\n<li>\n<div class=\"o9v6fnle cxmmr5t8 oygrvhab hcukyx3x c1et5uql ii04i59q\">\n<div dir=\"auto\">Enllaces:Fb: <a class=\"oajrlxb2 g5ia77u1 qu0x051f esr5mh6w e9989ue4 r7d6kgcz rq0escxv nhd2j8a9 nc684nl6 p7hjln8o kvgmc6g5 cxmmr5t8 oygrvhab hcukyx3x jb3vyjys rz4wbd8a qt6c0cv9 a8nywdso i1ao9s8h esuyzwwr f1sip0of lzcic4wl oo9gr5id gpro0wi8 lrazzd5p\" role=\"link\" href=\"https:\/\/www.facebook.com\/PlayPresta\/posts\/1171556063314814?__cft__[0]=AZXL2KPsQWLHtxmFtZwEeVF1Z8MoAGR9HTIApKTclHdk3cerBQYv4yU83iD0zXaYNW1zZxEcfNcGR_YkhMONGVobnd5VGDTOTkTYPcWqjWNUCVctXy30tIWqCjBzKpgqGl_5zGh5FfByyAXSHGUWDpFnY45hqKvp8PKX5gv31F2M0w&amp;__tn__=-UK-y-R\">https:\/\/www.facebook.com\/PlayPresta\/posts\/1171556063314814<\/a><\/div>\n<\/div>\n<div class=\"o9v6fnle cxmmr5t8 oygrvhab hcukyx3x c1et5uql ii04i59q\">\n<div dir=\"auto\">YouTube: <a class=\"oajrlxb2 g5ia77u1 qu0x051f esr5mh6w e9989ue4 r7d6kgcz rq0escxv nhd2j8a9 nc684nl6 p7hjln8o kvgmc6g5 cxmmr5t8 oygrvhab hcukyx3x jb3vyjys rz4wbd8a qt6c0cv9 a8nywdso i1ao9s8h esuyzwwr f1sip0of lzcic4wl py34i1dx gpro0wi8\" role=\"link\" href=\"https:\/\/youtu.be\/gfYpGde71PE?fbclid=IwAR0zaogqHBsnihg_N3Uloe8fkHC1blWTvx_BCHw8nNyhCi2jrc64ibpH6Y4\" target=\"_blank\" rel=\"nofollow noopener\">https:\/\/youtu.be\/gfYpGde71PE<\/a><\/div>\n<\/div>\n<\/li>\n<\/ul>\n<p><!--more--><\/p>\n<p class=\"caps\">El so llabor d\u2019espardimientu, normalizaci\u00f3n y afitamientu de la <a href=\"http:\/\/asturnews.com\/?s=Llingua+Asturiana\">llingua asturiana<\/a>, la <strong>Estaya de la Llingua d\u2019Avil\u00e9s<\/strong> programa un ciclu nuevu, col que festexar, con varies actividaes que se van poder siguir de forma telem\u00e1tica, cuatro de los nomaos d\u00edes especiales del a\u00f1u.<span id=\"more-60637\"><\/span><\/p>\n<p>Va entamar esti llunes, 8 de marzu, col <strong>D\u00eda Internacional de la muyer<\/strong>, dedic\u00e1u a una de les pioneres del feminismu n\u2019Am\u00e9rica Llatina, la ecuatoriana Manuela S\u00e1enz (1797-1856), que particip\u00f3 y encabez\u00f3 los movimientos emanicpadores llatinomericanos, desobedeciendo los esquemes sociales de la \u00e9poca, impuestos pola moral tradicional y el patriarc\u00e1u milenariu.<\/p>\n<p>El 22 d\u2019abril, el <strong>D\u00eda Internacional de la Madre Tierra.<\/strong> Cola activid\u00e1 preparada, podr\u00e1 conocese un poco meyor un espaciu emblem\u00e1ticu de la redolada d\u2019Avil\u00e9s, como son les dunes de L\u2019Espartal, l\u2019espaciu dunar m\u00e1s llargu d\u2019Asturies. Declar\u00e1u Monumentu Natural, ta pente la r\u00eda y Salinas, nun espaciu d\u2019unos tres quil\u00f3metros de llargo. Magar de que ye una zona mui castigada pol usu intensivu d\u2019actividaes industriales, portuaries y residenciales, calti\u00e9n una bayura especies de plantes.<\/p>\n<p>El 7 de mayu, la Estaya va festexar el <strong>D\u00eda de Les Lletres Asturianes<\/strong>. La xornada na qu\u2019Asturies fai un homenxe a la llingua asturiana, dende l\u2019a\u00f1u 1980, dientro la Selmana de les Lletres Asturianes. Autores d\u2019Avil\u00e9s y los conceyos que t\u00e1n cerca pondr\u00e1n voz a testos d\u2019escritores d\u2019Avil\u00e9s y d\u2019otres d\u00f3mines dende un sitiu emblem\u00e1ticu de la ciud\u00e1, l\u2019escenariu del Teatru Palacio Vald\u00e9s.<\/p>\n<p>Pa terminar, el 5 de xunu ye\u2019l <strong>D\u00eda Mundial del Mediu Ambiente<\/strong>, celebr\u00e1u la primer vez en 1974, pa facer pensar a la xente en tolo que sufre la natura por culpa\u00a0 nuestro, con exemplos tremendos como\u2019l furacu de la capa ozonu, la mala xesti\u00f3n de los productos qu\u00edmicos velenosos o\u2019l problema l\u2019agua nel planeta. Los \u00e1rboles m\u00e1s emblem\u00e1ticos del Parque Ferrera sedr\u00e1n el puntu de partida de l\u2019activid\u00e1.<\/p>\n<p>Les propuestes son pa tou tipu p\u00fablicu y van poder siguise nes <strong>redes sociales<\/strong> del Conceyu d\u2019Avil\u00e9s, la web de la Estaya de la Llingua <strong>llinguaviles.com<\/strong>, la revista dixital de la Fundaci\u00f3n Municipal de Cultura <strong>avilescultura.com<\/strong> y la plataforma dixital Playpresta. Van tar disponibles dende les 00.00 hores de cada d\u00eda.<\/p>\n","protected":false},"excerpt":{"rendered":"<p>La Estaya de la Llingua programa n\u2019Avil\u00e9s un ciclu pa festexar dellos d\u00edes especiales del a\u00f1u. 8 de marzu, D\u00eda Internacional de la muyer 22 d\u2019abril, D\u00eda Internacional de la Madre Tierra 7 de mayu, D\u00eda de les Lletres Asturianes 5 de xunu, D\u00eda Mundial del Mediu Ambiente llinguaviles.com avilescultura.com Enllaces:Fb: https:\/\/www.facebook.com\/PlayPresta\/posts\/1171556063314814 YouTube: https:\/\/youtu.be\/gfYpGde71PE<\/p>\n","protected":false},"author":117,"featured_media":0,"comment_status":"open","ping_status":"open","sticky":false,"template":"","format":"standard","meta":{"footnotes":""},"categories":[6],"tags":[],"class_list":["post-4026","post","type-post","status-publish","format-standard","hentry","category-dia-de"],"_links":{"self":[{"href":"https:\/\/edublog.educastur.es\/ixuxu\/wp-json\/wp\/v2\/posts\/4026","targetHints":{"allow":["GET"]}}],"collection":[{"href":"https:\/\/edublog.educastur.es\/ixuxu\/wp-json\/wp\/v2\/posts"}],"about":[{"href":"https:\/\/edublog.educastur.es\/ixuxu\/wp-json\/wp\/v2\/types\/post"}],"author":[{"embeddable":true,"href":"https:\/\/edublog.educastur.es\/ixuxu\/wp-json\/wp\/v2\/users\/117"}],"replies":[{"embeddable":true,"href":"https:\/\/edublog.educastur.es\/ixuxu\/wp-json\/wp\/v2\/comments?post=4026"}],"version-history":[{"count":4,"href":"https:\/\/edublog.educastur.es\/ixuxu\/wp-json\/wp\/v2\/posts\/4026\/revisions"}],"predecessor-version":[{"id":4045,"href":"https:\/\/edublog.educastur.es\/ixuxu\/wp-json\/wp\/v2\/posts\/4026\/revisions\/4045"}],"wp:attachment":[{"href":"https:\/\/edublog.educastur.es\/ixuxu\/wp-json\/wp\/v2\/media?parent=4026"}],"wp:term":[{"taxonomy":"category","embeddable":true,"href":"https:\/\/edublog.educastur.es\/ixuxu\/wp-json\/wp\/v2\/categories?post=4026"},{"taxonomy":"post_tag","embeddable":true,"href":"https:\/\/edublog.educastur.es\/ixuxu\/wp-json\/wp\/v2\/tags?post=4026"}],"curies":[{"name":"wp","href":"https:\/\/api.w.org\/{rel}","templated":true}]}}