{"id":40296,"date":"2025-01-17T12:51:56","date_gmt":"2025-01-17T10:51:56","guid":{"rendered":"https:\/\/edublog.educastur.es\/ixuxu\/?p=40296"},"modified":"2025-02-01T19:59:05","modified_gmt":"2025-02-01T17:59:05","slug":"40296","status":"publish","type":"post","link":"https:\/\/edublog.educastur.es\/ixuxu\/2025\/01\/40296\/","title":{"rendered":"El gaiteru m\u00e1s universal cunta les hestories de la tradici\u00f3n musical asturiana"},"content":{"rendered":"<ul>\n<li><a class=\"ft-link ft-link--decoration\" href=\"https:\/\/www.youtube.com\/watch?v=8QW3ksGndkQ\" rel=\"nofollow\"> en su canal de Youtube<\/a>\/ <a href=\"https:\/\/www.hevia.es\/\"><strong>web<\/strong> <\/a>\/ <strong><a href=\"https:\/\/www.youtube.com\/watch?v=8QW3ksGndkQ\">Bas\u00e1u en fechos reales<\/a> \/<\/strong><\/li>\n<li><a href=\"https:\/\/edublog.educastur.es\/ixuxu\/musica\/hevia\/\"><span style=\"color: #008080\"><strong><em>P\u00e1xina del blogue onde tar\u00e1n anllazaos tolos videos<\/em><\/strong><\/span><\/a><\/li>\n<\/ul>\n<p style=\"text-align: center\"><a href=\"https:\/\/estaticos-cdn.prensaiberica.es\/clip\/b1a9c017-c476-46ea-94a0-c4243cb60b8e_16-9-aspect-ratio_default_0.jpg\"><img loading=\"lazy\" decoding=\"async\" class=\"aligncenter size-large\" src=\"https:\/\/estaticos-cdn.prensaiberica.es\/clip\/b1a9c017-c476-46ea-94a0-c4243cb60b8e_16-9-aspect-ratio_default_0.jpg\" width=\"880\" height=\"495\" \/><\/a><\/p>\n<p><strong>El videoblog de Jos\u00e9 \u00c1ngel Hevia: el gaiteru m\u00e1s universal cunta les hestories de la tradici\u00f3n musical asturiana.<\/strong> El maliay\u00e9s que revolucion\u00f3 la gaita asturiana adelantra nA NUEVA ESPA\u00d1A los cap\u00edtulos de la so cr\u00f3nica personal sobro los testimonios y esperiencies que-y tresmitieron los vieyos gaiteros y los mayores\u00bb y que, anque nun tean nes partitures, <em>\u00abs\u00ed terminen sonando nesa m\u00fasica\u00bb. <\/em><a href=\"https:\/\/www.lne.es\/asturias-exterior\/2025\/01\/16\/videoblog-jose-angel-hevia-gaiteru-113434514.html\">Fonte: LNE<\/a><em><br \/>\n<\/em><\/p>\n<p><!--more--><\/p>\n<p>Jos\u00e9 \u00c1ngel Hevia, el gaiteru asturianu de mayor proyecci\u00f3n internacional, <strong>ta de celebraci\u00f3n pol 25\u00ba aniversariu de la edici\u00f3n la so y\u00e1 llexendariu discu \u201cTierra de naide\u201d<\/strong>, que-y vali\u00f3&#8217;l premiu \u201cMultiplatinum Europe Award\u201d por vender m\u00e1s de 1 mill\u00f3n de discos nun a\u00f1u.<\/p>\n<p>Hevia acaba de publicar un discu colos sos grandes \u00e9sitos y el pr\u00f3ximu d\u00eda 25, nel teatru Campoamor d&#8217;Uvi\u00e9u, va atopase&#8217;l 22 de marzu col p\u00fablicu asturianu nun conciertu que se promete memorable. Pero, am\u00e1s d&#8217;estos proyectos musicales, l&#8217;int\u00e9rprete maliay\u00e9s llanza agora un videoblog que lleva por t\u00edtulu \u201cBas\u00e1u en fechos reales\/<strong>Bas\u00e1u en fechos reales\u201d<\/strong>.<\/p>\n<p><strong> Un t\u00edtulu billing\u00fce porque n\u00e9l va alternar l&#8217;asturianu col castell\u00e1n<\/strong>. L&#8217;oxetu d&#8217;esti videoblog que va publicar na so canal de Youtube va ser tirar <em>\u201cd&#8217;esa cadena d&#8217;hestories que se van tresmitiendo de padres a f\u00edos, de g\u00fcelos a nietos\u201d.<\/em><\/p>\n<p style=\"text-align: center\">\n<!-- iframe plugin v.6.0 wordpress.org\/plugins\/iframe\/ -->\n<iframe loading=\"lazy\" width=\"100%\" height=\"387\" src=\"https:\/\/www.youtube.com\/embed\/EmgvdTnUzr8\" title=\"BASADO EN HECHOS REALES \/ BAS\u00c1U EN FECHOS REALES. Cap\u00edtulo I. Los Carbayones\" frameborder=\"0\" allow=\"accelerometer; autoplay; clipboard-write; encrypted-media; gyroscope; picture-in-picture; web-share\" referrerpolicy=\"strict-origin-when-cross-origin\" 0=\"allowfullscreen\" 1=\"\/iframe\" scrolling=\"yes\" class=\"iframe-class\"><\/iframe>\n<\/p>\n<p style=\"text-align: center\"><em><span style=\"color: #008080\">Nesti episodiu vamos encetar la hestoria de los Carbayones, agrupaci\u00f3n<br \/>\nde seis componentes, qu&#8217;amenizaben les romer\u00edes cola so m\u00fasica.<\/span><\/em><\/p>\n<p>En cada unu de los cap\u00edtulos, d&#8217;unos quince minutos de duraci\u00f3n, el gaiteru maliay\u00e9s que revolucion\u00f3&#8217;l mundu de la gaita asturiana y desamarr\u00f3 una aut\u00e9ntica renacencia del pres\u00e9u, va enfrescar aquella tradici\u00f3n oral que recibi\u00f3 de los sos mayores, va dir rellatando distintes hestories rellacionaes cola m\u00fasica tradicional asturiana. La Nueva Espa\u00f1a va adelantrar ca\u00fana d&#8217;eses entraes d&#8217;un videoblog que combina la esperiencia y el testimoniu personal d&#8217;Hevia cola <strong>recuperaci\u00f3n d&#8217;imaxes, v\u00eddeos y grabaciones sonores que y\u00e1 formen parte de la hestoria de la m\u00fasica tradicional d&#8217;Asturies.<\/strong><\/p>\n<p><strong>Cada quince d\u00edes, puntualmente, Hevia va adelantrar a los llectores del peri\u00f3dicu un cap\u00edtulu de la so personal hestoria de la tradici\u00f3n musical asturiana y de los sos protagonistes.<\/strong> Convirti\u00f3&#8217;l despachu de la so casa na sierra de Madrid nun estudiu y dende esti llugar va viaxar al pas\u00e1u pa \u201csalvar\u201d del olvidu dalgunos episodios relevantes \u201cque puede tresmitivos esti gaiteru qu&#8217;empez\u00f3 precisamente na gaita siendo un guah.e porque oy\u00f3 esi tipu d&#8217;hestories fai y\u00e1 50 a\u00f1os\u201d. Y va facelo tami\u00e9n n&#8217;asturianu. Porque <em><strong>\u201ceses histories fu\u00e9ronme trasmit\u00edes na llingua orixinal, l&#8217;asturianu\u201d.<\/strong><\/em><\/p>\n","protected":false},"excerpt":{"rendered":"<p>en su canal de Youtube\/ web \/ Bas\u00e1u en fechos reales \/ P\u00e1xina del blogue onde tar\u00e1n anllazaos tolos videos El videoblog de Jos\u00e9 \u00c1ngel Hevia: el gaiteru m\u00e1s universal cunta les hestories de la tradici\u00f3n musical asturiana. El maliay\u00e9s que revolucion\u00f3 la gaita asturiana adelantra nA NUEVA ESPA\u00d1A los cap\u00edtulos de la so cr\u00f3nica [&hellip;]<\/p>\n","protected":false},"author":117,"featured_media":0,"comment_status":"open","ping_status":"open","sticky":false,"template":"","format":"standard","meta":{"footnotes":""},"categories":[35],"tags":[],"class_list":["post-40296","post","type-post","status-publish","format-standard","hentry","category-musica"],"_links":{"self":[{"href":"https:\/\/edublog.educastur.es\/ixuxu\/wp-json\/wp\/v2\/posts\/40296","targetHints":{"allow":["GET"]}}],"collection":[{"href":"https:\/\/edublog.educastur.es\/ixuxu\/wp-json\/wp\/v2\/posts"}],"about":[{"href":"https:\/\/edublog.educastur.es\/ixuxu\/wp-json\/wp\/v2\/types\/post"}],"author":[{"embeddable":true,"href":"https:\/\/edublog.educastur.es\/ixuxu\/wp-json\/wp\/v2\/users\/117"}],"replies":[{"embeddable":true,"href":"https:\/\/edublog.educastur.es\/ixuxu\/wp-json\/wp\/v2\/comments?post=40296"}],"version-history":[{"count":7,"href":"https:\/\/edublog.educastur.es\/ixuxu\/wp-json\/wp\/v2\/posts\/40296\/revisions"}],"predecessor-version":[{"id":41282,"href":"https:\/\/edublog.educastur.es\/ixuxu\/wp-json\/wp\/v2\/posts\/40296\/revisions\/41282"}],"wp:attachment":[{"href":"https:\/\/edublog.educastur.es\/ixuxu\/wp-json\/wp\/v2\/media?parent=40296"}],"wp:term":[{"taxonomy":"category","embeddable":true,"href":"https:\/\/edublog.educastur.es\/ixuxu\/wp-json\/wp\/v2\/categories?post=40296"},{"taxonomy":"post_tag","embeddable":true,"href":"https:\/\/edublog.educastur.es\/ixuxu\/wp-json\/wp\/v2\/tags?post=40296"}],"curies":[{"name":"wp","href":"https:\/\/api.w.org\/{rel}","templated":true}]}}