{"id":40322,"date":"2025-01-18T12:20:16","date_gmt":"2025-01-18T10:20:16","guid":{"rendered":"https:\/\/edublog.educastur.es\/ixuxu\/?p=40322"},"modified":"2025-01-19T13:24:58","modified_gmt":"2025-01-19T11:24:58","slug":"la-universida-llaboral-de-xixon-camin-de-patrimoniu-mundial","status":"publish","type":"post","link":"https:\/\/edublog.educastur.es\/ixuxu\/2025\/01\/la-universida-llaboral-de-xixon-camin-de-patrimoniu-mundial\/","title":{"rendered":"La Universid\u00e1 Llaboral de\u00a0Xix\u00f3n, cam\u00edn de convertise en Patrimoniu Mundial"},"content":{"rendered":"<p style=\"text-align: center\">\n<!-- iframe plugin v.6.0 wordpress.org\/plugins\/iframe\/ -->\n<iframe loading=\"lazy\" src=\"https:\/\/www.instagram.com\/reel\/DE7j9_isXQt\/embed\" width=\"460\" height=\"660\" 0=\"\/iframe\" scrolling=\"yes\" class=\"iframe-class\" frameborder=\"0\"><\/iframe>\n<\/p>\n<ul>\n<li>El Gobiernu d&#8217;Asturies llogra que la Universid\u00e1 Llaboral de <a class=\"x1i10hfl xjbqb8w x1ejq31n xd10rxx x1sy0etr x17r0tee x972fbf xcfux6l x1qhh985 xm0m39n x9f619 x1ypdohk xt0psk2 xe8uvvx xdj266r x11i5rnm xat24cr x1mh8g0r xexx8yu x4uap5 x18d9i69 xkhd6sd x16tdsg8 x1hl2dhg xggy1nq x1a2a7pz _aa9_ _a6hd\" role=\"link\" href=\"https:\/\/www.instagram.com\/explore\/tags\/xix%C3%B3n\/\">#Xix\u00f3n<\/a>\u00a0entre na<strong> Llista Indicativa del Ministeriu de Cultura<\/strong>, un pasu clave pa la so declaraci\u00f3n como <strong><span style=\"color: #003366\">Patrimoniu Mundial<\/span><\/strong><\/li>\n<li>Esti avance foi posible gracies a la defensa realizada pol Princip\u00e1u na xunta del Conseyu de Patrimoniu Hist\u00f3ricu Espa\u00f1ol celebrada g\u00fcei en Murcia na que particip\u00f3&#8217;l director xeneral Pablo Le\u00f3n.<\/li>\n<\/ul>\n<p><!--more--><\/p>\n<p>La Universid\u00e1 Llaboral de Xix\u00f3n ye l&#8217;edificiu civil m\u00e1s grande construy\u00edu n&#8217;Espa\u00f1a nel sieglu XX. Construy\u00edu ente 1948 y 1957, funcion\u00f3 como escuela taller de formaci\u00f3n profesional hasta 1979. Nes sos aules auni\u00e9ronse numberoses disciplines y t\u00e9cniques art\u00edstiques como l&#8217;arquitectura, la pintura mural, el mosaicu, la vidrera o la xardiner\u00eda.<\/p>\n<p style=\"text-align: center\">\n<p>Cola llegada de la democracia, l&#8217;edificiu sigui\u00f3&#8217;l so usu educativu y nes dos primeres d\u00e9cades del sieglu XXI, la recuperaci\u00f3n del complexu pa nuevos usos, como contenedor cultural y educativu y como nodo d&#8217;un \u00e1rea d&#8217;industries tecnol\u00f3xiques, supunxo un importante exemplu de puesta en valor, resignificaci\u00f3n y recuperaci\u00f3n d&#8217;esti patrimoniu arquitect\u00f3nicu.<\/p>\n<p style=\"text-align: center\"><a href=\"https:\/\/as2.ftcdn.net\/jpg\/05\/49\/96\/19\/1000_F_549961968_CtXtEXWtHhOaqV2bZm5zpSblDdPUeE0R.jpg\"><img loading=\"lazy\" decoding=\"async\" class=\"aligncenter size-large\" src=\"https:\/\/as2.ftcdn.net\/jpg\/05\/49\/96\/19\/1000_F_549961968_CtXtEXWtHhOaqV2bZm5zpSblDdPUeE0R.jpg\" width=\"1000\" height=\"1000\" \/><\/a><\/p>\n","protected":false},"excerpt":{"rendered":"<p>El Gobiernu d&#8217;Asturies llogra que la Universid\u00e1 Llaboral de #Xix\u00f3n\u00a0entre na Llista Indicativa del Ministeriu de Cultura, un pasu clave pa la so declaraci\u00f3n como Patrimoniu Mundial Esti avance foi posible gracies a la defensa realizada pol Princip\u00e1u na xunta del Conseyu de Patrimoniu Hist\u00f3ricu Espa\u00f1ol celebrada g\u00fcei en Murcia na que particip\u00f3&#8217;l director xeneral [&hellip;]<\/p>\n","protected":false},"author":117,"featured_media":0,"comment_status":"open","ping_status":"open","sticky":false,"template":"","format":"standard","meta":{"footnotes":""},"categories":[388],"tags":[],"class_list":["post-40322","post","type-post","status-publish","format-standard","hentry","category-patrimoniu-de-la-humanida"],"_links":{"self":[{"href":"https:\/\/edublog.educastur.es\/ixuxu\/wp-json\/wp\/v2\/posts\/40322","targetHints":{"allow":["GET"]}}],"collection":[{"href":"https:\/\/edublog.educastur.es\/ixuxu\/wp-json\/wp\/v2\/posts"}],"about":[{"href":"https:\/\/edublog.educastur.es\/ixuxu\/wp-json\/wp\/v2\/types\/post"}],"author":[{"embeddable":true,"href":"https:\/\/edublog.educastur.es\/ixuxu\/wp-json\/wp\/v2\/users\/117"}],"replies":[{"embeddable":true,"href":"https:\/\/edublog.educastur.es\/ixuxu\/wp-json\/wp\/v2\/comments?post=40322"}],"version-history":[{"count":7,"href":"https:\/\/edublog.educastur.es\/ixuxu\/wp-json\/wp\/v2\/posts\/40322\/revisions"}],"predecessor-version":[{"id":40359,"href":"https:\/\/edublog.educastur.es\/ixuxu\/wp-json\/wp\/v2\/posts\/40322\/revisions\/40359"}],"wp:attachment":[{"href":"https:\/\/edublog.educastur.es\/ixuxu\/wp-json\/wp\/v2\/media?parent=40322"}],"wp:term":[{"taxonomy":"category","embeddable":true,"href":"https:\/\/edublog.educastur.es\/ixuxu\/wp-json\/wp\/v2\/categories?post=40322"},{"taxonomy":"post_tag","embeddable":true,"href":"https:\/\/edublog.educastur.es\/ixuxu\/wp-json\/wp\/v2\/tags?post=40322"}],"curies":[{"name":"wp","href":"https:\/\/api.w.org\/{rel}","templated":true}]}}