{"id":40332,"date":"2025-01-19T08:15:45","date_gmt":"2025-01-19T06:15:45","guid":{"rendered":"https:\/\/edublog.educastur.es\/ixuxu\/?p=40332"},"modified":"2025-01-19T12:17:27","modified_gmt":"2025-01-19T10:17:27","slug":"estau-del-tiempu-domingu-19-de-xineru-2025","status":"publish","type":"post","link":"https:\/\/edublog.educastur.es\/ixuxu\/2025\/01\/estau-del-tiempu-domingu-19-de-xineru-2025\/","title":{"rendered":"Est\u00e1u del tiempu: domingu 19 de xineru 2025"},"content":{"rendered":"<div class=\"html-div xdj266r x11i5rnm xat24cr x1mh8g0r xexx8yu x4uap5 x18d9i69 xkhd6sd\">\n<div class=\"html-div xdj266r x11i5rnm x1mh8g0r x18d9i69 x1cy8zhl x78zum5 x1q0g3np xod5an3 xz9dl7a x1ye3gou xn6708d\">\n<div class=\"html-div xdj266r x11i5rnm xat24cr x1mh8g0r xexx8yu x4uap5 x18d9i69 xkhd6sd x1iyjqo2\">\n<div class=\"x78zum5 xdt5ytf xz62fqu x16ldp7u\">\n<div class=\"xu06os2 x1ok221b\">\n<div class=\"html-div xdj266r x11i5rnm xat24cr x1mh8g0r xexx8yu x4uap5 x18d9i69 xkhd6sd\" data-ad-rendering-role=\"profile_name\">\n<ul>\n<li id=\":R5alqllajaillkqismipapd5aq:\" class=\"html-h2 x11i5rnm xat24cr x1mh8g0r xexx8yu x4uap5 x18d9i69 xkhd6sd x1vvkbs x1heor9g x1qlqyl8 x1pd3egz x1a2a7pz x1gslohp x1yc453h\"><span class=\"xt0psk2\"><a class=\"x1i10hfl xjbqb8w x1ejq31n xd10rxx x1sy0etr x17r0tee x972fbf xcfux6l x1qhh985 xm0m39n x9f619 x1ypdohk xt0psk2 xe8uvvx xdj266r x11i5rnm xat24cr x1mh8g0r xexx8yu x4uap5 x18d9i69 xkhd6sd x16tdsg8 x1hl2dhg xggy1nq x1a2a7pz x1sur9pj xkrqix3 xzsf02u x1s688f\" role=\"link\" href=\"https:\/\/www.facebook.com\/eltiempuenasturies?__cft__[0]=AZWNzeGmetly2hKcQKPu-4-3dm2-Fy6e008mNqsU5BfkhH1FJDxivHzmAETin_aiv5tvZCVxTKd8iroJXuL_M-adYkaNST1kdvdbXUbLGFZJ5ZKQxsxqhwq_ky03Bp5gwyoGnZYrwwVtYdsyObB5LzjDm2URnDVWPttwrnE3FcPdyEpC_O2G9AyqsQX4J6cak3Q&amp;__tn__=-UC%2CP-R\" aria-describedby=\":R1djl6el3qllajaillkqismipapd5aq:\"><strong class=\"html-strong xdj266r x11i5rnm xat24cr x1mh8g0r xexx8yu x4uap5 x18d9i69 xkhd6sd x1hl2dhg x16tdsg8 x1vvkbs x1s688f\"><span class=\"html-span xdj266r x11i5rnm xat24cr x1mh8g0r xexx8yu x4uap5 x18d9i69 xkhd6sd x1hl2dhg x16tdsg8 x1vvkbs\">El Tiempu n&#8217;Asturies.<\/span><\/strong><\/a><\/span><\/li>\n<\/ul>\n<\/div>\n<\/div>\n<div class=\"xu06os2 x1ok221b\"><\/div>\n<\/div>\n<\/div>\n<\/div>\n<\/div>\n<div class=\"html-div xdj266r x11i5rnm xat24cr x1mh8g0r xexx8yu x4uap5 x18d9i69 xkhd6sd\">\n<div class=\"html-div xdj266r x11i5rnm xat24cr x1mh8g0r xexx8yu x4uap5 x18d9i69 xkhd6sd\" dir=\"auto\">\n<div class=\"html-div xdj266r x11i5rnm xat24cr x1mh8g0r xexx8yu x4uap5 x18d9i69 xkhd6sd\" data-ad-rendering-role=\"story_message\">\n<div id=\":R5alqllajaillkqismipapd5aqH2:\" class=\"x1l90r2v x1iorvi4 x1ye3gou xn6708d\" data-ad-comet-preview=\"message\" data-ad-preview=\"message\">\n<div class=\"x78zum5 xdt5ytf xz62fqu x16ldp7u\">\n<div class=\"xu06os2 x1ok221b\">\n<div class=\"x11i5rnm xat24cr x1mh8g0r x1vvkbs xtlvy1s x126k92a\">\n<div dir=\"auto\" style=\"text-align: center\"><span style=\"font-size: 24px;color: #008080\"><strong><em>\u00abAl escurecer llega la nieve al sur de la cordelera\u00bb<\/em><\/strong><\/span><\/div>\n<div dir=\"auto\"><\/div>\n<\/div>\n<div class=\"x11i5rnm xat24cr x1mh8g0r x1vvkbs xtlvy1s x126k92a\">\n<ul>\n<li dir=\"auto\"><strong><span style=\"color: #008080\">Alborecemos<\/span><\/strong> col cielu poco nuboso o escampl\u00e1u, sicas\u00ed y\u00e1 tan entrando delles nubes per l&#8217;ocidente con unes temperatures que tan alrodiu de los 0\u00baC, rexistr\u00e1ndose nel puirtu Payares -2,1\u00baC.<\/li>\n<\/ul>\n<\/div>\n<div class=\"x11i5rnm xat24cr x1mh8g0r x1vvkbs xtlvy1s x126k92a\">\n<ul>\n<li dir=\"auto\"><strong><span style=\"color: #008080\">G\u00fcei<\/span> <\/strong>se va colar un frente seliquinamente, sin malpenes vientu, removiendo mui poco l&#8217;atm\u00f3sfera faciendo que se caltenga l&#8217;aire fr\u00edu m\u00e1s pes\u00e1u que quedo atrap\u00e1u estos d\u00edes no fonderu los valles colo qu&#8217;al atapecer, seg\u00fan se valla deslizando, va dir dexando precipitaciones de nieve, sobre too al sur de la cordelera, dende Lli\u00f3n hasta la divisoria con Asturies y\u00e1 que vien con vientu sur como decimos mui seliquinamente. Nel restu tendremos precipitaciones al soo pasu, alrodiu de les ocho la nueche con una cota de nieve al sur de la divisoria ente los 800-900m, rondando al norte los 1300m. La xente que tenga que tornar si pue qu&#8217;adelante&#8217;l viaxe porque pue complicase abondu&#8217;l pasu pela cordelera.<\/li>\n<\/ul>\n<p><!--more--><\/p>\n<\/div>\n<div class=\"x11i5rnm xat24cr x1mh8g0r x1vvkbs xtlvy1s x126k92a\">\n<ul>\n<li dir=\"auto\"><strong><span style=\"color: #008080\">El llunes<\/span><\/strong> alboreceremos con escasa nubosid\u00e1 y tov\u00eda xelando nes zones m\u00e1s favoretibles. Durante&#8217;l d\u00eda dir\u00e1n aumentando les nubes pero sin m\u00e1s consecuencies con unes temperatures baxes que caltendr\u00e1n un ambiente ivernal.<\/li>\n<\/ul>\n<\/div>\n<div class=\"x11i5rnm xat24cr x1mh8g0r x1vvkbs xtlvy1s x126k92a\">\n<ul>\n<li dir=\"auto\"><strong><span style=\"color: #008080\">Nun sedr\u00e1 hasta&#8217;l martes<\/span><\/strong> a partir del mediud\u00eda cuando temple&#8217;l tiempu y suban les temperatures col cielu nuboso y dalguna gotera pela tarde.<\/li>\n<\/ul>\n<\/div>\n<div class=\"x11i5rnm xat24cr x1mh8g0r x1vvkbs xtlvy1s x126k92a\">\n<ul>\n<li dir=\"auto\"><strong><span style=\"color: #008080\">El mi\u00e9rcoles<\/span><\/strong> la llegada d&#8217;una borrasca atl\u00e1ntica va dexanos precipitaciones pela tarde, dalgo de vientu y dalguna nevada feble en cumbres de la cordelera con unes temperatures n&#8217;ascensu.<\/li>\n<\/ul>\n<\/div>\n<\/div>\n<\/div>\n<\/div>\n<\/div>\n<\/div>\n<\/div>\n<p>&nbsp;<\/p>\n","protected":false},"excerpt":{"rendered":"<p>El Tiempu n&#8217;Asturies. \u00abAl escurecer llega la nieve al sur de la cordelera\u00bb Alborecemos col cielu poco nuboso o escampl\u00e1u, sicas\u00ed y\u00e1 tan entrando delles nubes per l&#8217;ocidente con unes temperatures que tan alrodiu de los 0\u00baC, rexistr\u00e1ndose nel puirtu Payares -2,1\u00baC. G\u00fcei se va colar un frente seliquinamente, sin malpenes vientu, removiendo mui poco [&hellip;]<\/p>\n","protected":false},"author":117,"featured_media":0,"comment_status":"open","ping_status":"open","sticky":false,"template":"","format":"standard","meta":{"footnotes":""},"categories":[5],"tags":[],"class_list":["post-40332","post","type-post","status-publish","format-standard","hentry","category-tiempu"],"_links":{"self":[{"href":"https:\/\/edublog.educastur.es\/ixuxu\/wp-json\/wp\/v2\/posts\/40332","targetHints":{"allow":["GET"]}}],"collection":[{"href":"https:\/\/edublog.educastur.es\/ixuxu\/wp-json\/wp\/v2\/posts"}],"about":[{"href":"https:\/\/edublog.educastur.es\/ixuxu\/wp-json\/wp\/v2\/types\/post"}],"author":[{"embeddable":true,"href":"https:\/\/edublog.educastur.es\/ixuxu\/wp-json\/wp\/v2\/users\/117"}],"replies":[{"embeddable":true,"href":"https:\/\/edublog.educastur.es\/ixuxu\/wp-json\/wp\/v2\/comments?post=40332"}],"version-history":[{"count":1,"href":"https:\/\/edublog.educastur.es\/ixuxu\/wp-json\/wp\/v2\/posts\/40332\/revisions"}],"predecessor-version":[{"id":40333,"href":"https:\/\/edublog.educastur.es\/ixuxu\/wp-json\/wp\/v2\/posts\/40332\/revisions\/40333"}],"wp:attachment":[{"href":"https:\/\/edublog.educastur.es\/ixuxu\/wp-json\/wp\/v2\/media?parent=40332"}],"wp:term":[{"taxonomy":"category","embeddable":true,"href":"https:\/\/edublog.educastur.es\/ixuxu\/wp-json\/wp\/v2\/categories?post=40332"},{"taxonomy":"post_tag","embeddable":true,"href":"https:\/\/edublog.educastur.es\/ixuxu\/wp-json\/wp\/v2\/tags?post=40332"}],"curies":[{"name":"wp","href":"https:\/\/api.w.org\/{rel}","templated":true}]}}